{"id":28900,"date":"2018-11-01T10:18:56","date_gmt":"2018-11-01T13:18:56","guid":{"rendered":"http:\/\/blogdoeloiltoncajuhy.com.br\/site\/?p=28900"},"modified":"2018-11-01T10:18:56","modified_gmt":"2018-11-01T13:18:56","slug":"governo-decreta-lei-estadual-que-cria-dia-de-enfrentamento-a-violencia-contra-a-mulher-na-bahia","status":"publish","type":"post","link":"https:\/\/blogdoeloiltoncajuhy.com.br\/site\/governo-decreta-lei-estadual-que-cria-dia-de-enfrentamento-a-violencia-contra-a-mulher-na-bahia\/","title":{"rendered":"Governo decreta lei estadual que cria &#8216;Dia de Enfrentamento \u00e0 Viol\u00eancia Contra a Mulher&#8217; na Bahia"},"content":{"rendered":"<h5 style=\"text-align: center;\"><em>Data escolhida foi 13 de novembro. Poder p\u00fablico deve promover eventos e atividades para combater os tipos de viol\u00eancia<\/em><\/h5>\n<p><a href=\"https:\/\/i0.wp.com\/blogdoeloiltoncajuhy.com.br\/site\/wp-content\/uploads\/2018\/11\/lei-mulher_1.jpg\"><img data-recalc-dims=\"1\" fetchpriority=\"high\" decoding=\"async\" class=\"aligncenter wp-image-28901\" src=\"https:\/\/i0.wp.com\/blogdoeloiltoncajuhy.com.br\/site\/wp-content\/uploads\/2018\/11\/lei-mulher_1.jpg?resize=500%2C286\" alt=\"\" width=\"500\" height=\"286\" srcset=\"https:\/\/i0.wp.com\/blogdoeloiltoncajuhy.com.br\/site\/wp-content\/uploads\/2018\/11\/lei-mulher_1.jpg?w=334&amp;ssl=1 334w, https:\/\/i0.wp.com\/blogdoeloiltoncajuhy.com.br\/site\/wp-content\/uploads\/2018\/11\/lei-mulher_1.jpg?resize=300%2C172&amp;ssl=1 300w, https:\/\/i0.wp.com\/blogdoeloiltoncajuhy.com.br\/site\/wp-content\/uploads\/2018\/11\/lei-mulher_1.jpg?resize=250%2C143&amp;ssl=1 250w\" sizes=\"(max-width: 500px) 100vw, 500px\" \/><\/a>O governador Rui Costa decretou uma lei estadual que institui o dia 13 de novembro como <em><strong>&#8220;Dia Estadual de Enfrentamento \u00e0 Viol\u00eancia Contra a Mulher na Bahia&#8221;<\/strong><\/em>. A lei foi sancionada na ter\u00e7a-feira (30) e publicada no Di\u00e1rio Oficial do estado nesta quarta (31).<\/p>\n<p>No decreto, ficou definido que viol\u00eancia contra a mulher \u00e9 qualquer ato ou conduta baseado no g\u00eanero, que cause morte, dano ou sofrimento f\u00edsico, sexual, patrimonial ou psicol\u00f3gico \u00e0 mulher. A lei contempla tamb\u00e9m casos que aconte\u00e7am na esfera p\u00fablica ou privada.<\/p>\n<p>Ainda na publica\u00e7\u00e3o, consta que, no Dia Estadual de Enfrentamento \u00e0 Viol\u00eancia Contra a Mulher, o poder p\u00fablico estadual deve promover eventos e atividades de cunho educacional e cultural, que ter\u00e3o por tema o combate a todo tipo de viol\u00eancia contra mulher.<\/p>\n<figure id=\"attachment_28902\" aria-describedby=\"caption-attachment-28902\" style=\"width: 984px\" class=\"wp-caption aligncenter\"><a href=\"https:\/\/i0.wp.com\/blogdoeloiltoncajuhy.com.br\/site\/wp-content\/uploads\/2018\/11\/lei-mulher_2.jpg\"><img data-recalc-dims=\"1\" decoding=\"async\" class=\"wp-image-28902 size-full\" src=\"https:\/\/i0.wp.com\/blogdoeloiltoncajuhy.com.br\/site\/wp-content\/uploads\/2018\/11\/lei-mulher_2.jpg?resize=800%2C501\" alt=\"\" width=\"800\" height=\"501\" srcset=\"https:\/\/i0.wp.com\/blogdoeloiltoncajuhy.com.br\/site\/wp-content\/uploads\/2018\/11\/lei-mulher_2.jpg?w=984&amp;ssl=1 984w, https:\/\/i0.wp.com\/blogdoeloiltoncajuhy.com.br\/site\/wp-content\/uploads\/2018\/11\/lei-mulher_2.jpg?resize=300%2C188&amp;ssl=1 300w, https:\/\/i0.wp.com\/blogdoeloiltoncajuhy.com.br\/site\/wp-content\/uploads\/2018\/11\/lei-mulher_2.jpg?resize=768%2C481&amp;ssl=1 768w, https:\/\/i0.wp.com\/blogdoeloiltoncajuhy.com.br\/site\/wp-content\/uploads\/2018\/11\/lei-mulher_2.jpg?resize=250%2C157&amp;ssl=1 250w\" sizes=\"(max-width: 800px) 100vw, 800px\" \/><\/a><figcaption id=\"caption-attachment-28902\" class=\"wp-caption-text\">Publica\u00e7\u00e3o est\u00e1 dispon\u00edvel no Di\u00e1rio Oficial do estado, nesta quarta-feira (31) \u2014 Foto: Reprodu\u00e7\u00e3o\/Di\u00e1rio Oficial do Estado da Bahia<\/figcaption><\/figure>\n<p><em><strong>*G1 BA<\/strong><\/em><\/p>\n","protected":false},"excerpt":{"rendered":"<p>Data escolhida foi 13 de novembro. Poder p\u00fablico deve promover eventos e atividades para combater os tipos de viol\u00eancia O governador Rui Costa decretou uma lei estadual que institui o dia 13 de novembro como &#8220;Dia Estadual de Enfrentamento \u00e0 Viol\u00eancia Contra a Mulher na Bahia&#8221;. A lei foi sancionada na ter\u00e7a-feira (30) e publicada [&hellip;]<\/p>\n","protected":false},"author":2,"featured_media":28902,"comment_status":"open","ping_status":"open","sticky":false,"template":"","format":"standard","meta":{"_acf_changed":false,"_monsterinsights_skip_tracking":false,"_monsterinsights_sitenote_active":false,"_monsterinsights_sitenote_note":"","_monsterinsights_sitenote_category":0,"_jetpack_memberships_contains_paid_content":false,"footnotes":"","jetpack_publicize_message":"","jetpack_publicize_feature_enabled":true,"jetpack_social_post_already_shared":true,"jetpack_social_options":{"image_generator_settings":{"template":"highway","default_image_id":0,"font":"","enabled":false},"version":2}},"categories":[5,1,3],"tags":[],"class_list":["post-28900","post","type-post","status-publish","format-standard","has-post-thumbnail","hentry","category-cotidiano","category-noticias","category-politica"],"acf":[],"jetpack_publicize_connections":[],"jetpack_featured_media_url":"https:\/\/i0.wp.com\/blogdoeloiltoncajuhy.com.br\/site\/wp-content\/uploads\/2018\/11\/lei-mulher_2.jpg?fit=984%2C616&ssl=1","jetpack_sharing_enabled":true,"publishpress_future_workflow_manual_trigger":{"enabledWorkflows":[]},"_links":{"self":[{"href":"https:\/\/blogdoeloiltoncajuhy.com.br\/site\/wp-json\/wp\/v2\/posts\/28900","targetHints":{"allow":["GET"]}}],"collection":[{"href":"https:\/\/blogdoeloiltoncajuhy.com.br\/site\/wp-json\/wp\/v2\/posts"}],"about":[{"href":"https:\/\/blogdoeloiltoncajuhy.com.br\/site\/wp-json\/wp\/v2\/types\/post"}],"author":[{"embeddable":true,"href":"https:\/\/blogdoeloiltoncajuhy.com.br\/site\/wp-json\/wp\/v2\/users\/2"}],"replies":[{"embeddable":true,"href":"https:\/\/blogdoeloiltoncajuhy.com.br\/site\/wp-json\/wp\/v2\/comments?post=28900"}],"version-history":[{"count":1,"href":"https:\/\/blogdoeloiltoncajuhy.com.br\/site\/wp-json\/wp\/v2\/posts\/28900\/revisions"}],"predecessor-version":[{"id":28903,"href":"https:\/\/blogdoeloiltoncajuhy.com.br\/site\/wp-json\/wp\/v2\/posts\/28900\/revisions\/28903"}],"wp:featuredmedia":[{"embeddable":true,"href":"https:\/\/blogdoeloiltoncajuhy.com.br\/site\/wp-json\/wp\/v2\/media\/28902"}],"wp:attachment":[{"href":"https:\/\/blogdoeloiltoncajuhy.com.br\/site\/wp-json\/wp\/v2\/media?parent=28900"}],"wp:term":[{"taxonomy":"category","embeddable":true,"href":"https:\/\/blogdoeloiltoncajuhy.com.br\/site\/wp-json\/wp\/v2\/categories?post=28900"},{"taxonomy":"post_tag","embeddable":true,"href":"https:\/\/blogdoeloiltoncajuhy.com.br\/site\/wp-json\/wp\/v2\/tags?post=28900"}],"curies":[{"name":"wp","href":"https:\/\/api.w.org\/{rel}","templated":true}]}}