{"id":28896,"date":"2018-11-01T09:29:29","date_gmt":"2018-11-01T12:29:29","guid":{"rendered":"http:\/\/blogdoeloiltoncajuhy.com.br\/site\/?p=28896"},"modified":"2018-11-01T09:29:29","modified_gmt":"2018-11-01T12:29:29","slug":"comunidade-catolica-do-bairro-da-pera-celebra-sua-padroeira","status":"publish","type":"post","link":"https:\/\/blogdoeloiltoncajuhy.com.br\/site\/comunidade-catolica-do-bairro-da-pera-celebra-sua-padroeira\/","title":{"rendered":"Comunidade cat\u00f3lica do Bairro da Pera celebra sua padroeira"},"content":{"rendered":"<p><a href=\"https:\/\/i0.wp.com\/blogdoeloiltoncajuhy.com.br\/site\/wp-content\/uploads\/2018\/11\/FestaNossaSenhoraGra%C3%A7as-2018_capa.jpg\"><img data-recalc-dims=\"1\" fetchpriority=\"high\" decoding=\"async\" class=\"aligncenter wp-image-28898\" src=\"https:\/\/i0.wp.com\/blogdoeloiltoncajuhy.com.br\/site\/wp-content\/uploads\/2018\/11\/FestaNossaSenhoraGra%C3%A7as-2018_capa.jpg?resize=316%2C450\" alt=\"\" width=\"316\" height=\"450\" srcset=\"https:\/\/i0.wp.com\/blogdoeloiltoncajuhy.com.br\/site\/wp-content\/uploads\/2018\/11\/FestaNossaSenhoraGra%C3%A7as-2018_capa.jpg?w=562&amp;ssl=1 562w, https:\/\/i0.wp.com\/blogdoeloiltoncajuhy.com.br\/site\/wp-content\/uploads\/2018\/11\/FestaNossaSenhoraGra%C3%A7as-2018_capa.jpg?resize=211%2C300&amp;ssl=1 211w, https:\/\/i0.wp.com\/blogdoeloiltoncajuhy.com.br\/site\/wp-content\/uploads\/2018\/11\/FestaNossaSenhoraGra%C3%A7as-2018_capa.jpg?resize=176%2C250&amp;ssl=1 176w\" sizes=\"(max-width: 316px) 100vw, 316px\" \/><\/a>Come\u00e7ou nesta quarta-feira, 31 de outubro, as festividades solenes da Festa de Nossa Senhora das Gra\u00e7as, padroeira do Bairro da Pera, em Senhor do Bonfim. A abertura contou com a reza do ter\u00e7o e missa solene presidida pelo Padre Robson Miranda.<\/p>\n<p>Com o tema: <em><strong>&#8220;Com Maria queremos ser o sal da terra e luz do mundo&#8221;<\/strong><\/em>, a programa\u00e7\u00e3o segue nesta quinta-feira, 1\u00ba de novembro o in\u00edcio do Tr\u00edduo. Pela manh\u00e3, houve Caminhada Penitencial.<\/p>\n<p><strong>Confira a programa\u00e7\u00e3o completa de hoje, dia 1\u00ba:<\/strong><\/p>\n<p><a href=\"https:\/\/i0.wp.com\/blogdoeloiltoncajuhy.com.br\/site\/wp-content\/uploads\/2018\/11\/FestaNossaSenhoraGra%C3%A7as-2018_1.jpg\"><img data-recalc-dims=\"1\" decoding=\"async\" class=\"aligncenter size-full wp-image-28897\" src=\"https:\/\/i0.wp.com\/blogdoeloiltoncajuhy.com.br\/site\/wp-content\/uploads\/2018\/11\/FestaNossaSenhoraGra%C3%A7as-2018_1.jpg?resize=800%2C662\" alt=\"\" width=\"800\" height=\"662\" srcset=\"https:\/\/i0.wp.com\/blogdoeloiltoncajuhy.com.br\/site\/wp-content\/uploads\/2018\/11\/FestaNossaSenhoraGra%C3%A7as-2018_1.jpg?w=800&amp;ssl=1 800w, https:\/\/i0.wp.com\/blogdoeloiltoncajuhy.com.br\/site\/wp-content\/uploads\/2018\/11\/FestaNossaSenhoraGra%C3%A7as-2018_1.jpg?resize=300%2C248&amp;ssl=1 300w, https:\/\/i0.wp.com\/blogdoeloiltoncajuhy.com.br\/site\/wp-content\/uploads\/2018\/11\/FestaNossaSenhoraGra%C3%A7as-2018_1.jpg?resize=768%2C636&amp;ssl=1 768w, https:\/\/i0.wp.com\/blogdoeloiltoncajuhy.com.br\/site\/wp-content\/uploads\/2018\/11\/FestaNossaSenhoraGra%C3%A7as-2018_1.jpg?resize=250%2C207&amp;ssl=1 250w\" sizes=\"(max-width: 800px) 100vw, 800px\" \/><\/a><\/p>\n<p><strong>*BLOG DO ELOILTON CAJUHY<\/strong><\/p>\n","protected":false},"excerpt":{"rendered":"<p>Come\u00e7ou nesta quarta-feira, 31 de outubro, as festividades solenes da Festa de Nossa Senhora das Gra\u00e7as, padroeira do Bairro da Pera, em Senhor do Bonfim. A abertura contou com a reza do ter\u00e7o e missa solene presidida pelo Padre Robson Miranda. Com o tema: &#8220;Com Maria queremos ser o sal da terra e luz do [&hellip;]<\/p>\n","protected":false},"author":2,"featured_media":28898,"comment_status":"open","ping_status":"open","sticky":false,"template":"","format":"standard","meta":{"_acf_changed":false,"_monsterinsights_skip_tracking":false,"_monsterinsights_sitenote_active":false,"_monsterinsights_sitenote_note":"","_monsterinsights_sitenote_category":0,"_jetpack_memberships_contains_paid_content":false,"footnotes":"","jetpack_publicize_message":"","jetpack_publicize_feature_enabled":true,"jetpack_social_post_already_shared":true,"jetpack_social_options":{"image_generator_settings":{"template":"highway","default_image_id":0,"font":"","enabled":false},"version":2}},"categories":[1,4],"tags":[],"class_list":["post-28896","post","type-post","status-publish","format-standard","has-post-thumbnail","hentry","category-noticias","category-local"],"acf":[],"jetpack_publicize_connections":[],"jetpack_featured_media_url":"https:\/\/i0.wp.com\/blogdoeloiltoncajuhy.com.br\/site\/wp-content\/uploads\/2018\/11\/FestaNossaSenhoraGra%C3%A7as-2018_capa.jpg?fit=562%2C800&ssl=1","jetpack_sharing_enabled":true,"publishpress_future_workflow_manual_trigger":{"enabledWorkflows":[]},"_links":{"self":[{"href":"https:\/\/blogdoeloiltoncajuhy.com.br\/site\/wp-json\/wp\/v2\/posts\/28896","targetHints":{"allow":["GET"]}}],"collection":[{"href":"https:\/\/blogdoeloiltoncajuhy.com.br\/site\/wp-json\/wp\/v2\/posts"}],"about":[{"href":"https:\/\/blogdoeloiltoncajuhy.com.br\/site\/wp-json\/wp\/v2\/types\/post"}],"author":[{"embeddable":true,"href":"https:\/\/blogdoeloiltoncajuhy.com.br\/site\/wp-json\/wp\/v2\/users\/2"}],"replies":[{"embeddable":true,"href":"https:\/\/blogdoeloiltoncajuhy.com.br\/site\/wp-json\/wp\/v2\/comments?post=28896"}],"version-history":[{"count":1,"href":"https:\/\/blogdoeloiltoncajuhy.com.br\/site\/wp-json\/wp\/v2\/posts\/28896\/revisions"}],"predecessor-version":[{"id":28899,"href":"https:\/\/blogdoeloiltoncajuhy.com.br\/site\/wp-json\/wp\/v2\/posts\/28896\/revisions\/28899"}],"wp:featuredmedia":[{"embeddable":true,"href":"https:\/\/blogdoeloiltoncajuhy.com.br\/site\/wp-json\/wp\/v2\/media\/28898"}],"wp:attachment":[{"href":"https:\/\/blogdoeloiltoncajuhy.com.br\/site\/wp-json\/wp\/v2\/media?parent=28896"}],"wp:term":[{"taxonomy":"category","embeddable":true,"href":"https:\/\/blogdoeloiltoncajuhy.com.br\/site\/wp-json\/wp\/v2\/categories?post=28896"},{"taxonomy":"post_tag","embeddable":true,"href":"https:\/\/blogdoeloiltoncajuhy.com.br\/site\/wp-json\/wp\/v2\/tags?post=28896"}],"curies":[{"name":"wp","href":"https:\/\/api.w.org\/{rel}","templated":true}]}}