{"id":28892,"date":"2018-11-01T07:52:08","date_gmt":"2018-11-01T10:52:08","guid":{"rendered":"http:\/\/blogdoeloiltoncajuhy.com.br\/site\/?p=28892"},"modified":"2018-11-01T07:52:08","modified_gmt":"2018-11-01T10:52:08","slug":"transito-compartilhado-prf-promove-mais-uma-edicao-do-projeto-em-senhor-do-bonfim","status":"publish","type":"post","link":"https:\/\/blogdoeloiltoncajuhy.com.br\/site\/transito-compartilhado-prf-promove-mais-uma-edicao-do-projeto-em-senhor-do-bonfim\/","title":{"rendered":"Tr\u00e2nsito Compartilhado: PRF promove mais uma edi\u00e7\u00e3o do projeto em Senhor do Bonfim"},"content":{"rendered":"<h5 style=\"text-align: center;\"><em>O Tr\u00e2nsito Compartilhado, projeto de autoria da PRF, \u00e9 fomentado por pol\u00edticas p\u00fablicas junto \u00e0s prefeituras e c\u00e2maras de vereadores e tamb\u00e9m integra as a\u00e7\u00f5es da Semana Municipal de Tr\u00e2nsito, que j\u00e1 ocorre nos munic\u00edpios baianos de Capim Grosso, Jequi\u00e9 e Alagoinhas. Al\u00e9m de ajudar a melhorar e organizar o tr\u00e2nsito, o projeto conscientiza a sociedade atrav\u00e9s de a\u00e7\u00f5es educativas e operacionais<\/em><\/h5>\n<p><a href=\"https:\/\/i0.wp.com\/blogdoeloiltoncajuhy.com.br\/site\/wp-content\/uploads\/2018\/11\/PRF_transito-compartilhado_01.jpg\"><img data-recalc-dims=\"1\" fetchpriority=\"high\" decoding=\"async\" class=\"aligncenter size-full wp-image-28893\" src=\"https:\/\/i0.wp.com\/blogdoeloiltoncajuhy.com.br\/site\/wp-content\/uploads\/2018\/11\/PRF_transito-compartilhado_01.jpg?resize=800%2C445\" alt=\"\" width=\"800\" height=\"445\" srcset=\"https:\/\/i0.wp.com\/blogdoeloiltoncajuhy.com.br\/site\/wp-content\/uploads\/2018\/11\/PRF_transito-compartilhado_01.jpg?w=800&amp;ssl=1 800w, https:\/\/i0.wp.com\/blogdoeloiltoncajuhy.com.br\/site\/wp-content\/uploads\/2018\/11\/PRF_transito-compartilhado_01.jpg?resize=300%2C167&amp;ssl=1 300w, https:\/\/i0.wp.com\/blogdoeloiltoncajuhy.com.br\/site\/wp-content\/uploads\/2018\/11\/PRF_transito-compartilhado_01.jpg?resize=768%2C427&amp;ssl=1 768w, https:\/\/i0.wp.com\/blogdoeloiltoncajuhy.com.br\/site\/wp-content\/uploads\/2018\/11\/PRF_transito-compartilhado_01.jpg?resize=250%2C139&amp;ssl=1 250w\" sizes=\"(max-width: 800px) 100vw, 800px\" \/><\/a>A Superintend\u00eancia de Pol\u00edcia Rodovi\u00e1ria Federal (PRF) iniciou na manh\u00e3 da \u00faltima ter\u00e7a-feira, 30 de outubro, mais uma edi\u00e7\u00e3o do Projeto Tr\u00e2nsito Compartilhado. Desta vez, as a\u00e7\u00f5es s\u00e3o promovidas no munic\u00edpio de Senhor do Bonfim, e se estendem at\u00e9 hoje, 1\u00ba de novembro.<\/p>\n<p>Al\u00e9m da PRF, participam do evento a Pol\u00edcia Militar (PM), a 27\u00ba Circunscri\u00e7\u00e3o Regional de Tr\u00e2nsito (CIRETRAN), as Secretarias de Administra\u00e7\u00e3o, de Educa\u00e7\u00e3o, Sa\u00fade, A\u00e7\u00e3o Social, o Servi\u00e7o de Atendimento M\u00f3vel de Urg\u00eancia (SAMU) e o Departamento Municipal de Tr\u00e2nsito e Transportes \u2013 (DMTRANS). Entidades locais como o Sinditaxi e a Atrac Bonfim, tamb\u00e9m apoiam o evento.<\/p>\n<p><a href=\"https:\/\/i0.wp.com\/blogdoeloiltoncajuhy.com.br\/site\/wp-content\/uploads\/2018\/11\/PRF_transito-compartilhado_02.jpg\"><img data-recalc-dims=\"1\" decoding=\"async\" class=\"aligncenter wp-image-28894\" src=\"https:\/\/i0.wp.com\/blogdoeloiltoncajuhy.com.br\/site\/wp-content\/uploads\/2018\/11\/PRF_transito-compartilhado_02.jpg?resize=450%2C338\" alt=\"\" width=\"450\" height=\"338\" srcset=\"https:\/\/i0.wp.com\/blogdoeloiltoncajuhy.com.br\/site\/wp-content\/uploads\/2018\/11\/PRF_transito-compartilhado_02.jpg?w=768&amp;ssl=1 768w, https:\/\/i0.wp.com\/blogdoeloiltoncajuhy.com.br\/site\/wp-content\/uploads\/2018\/11\/PRF_transito-compartilhado_02.jpg?resize=300%2C225&amp;ssl=1 300w, https:\/\/i0.wp.com\/blogdoeloiltoncajuhy.com.br\/site\/wp-content\/uploads\/2018\/11\/PRF_transito-compartilhado_02.jpg?resize=250%2C188&amp;ssl=1 250w\" sizes=\"(max-width: 450px) 100vw, 450px\" \/><\/a>As atividades realizadas, visam apresentar a\u00e7\u00f5es educativas e orientadoras, tendo como foco a dire\u00e7\u00e3o segura, a fiscaliza\u00e7\u00e3o ao excesso de velocidade, a alcoolemia ao volante, ultrapassagens proibidas, dentre outros.\u00a0O objetivo central do projeto \u00e9 conscientizar a popula\u00e7\u00e3o sobre a import\u00e2ncia da dire\u00e7\u00e3o defensiva e do respeito \u00e0s leis de tr\u00e2nsito.<\/p>\n<p>Neste ano, o Tr\u00e2nsito Compartilhado conta com uma importante novidade: a participa\u00e7\u00e3o de PRFs aposentados da regional. Com a iniciativa, de autoria do Superintendente Virg\u00edlio de Paula Tourinho, esses profissionais inativos podem compartilhar nas palestras suas valorosas experi\u00eancias obtidas ao longo de anos, quando atuavam nas rodovias federais da Bahia.<\/p>\n<p><em><strong>*Ag\u00eancia \/ PRF<\/strong><\/em><\/p>\n","protected":false},"excerpt":{"rendered":"<p>O Tr\u00e2nsito Compartilhado, projeto de autoria da PRF, \u00e9 fomentado por pol\u00edticas p\u00fablicas junto \u00e0s prefeituras e c\u00e2maras de vereadores e tamb\u00e9m integra as a\u00e7\u00f5es da Semana Municipal de Tr\u00e2nsito, que j\u00e1 ocorre nos munic\u00edpios baianos de Capim Grosso, Jequi\u00e9 e Alagoinhas. Al\u00e9m de ajudar a melhorar e organizar o tr\u00e2nsito, o projeto conscientiza a [&hellip;]<\/p>\n","protected":false},"author":2,"featured_media":28894,"comment_status":"open","ping_status":"open","sticky":false,"template":"","format":"standard","meta":{"_acf_changed":false,"_monsterinsights_skip_tracking":false,"_monsterinsights_sitenote_active":false,"_monsterinsights_sitenote_note":"","_monsterinsights_sitenote_category":0,"_jetpack_memberships_contains_paid_content":false,"footnotes":"","jetpack_publicize_message":"","jetpack_publicize_feature_enabled":true,"jetpack_social_post_already_shared":true,"jetpack_social_options":{"image_generator_settings":{"template":"highway","default_image_id":0,"font":"","enabled":false},"version":2}},"categories":[5,1,4],"tags":[],"class_list":["post-28892","post","type-post","status-publish","format-standard","has-post-thumbnail","hentry","category-cotidiano","category-noticias","category-local"],"acf":[],"jetpack_publicize_connections":[],"jetpack_featured_media_url":"https:\/\/i0.wp.com\/blogdoeloiltoncajuhy.com.br\/site\/wp-content\/uploads\/2018\/11\/PRF_transito-compartilhado_02.jpg?fit=768%2C576&ssl=1","jetpack_sharing_enabled":true,"publishpress_future_workflow_manual_trigger":{"enabledWorkflows":[]},"_links":{"self":[{"href":"https:\/\/blogdoeloiltoncajuhy.com.br\/site\/wp-json\/wp\/v2\/posts\/28892","targetHints":{"allow":["GET"]}}],"collection":[{"href":"https:\/\/blogdoeloiltoncajuhy.com.br\/site\/wp-json\/wp\/v2\/posts"}],"about":[{"href":"https:\/\/blogdoeloiltoncajuhy.com.br\/site\/wp-json\/wp\/v2\/types\/post"}],"author":[{"embeddable":true,"href":"https:\/\/blogdoeloiltoncajuhy.com.br\/site\/wp-json\/wp\/v2\/users\/2"}],"replies":[{"embeddable":true,"href":"https:\/\/blogdoeloiltoncajuhy.com.br\/site\/wp-json\/wp\/v2\/comments?post=28892"}],"version-history":[{"count":1,"href":"https:\/\/blogdoeloiltoncajuhy.com.br\/site\/wp-json\/wp\/v2\/posts\/28892\/revisions"}],"predecessor-version":[{"id":28895,"href":"https:\/\/blogdoeloiltoncajuhy.com.br\/site\/wp-json\/wp\/v2\/posts\/28892\/revisions\/28895"}],"wp:featuredmedia":[{"embeddable":true,"href":"https:\/\/blogdoeloiltoncajuhy.com.br\/site\/wp-json\/wp\/v2\/media\/28894"}],"wp:attachment":[{"href":"https:\/\/blogdoeloiltoncajuhy.com.br\/site\/wp-json\/wp\/v2\/media?parent=28892"}],"wp:term":[{"taxonomy":"category","embeddable":true,"href":"https:\/\/blogdoeloiltoncajuhy.com.br\/site\/wp-json\/wp\/v2\/categories?post=28892"},{"taxonomy":"post_tag","embeddable":true,"href":"https:\/\/blogdoeloiltoncajuhy.com.br\/site\/wp-json\/wp\/v2\/tags?post=28892"}],"curies":[{"name":"wp","href":"https:\/\/api.w.org\/{rel}","templated":true}]}}