{"id":28889,"date":"2018-11-01T00:09:18","date_gmt":"2018-11-01T03:09:18","guid":{"rendered":"http:\/\/blogdoeloiltoncajuhy.com.br\/site\/?p=28889"},"modified":"2018-11-01T00:09:18","modified_gmt":"2018-11-01T03:09:18","slug":"esportes-bahia-devolve-placar-mas-perde-nos-penaltis-e-deixa-a-sul-americana","status":"publish","type":"post","link":"https:\/\/blogdoeloiltoncajuhy.com.br\/site\/esportes-bahia-devolve-placar-mas-perde-nos-penaltis-e-deixa-a-sul-americana\/","title":{"rendered":"ESPORTES: Bahia devolve placar, mas perde nos p\u00eanaltis e deixa a Sul-Americana"},"content":{"rendered":"<figure id=\"attachment_28890\" aria-describedby=\"caption-attachment-28890\" style=\"width: 480px\" class=\"wp-caption aligncenter\"><a href=\"https:\/\/i0.wp.com\/blogdoeloiltoncajuhy.com.br\/site\/wp-content\/uploads\/2018\/11\/At-PrBah_sula.jpg\"><img data-recalc-dims=\"1\" fetchpriority=\"high\" decoding=\"async\" class=\"wp-image-28890\" src=\"https:\/\/i0.wp.com\/blogdoeloiltoncajuhy.com.br\/site\/wp-content\/uploads\/2018\/11\/At-PrBah_sula.jpg?resize=480%2C354\" alt=\"\" width=\"480\" height=\"354\" srcset=\"https:\/\/i0.wp.com\/blogdoeloiltoncajuhy.com.br\/site\/wp-content\/uploads\/2018\/11\/At-PrBah_sula.jpg?w=380&amp;ssl=1 380w, https:\/\/i0.wp.com\/blogdoeloiltoncajuhy.com.br\/site\/wp-content\/uploads\/2018\/11\/At-PrBah_sula.jpg?resize=300%2C221&amp;ssl=1 300w, https:\/\/i0.wp.com\/blogdoeloiltoncajuhy.com.br\/site\/wp-content\/uploads\/2018\/11\/At-PrBah_sula.jpg?resize=250%2C184&amp;ssl=1 250w\" sizes=\"(max-width: 480px) 100vw, 480px\" \/><\/a><figcaption id=\"caption-attachment-28890\" class=\"wp-caption-text\">Foto: Folhapress<\/figcaption><\/figure>\n<p>Na disputa de p\u00eanaltis, o Bahia foi derrotado pelo Atl\u00e9tico-PR por 4 a 1 e est\u00e1 fora da Copa Sul-Americana. No tempo normal, a equipe devolveu o placar de 1 a 0 sofrido no primeiro jogo com um gol marcado pelo zagueiro Douglas Grolli, mas acabou vendo Vin\u00edcius e Z\u00e9 Rafael perdendo os p\u00eanaltis na decis\u00e3o.<\/p>\n<p>Agora, o foco do time \u00e9 o Brasileir\u00e3o. A equipe volta a jogar no pr\u00f3ximo domingo (4), contra a Chapecoense, na Arena Fonte Nova.<\/p>\n<p><strong>O JOGO<\/strong><\/p>\n<p>Com o apoio da torcida, que encheu a Arena da Baixada, o Atl\u00e9tico-PR chegou assustando logo no in\u00edcio. De fora da \u00e1rea, Pablo aproveitou sobra na entrada da \u00e1rea e finalizou por cima da meta. Aos oito minutos, o mesmo Pablo bateu falta de muito longe e obrigou o goleiro Douglas a defender em dois tempos.<\/p>\n<p><strong>Bahia marca, mas juiz anula<\/strong><\/p>\n<p>Aos 16 minutos, Z\u00e9 Rafael dividiu com L\u00e9o Pereira, a bola sobrou com Brumado, que chutou ao gol e a rede foi balan\u00e7ada. Mas a arbitragem acusou falta na jogada anterior.<\/p>\n<p>Com 33 minutos, o Atl\u00e9tico-PR assustou, em cobran\u00e7a de falta. Raphael Veiga cobrou rasteiro, a bola passou por todo mundo e quase parou no gol defendido por Douglas. Tr\u00eas minutos depois, o mesmo Veiga recebeu cruzamento primoroso na grande \u00e1rea, mas ele errou na finaliza\u00e7\u00e3o e causou suspiros na defesa tricolor.<\/p>\n<p>O Esquadr\u00e3o de A\u00e7o causou perigo aos 37, quando Nilton raspou cobran\u00e7a de lateral, a bola sobrou com Z\u00e9 Rafael que ajeitou para L\u00e9o, que finalizou para defesa do goleiro Santos.<\/p>\n<p>Aos 40 minutos, em jogada de contra-ataque, Pablo avan\u00e7ou com muita liberdade, invadiu a grande \u00e1rea e ajeitou para Marcelo Cirino, que chutou ao gol e viu Lucas Fonseca bloquear a bola de carrinho.<\/p>\n<p><strong>Grolli abre o placar<\/strong><\/p>\n<p>Antes do fim do primeiro tempo, o Esquadr\u00e3o marcou o primeiro gol. Ap\u00f3s cobran\u00e7a de lateral na grande \u00e1rea, Nilton ganhou na dividida, bateu desajeitado ao gol e Douglas Grolli empurrou para a rede.<\/p>\n<p><strong>Segundo tempo<\/strong><\/p>\n<p>Em desvantagem no placar, o Atl\u00e9tico saiu em busca de retomar a vantagem. Aos nove minutos, Jonathan cruzou para a \u00e1rea, Nik\u00e3o tenta de voleio, mas a bola foi para fora. Aos 18 minutos, Raphael Veiga recebeu na intermedi\u00e1ria e chutou firme, mas Douglas fez a defesa.<\/p>\n<p>A press\u00e3o do Furac\u00e3o continuou aos 20 minutos, quando Renan Lodi cruzou na \u00e1rea e Pablo desviou para fora. Um minuto depois, Pablo recebeu toque de cabe\u00e7a na entrada da \u00e1rea e chutou por cima do gol.<\/p>\n<p>Aos 34 minutos, o Bahia tentou com Edigar Junio, que recebeu, avan\u00e7ou em velocidade, mas pegou mal na bola, que passou ao lado da meta. Sete minutos depois, Pablo cobrou falta pr\u00f3xima, que passou ao lado.<\/p>\n<p><strong>P\u00caNALTIS<\/strong><\/p>\n<p>Na disputa de p\u00eanaltis, o Atl\u00e9tico-PR venceu. Vin\u00edcius e Z\u00e9 Rafael perderam p\u00eanaltis para o Bahia, enquanto Edigar converteu. Mas Jonathan, Raphael Veiga, Lucho e Pablo marcarem os gols na marca da cal.<\/p>\n<p><strong>FICHA T\u00c9CNICA<\/strong><br \/>\n<strong>Atl\u00e9tico-PR 0 (4) x (1) 1 Bahia<\/strong><br \/>\n<strong>Copa Sul-Americana &#8211; Quartas de final (2\u00ba jogo)<\/strong><br \/>\n<strong>Local:<\/strong> Arena da Baixada, em Curitiba<br \/>\n<strong>Data:<\/strong> 31\/10\/2018<br \/>\n<strong>Hor\u00e1rio:<\/strong> 21h45<br \/>\n<strong>\u00c1rbitro:<\/strong> Diego Haro (PER)<br \/>\n<strong>Assistentes:<\/strong> Jonny Bossio e Coty Carrera (ambos do Peru)<br \/>\n<strong>\u00c1rbitro de v\u00eddeo:<\/strong> Jes\u00fas Valenzuela (VEN), auxiliado por Alexis Herrera (VEN) e Juan Belatti (ARG)<\/p>\n<p><strong>Cart\u00f5es amarelos:<\/strong> Renan Lodi, Bruno Guimar\u00e3es (Atl\u00e9tico-PR) \/ L\u00e9o, Vin\u00edcius, Elber, Z\u00e9 Rafael (Bahia)<\/p>\n<p><strong>Gol:<\/strong> Douglas Grolli (Bahia)<\/p>\n<p><strong>Atl\u00e9tico-PR:<\/strong> Santos; Jonathan, Paulo Andr\u00e9, L\u00e9o Pereira, Renan Lodi; Wellington (Bruno Guimar\u00e3es), Lucho Gonz\u00e1lez, Raphael Veiga; Nik\u00e3o (Bergson), Marcelo (Rony) e Pablo. <strong>T\u00e9cnico:<\/strong> Tiago Nunes.<\/p>\n<p><strong>Bahia:<\/strong> Douglas; Nino Para\u00edba, Douglas Grolli, Lucas Fonseca e L\u00e9o; Elton (Gregore), Nilton e Fl\u00e1vio; Z\u00e9 Rafael, Elber (Vin\u00edcius) e J\u00fanior Brumado (Edigar Junio). <strong>T\u00e9cnico:<\/strong> Enderson Moreira.<\/p>\n<p><em><strong>*Bahia Not\u00edcias<\/strong><\/em><\/p>\n","protected":false},"excerpt":{"rendered":"<p>Na disputa de p\u00eanaltis, o Bahia foi derrotado pelo Atl\u00e9tico-PR por 4 a 1 e est\u00e1 fora da Copa Sul-Americana. No tempo normal, a equipe devolveu o placar de 1 a 0 sofrido no primeiro jogo com um gol marcado pelo zagueiro Douglas Grolli, mas acabou vendo Vin\u00edcius e Z\u00e9 Rafael perdendo os p\u00eanaltis na [&hellip;]<\/p>\n","protected":false},"author":2,"featured_media":28890,"comment_status":"open","ping_status":"open","sticky":false,"template":"","format":"standard","meta":{"_acf_changed":false,"_monsterinsights_skip_tracking":false,"_monsterinsights_sitenote_active":false,"_monsterinsights_sitenote_note":"","_monsterinsights_sitenote_category":0,"_jetpack_memberships_contains_paid_content":false,"footnotes":"","jetpack_publicize_message":"","jetpack_publicize_feature_enabled":true,"jetpack_social_post_already_shared":true,"jetpack_social_options":{"image_generator_settings":{"template":"highway","default_image_id":0,"font":"","enabled":false},"version":2}},"categories":[6,1],"tags":[],"class_list":["post-28889","post","type-post","status-publish","format-standard","has-post-thumbnail","hentry","category-esportes","category-noticias"],"acf":[],"jetpack_publicize_connections":[],"jetpack_featured_media_url":"https:\/\/i0.wp.com\/blogdoeloiltoncajuhy.com.br\/site\/wp-content\/uploads\/2018\/11\/At-PrBah_sula.jpg?fit=380%2C280&ssl=1","jetpack_sharing_enabled":true,"publishpress_future_workflow_manual_trigger":{"enabledWorkflows":[]},"_links":{"self":[{"href":"https:\/\/blogdoeloiltoncajuhy.com.br\/site\/wp-json\/wp\/v2\/posts\/28889","targetHints":{"allow":["GET"]}}],"collection":[{"href":"https:\/\/blogdoeloiltoncajuhy.com.br\/site\/wp-json\/wp\/v2\/posts"}],"about":[{"href":"https:\/\/blogdoeloiltoncajuhy.com.br\/site\/wp-json\/wp\/v2\/types\/post"}],"author":[{"embeddable":true,"href":"https:\/\/blogdoeloiltoncajuhy.com.br\/site\/wp-json\/wp\/v2\/users\/2"}],"replies":[{"embeddable":true,"href":"https:\/\/blogdoeloiltoncajuhy.com.br\/site\/wp-json\/wp\/v2\/comments?post=28889"}],"version-history":[{"count":1,"href":"https:\/\/blogdoeloiltoncajuhy.com.br\/site\/wp-json\/wp\/v2\/posts\/28889\/revisions"}],"predecessor-version":[{"id":28891,"href":"https:\/\/blogdoeloiltoncajuhy.com.br\/site\/wp-json\/wp\/v2\/posts\/28889\/revisions\/28891"}],"wp:featuredmedia":[{"embeddable":true,"href":"https:\/\/blogdoeloiltoncajuhy.com.br\/site\/wp-json\/wp\/v2\/media\/28890"}],"wp:attachment":[{"href":"https:\/\/blogdoeloiltoncajuhy.com.br\/site\/wp-json\/wp\/v2\/media?parent=28889"}],"wp:term":[{"taxonomy":"category","embeddable":true,"href":"https:\/\/blogdoeloiltoncajuhy.com.br\/site\/wp-json\/wp\/v2\/categories?post=28889"},{"taxonomy":"post_tag","embeddable":true,"href":"https:\/\/blogdoeloiltoncajuhy.com.br\/site\/wp-json\/wp\/v2\/tags?post=28889"}],"curies":[{"name":"wp","href":"https:\/\/api.w.org\/{rel}","templated":true}]}}