{"id":28884,"date":"2018-10-31T19:42:03","date_gmt":"2018-10-31T22:42:03","guid":{"rendered":"http:\/\/blogdoeloiltoncajuhy.com.br\/site\/?p=28884"},"modified":"2018-10-31T19:42:03","modified_gmt":"2018-10-31T22:42:03","slug":"obras-de-requalificacao-avancam-na-futura-praca-cercidio-porcino-no-largo-do-cemiterio-de-sao-marcos","status":"publish","type":"post","link":"https:\/\/blogdoeloiltoncajuhy.com.br\/site\/obras-de-requalificacao-avancam-na-futura-praca-cercidio-porcino-no-largo-do-cemiterio-de-sao-marcos\/","title":{"rendered":"Obras de requalifica\u00e7\u00e3o avan\u00e7am na futura Pra\u00e7a Cerc\u00eddio Porcino, no Largo do Cemit\u00e9rio de S\u00e3o Marcos"},"content":{"rendered":"<p><a href=\"https:\/\/i0.wp.com\/blogdoeloiltoncajuhy.com.br\/site\/wp-content\/uploads\/2018\/10\/praca-alto-cemiterio.jpg\"><img data-recalc-dims=\"1\" fetchpriority=\"high\" decoding=\"async\" class=\"aligncenter wp-image-28885\" src=\"https:\/\/i0.wp.com\/blogdoeloiltoncajuhy.com.br\/site\/wp-content\/uploads\/2018\/10\/praca-alto-cemiterio.jpg?resize=460%2C460\" alt=\"\" width=\"460\" height=\"460\" srcset=\"https:\/\/i0.wp.com\/blogdoeloiltoncajuhy.com.br\/site\/wp-content\/uploads\/2018\/10\/praca-alto-cemiterio.jpg?w=864&amp;ssl=1 864w, https:\/\/i0.wp.com\/blogdoeloiltoncajuhy.com.br\/site\/wp-content\/uploads\/2018\/10\/praca-alto-cemiterio.jpg?resize=150%2C150&amp;ssl=1 150w, https:\/\/i0.wp.com\/blogdoeloiltoncajuhy.com.br\/site\/wp-content\/uploads\/2018\/10\/praca-alto-cemiterio.jpg?resize=300%2C300&amp;ssl=1 300w, https:\/\/i0.wp.com\/blogdoeloiltoncajuhy.com.br\/site\/wp-content\/uploads\/2018\/10\/praca-alto-cemiterio.jpg?resize=768%2C768&amp;ssl=1 768w, https:\/\/i0.wp.com\/blogdoeloiltoncajuhy.com.br\/site\/wp-content\/uploads\/2018\/10\/praca-alto-cemiterio.jpg?resize=250%2C250&amp;ssl=1 250w, https:\/\/i0.wp.com\/blogdoeloiltoncajuhy.com.br\/site\/wp-content\/uploads\/2018\/10\/praca-alto-cemiterio.jpg?resize=48%2C48&amp;ssl=1 48w\" sizes=\"(max-width: 460px) 100vw, 460px\" \/><\/a>Supervisionada pela secretaria de Infraestrutura do munic\u00edpio de Senhor do Bonfim, a obra est\u00e1 sendo realizada pela empresa L.R.S Engenharia e Construtora &#8211; vencedora da licita\u00e7\u00e3o.<\/p>\n<p>O equipamento p\u00fablico deve receber cal\u00e7ada com piso de cer\u00e2mica, arboriza\u00e7\u00e3o e jardinagem, al\u00e9m de duas torres de luzes e conjuntos de cadeiras e mesas com tabuleiros para jogos.<\/p>\n<p>Em homenagem a um antigo morador, o espa\u00e7o que fica no Largo do Cemit\u00e9rio de S\u00e3o Marcos, na Rua Euclides da Cunha, dever\u00e1 ser chamado de Pra\u00e7a Cerc\u00eddio Porcino da Silva (In memoriam).<\/p>\n<p>A obra \u00e9 uma solicita\u00e7\u00e3o do vereador Cleiton Viera e conta com recursos na ordem de R$ 34.760,56. A previs\u00e3o \u00e9 que a pra\u00e7a fique pronta at\u00e9 o final do ano.<\/p>\n<p>O projeto faz parte do pacote de obras anunciadas pelo prefeito Carlos Brasileiro que supera mais de R$ 200 milh\u00f5es de investimentos no munic\u00edpio.<\/p>\n<p><em><strong>*ASCOM &#8211; Prefeitura Municipal de Senhor do Bonfim &#8211; BA<\/strong><\/em><\/p>\n","protected":false},"excerpt":{"rendered":"<p>Supervisionada pela secretaria de Infraestrutura do munic\u00edpio de Senhor do Bonfim, a obra est\u00e1 sendo realizada pela empresa L.R.S Engenharia e Construtora &#8211; vencedora da licita\u00e7\u00e3o. O equipamento p\u00fablico deve receber cal\u00e7ada com piso de cer\u00e2mica, arboriza\u00e7\u00e3o e jardinagem, al\u00e9m de duas torres de luzes e conjuntos de cadeiras e mesas com tabuleiros para jogos. [&hellip;]<\/p>\n","protected":false},"author":2,"featured_media":28885,"comment_status":"open","ping_status":"open","sticky":false,"template":"","format":"standard","meta":{"_acf_changed":false,"_monsterinsights_skip_tracking":false,"_monsterinsights_sitenote_active":false,"_monsterinsights_sitenote_note":"","_monsterinsights_sitenote_category":0,"_jetpack_memberships_contains_paid_content":false,"footnotes":"","jetpack_publicize_message":"","jetpack_publicize_feature_enabled":true,"jetpack_social_post_already_shared":true,"jetpack_social_options":{"image_generator_settings":{"template":"highway","default_image_id":0,"font":"","enabled":false},"version":2}},"categories":[1,3,4],"tags":[],"class_list":["post-28884","post","type-post","status-publish","format-standard","has-post-thumbnail","hentry","category-noticias","category-politica","category-local"],"acf":[],"jetpack_publicize_connections":[],"jetpack_featured_media_url":"https:\/\/i0.wp.com\/blogdoeloiltoncajuhy.com.br\/site\/wp-content\/uploads\/2018\/10\/praca-alto-cemiterio.jpg?fit=864%2C864&ssl=1","jetpack_sharing_enabled":true,"publishpress_future_workflow_manual_trigger":{"enabledWorkflows":[]},"_links":{"self":[{"href":"https:\/\/blogdoeloiltoncajuhy.com.br\/site\/wp-json\/wp\/v2\/posts\/28884","targetHints":{"allow":["GET"]}}],"collection":[{"href":"https:\/\/blogdoeloiltoncajuhy.com.br\/site\/wp-json\/wp\/v2\/posts"}],"about":[{"href":"https:\/\/blogdoeloiltoncajuhy.com.br\/site\/wp-json\/wp\/v2\/types\/post"}],"author":[{"embeddable":true,"href":"https:\/\/blogdoeloiltoncajuhy.com.br\/site\/wp-json\/wp\/v2\/users\/2"}],"replies":[{"embeddable":true,"href":"https:\/\/blogdoeloiltoncajuhy.com.br\/site\/wp-json\/wp\/v2\/comments?post=28884"}],"version-history":[{"count":1,"href":"https:\/\/blogdoeloiltoncajuhy.com.br\/site\/wp-json\/wp\/v2\/posts\/28884\/revisions"}],"predecessor-version":[{"id":28886,"href":"https:\/\/blogdoeloiltoncajuhy.com.br\/site\/wp-json\/wp\/v2\/posts\/28884\/revisions\/28886"}],"wp:featuredmedia":[{"embeddable":true,"href":"https:\/\/blogdoeloiltoncajuhy.com.br\/site\/wp-json\/wp\/v2\/media\/28885"}],"wp:attachment":[{"href":"https:\/\/blogdoeloiltoncajuhy.com.br\/site\/wp-json\/wp\/v2\/media?parent=28884"}],"wp:term":[{"taxonomy":"category","embeddable":true,"href":"https:\/\/blogdoeloiltoncajuhy.com.br\/site\/wp-json\/wp\/v2\/categories?post=28884"},{"taxonomy":"post_tag","embeddable":true,"href":"https:\/\/blogdoeloiltoncajuhy.com.br\/site\/wp-json\/wp\/v2\/tags?post=28884"}],"curies":[{"name":"wp","href":"https:\/\/api.w.org\/{rel}","templated":true}]}}