{"id":28875,"date":"2018-10-31T19:18:24","date_gmt":"2018-10-31T22:18:24","guid":{"rendered":"http:\/\/blogdoeloiltoncajuhy.com.br\/site\/?p=28875"},"modified":"2018-10-31T19:18:24","modified_gmt":"2018-10-31T22:18:24","slug":"i-semana-municipal-de-seguranca-no-transito-acontece-em-senhor-do-bonfim","status":"publish","type":"post","link":"https:\/\/blogdoeloiltoncajuhy.com.br\/site\/i-semana-municipal-de-seguranca-no-transito-acontece-em-senhor-do-bonfim\/","title":{"rendered":"I Semana Municipal de Seguran\u00e7a no Transito acontece em Senhor do Bonfim"},"content":{"rendered":"<p><a href=\"https:\/\/i0.wp.com\/blogdoeloiltoncajuhy.com.br\/site\/wp-content\/uploads\/2018\/10\/transito.jpg\"><img data-recalc-dims=\"1\" fetchpriority=\"high\" decoding=\"async\" class=\"aligncenter size-full wp-image-28876\" src=\"https:\/\/i0.wp.com\/blogdoeloiltoncajuhy.com.br\/site\/wp-content\/uploads\/2018\/10\/transito.jpg?resize=800%2C533\" alt=\"\" width=\"800\" height=\"533\" srcset=\"https:\/\/i0.wp.com\/blogdoeloiltoncajuhy.com.br\/site\/wp-content\/uploads\/2018\/10\/transito.jpg?w=960&amp;ssl=1 960w, https:\/\/i0.wp.com\/blogdoeloiltoncajuhy.com.br\/site\/wp-content\/uploads\/2018\/10\/transito.jpg?resize=300%2C200&amp;ssl=1 300w, https:\/\/i0.wp.com\/blogdoeloiltoncajuhy.com.br\/site\/wp-content\/uploads\/2018\/10\/transito.jpg?resize=768%2C512&amp;ssl=1 768w, https:\/\/i0.wp.com\/blogdoeloiltoncajuhy.com.br\/site\/wp-content\/uploads\/2018\/10\/transito.jpg?resize=250%2C167&amp;ssl=1 250w\" sizes=\"(max-width: 800px) 100vw, 800px\" \/><\/a>Com objetivo de promover o melhoramento do tr\u00e2nsito, por meio de conscientiza\u00e7\u00e3o e educa\u00e7\u00e3o, teve in\u00edcio nesta ter\u00e7a-feira (30) e segue at\u00e9 o dia 1\u00ba de novembro, a I Semana Municipal de Seguran\u00e7a no Transito de Senhor do Bonfim.<\/p>\n<p>A solenidade de abertura aconteceu na Pra\u00e7a Nova do Congresso, ao som da Filarm\u00f4nica do 6\u00ba Batalh\u00e3o da Policia Militar. A programa\u00e7\u00e3o se encerra com uma audi\u00eancia p\u00fablica na noite de quinta-feira, 1\u00ba de novembro, na C\u00e2mara de Vereadores.<\/p>\n<p>Durante o evento, acontece diversas atividades, como blitz educativas no centro da cidade, palestras no Col\u00e9gio Sacramentinas, Pra\u00e7a Nova e na comunidade de Tijua\u00e7u, al\u00e9m de bate papo e cinema educativo no \u00f4nibus multimiss\u00e3o da Policia Rodovi\u00e1ria Federal (PRF).<\/p>\n<p>A semana foi institu\u00edda no calend\u00e1rio municipal, por meio da lei n\u00ba 1449\/2018, do vereador Reinaldo Santana (R\u00ea do Sindicato) e sancionada pelo prefeito Carlos Brasileiro, em junho deste ano.<\/p>\n<p>O munic\u00edpio de Senhor do Bonfim foi o s\u00e9timo da Bahia a instituir a Semana Municipal de Seguran\u00e7a no Transito. O evento \u00e9 coordenado pelo Departamento Municipal de Transito (Dmtrans) e conta com apoio da Policia Rodovi\u00e1ria Federal, Policia Rodovi\u00e1ria Estadual, Detran, Denit, Rotary Club, Lions Club, Corpo de Bombeiros, Guarda Municipal, Pol\u00edcia Militar, SAMU, SIT-Bahia, Associa\u00e7\u00e3o dos Transportes Alternativos Complementares de Senhor do Bonfim, Cooperativa do Rodovi\u00e1rios Aut\u00f4nomos da Micro e Macrorregi\u00e3o de Senhor do Bonfim, Associa\u00e7\u00e3o de Moto T\u00e1xi, al\u00e9m de todas as secretarias municipais de governo.<\/p>\n<p><em><strong>*ASCOM &#8211; Prefeitura Municipal de Senhor do Bonfim &#8211; BA<\/strong><\/em><br \/>\n<em>Telefones: 74 3541-8366 \/ 99110-9117<\/em><br \/>\n<em>Endere\u00e7o: Pra\u00e7a Juracy Magalh\u00e3es, 126<\/em><br \/>\n<em>E-MAIL: ascom@pmsb.ba.gov.br <\/em><br \/>\n<em>SITE OFICIAL: www.pmsb.ba.gov.br<\/em><br \/>\n<em>FAN PAGE: www.facebook.com\/oficialpmsb<\/em><\/p>\n","protected":false},"excerpt":{"rendered":"<p>Com objetivo de promover o melhoramento do tr\u00e2nsito, por meio de conscientiza\u00e7\u00e3o e educa\u00e7\u00e3o, teve in\u00edcio nesta ter\u00e7a-feira (30) e segue at\u00e9 o dia 1\u00ba de novembro, a I Semana Municipal de Seguran\u00e7a no Transito de Senhor do Bonfim. A solenidade de abertura aconteceu na Pra\u00e7a Nova do Congresso, ao som da Filarm\u00f4nica do 6\u00ba [&hellip;]<\/p>\n","protected":false},"author":2,"featured_media":28876,"comment_status":"open","ping_status":"open","sticky":false,"template":"","format":"standard","meta":{"_acf_changed":false,"_monsterinsights_skip_tracking":false,"_monsterinsights_sitenote_active":false,"_monsterinsights_sitenote_note":"","_monsterinsights_sitenote_category":0,"_jetpack_memberships_contains_paid_content":false,"footnotes":"","jetpack_publicize_message":"","jetpack_publicize_feature_enabled":true,"jetpack_social_post_already_shared":true,"jetpack_social_options":{"image_generator_settings":{"template":"highway","default_image_id":0,"font":"","enabled":false},"version":2}},"categories":[1,4],"tags":[],"class_list":["post-28875","post","type-post","status-publish","format-standard","has-post-thumbnail","hentry","category-noticias","category-local"],"acf":[],"jetpack_publicize_connections":[],"jetpack_featured_media_url":"https:\/\/i0.wp.com\/blogdoeloiltoncajuhy.com.br\/site\/wp-content\/uploads\/2018\/10\/transito.jpg?fit=960%2C640&ssl=1","jetpack_sharing_enabled":true,"publishpress_future_workflow_manual_trigger":{"enabledWorkflows":[]},"_links":{"self":[{"href":"https:\/\/blogdoeloiltoncajuhy.com.br\/site\/wp-json\/wp\/v2\/posts\/28875","targetHints":{"allow":["GET"]}}],"collection":[{"href":"https:\/\/blogdoeloiltoncajuhy.com.br\/site\/wp-json\/wp\/v2\/posts"}],"about":[{"href":"https:\/\/blogdoeloiltoncajuhy.com.br\/site\/wp-json\/wp\/v2\/types\/post"}],"author":[{"embeddable":true,"href":"https:\/\/blogdoeloiltoncajuhy.com.br\/site\/wp-json\/wp\/v2\/users\/2"}],"replies":[{"embeddable":true,"href":"https:\/\/blogdoeloiltoncajuhy.com.br\/site\/wp-json\/wp\/v2\/comments?post=28875"}],"version-history":[{"count":1,"href":"https:\/\/blogdoeloiltoncajuhy.com.br\/site\/wp-json\/wp\/v2\/posts\/28875\/revisions"}],"predecessor-version":[{"id":28877,"href":"https:\/\/blogdoeloiltoncajuhy.com.br\/site\/wp-json\/wp\/v2\/posts\/28875\/revisions\/28877"}],"wp:featuredmedia":[{"embeddable":true,"href":"https:\/\/blogdoeloiltoncajuhy.com.br\/site\/wp-json\/wp\/v2\/media\/28876"}],"wp:attachment":[{"href":"https:\/\/blogdoeloiltoncajuhy.com.br\/site\/wp-json\/wp\/v2\/media?parent=28875"}],"wp:term":[{"taxonomy":"category","embeddable":true,"href":"https:\/\/blogdoeloiltoncajuhy.com.br\/site\/wp-json\/wp\/v2\/categories?post=28875"},{"taxonomy":"post_tag","embeddable":true,"href":"https:\/\/blogdoeloiltoncajuhy.com.br\/site\/wp-json\/wp\/v2\/tags?post=28875"}],"curies":[{"name":"wp","href":"https:\/\/api.w.org\/{rel}","templated":true}]}}