{"id":28872,"date":"2018-10-31T19:12:11","date_gmt":"2018-10-31T22:12:11","guid":{"rendered":"http:\/\/blogdoeloiltoncajuhy.com.br\/site\/?p=28872"},"modified":"2018-10-31T19:12:11","modified_gmt":"2018-10-31T22:12:11","slug":"associacao-dos-magistrados-da-bahia-repudia-agressoes-sofridas-pela-juiza-de-jaguarari","status":"publish","type":"post","link":"https:\/\/blogdoeloiltoncajuhy.com.br\/site\/associacao-dos-magistrados-da-bahia-repudia-agressoes-sofridas-pela-juiza-de-jaguarari\/","title":{"rendered":"Associa\u00e7\u00e3o dos Magistrados da Bahia repudia agress\u00f5es sofridas pela Ju\u00edza de Jaguarari"},"content":{"rendered":"<p>&nbsp;<\/p>\n<p><a href=\"https:\/\/i0.wp.com\/blogdoeloiltoncajuhy.com.br\/site\/wp-content\/uploads\/2018\/10\/amab_logo.jpg\"><img data-recalc-dims=\"1\" decoding=\"async\" class=\"aligncenter wp-image-28873\" src=\"https:\/\/i0.wp.com\/blogdoeloiltoncajuhy.com.br\/site\/wp-content\/uploads\/2018\/10\/amab_logo.jpg?resize=300%2C124\" alt=\"\" width=\"300\" height=\"124\" \/><\/a><\/p>\n<p style=\"text-align: center;\"><strong>NOTA DE DESAGRAVO<\/strong><\/p>\n<p>A Associa\u00e7\u00e3o dos Magistrados da Bahia (AMAB), entidade de classe que representa os ju\u00edzes e desembargadores integrantes do Poder Judici\u00e1rio do Estado, vem hipotecar apoio \u00e0 ju\u00edza de direito Maria Luiza Nogueira Cavalcanti, titular da Comarca de Jaguarari, ao tempo em que apresenta esta Nota de Desagravo em face \u00e0s agress\u00f5es verbais sofridas por populares, na tarde desta \u00faltima ter\u00e7a-feira (30), em frente ao F\u00f3rum do Munic\u00edpio.<\/p>\n<p>Uma pequena parte da popula\u00e7\u00e3o, insuflada por informa\u00e7\u00f5es inver\u00eddicas, aguardaram a sa\u00edda da magistrada, amea\u00e7ando depredarem o carro da mesma e at\u00e9 invadirem o f\u00f3rum. Os mesmos estariam insatisfeitos com decis\u00e3o proferida, e, acreditando que a press\u00e3o social poderia interferir na convic\u00e7\u00e3o da magistrada, em um ato inaceit\u00e1vel, desrespeitaram a autoridade do Poder Judici\u00e1rio com insultos e xingamentos.<\/p>\n<p>Reafirmamos que em um Estado Democr\u00e1tico de Direito n\u00e3o se pode admitir que se desrespeite o princ\u00edpio do convencimento motivado do magistrado no seu ato de julgar. A decis\u00e3o proferida legitimamente pelo juiz de direito \u00e9 pass\u00edvel de revis\u00e3o, por meio do recurso pr\u00f3prio a ser interposto pela parte que se sentir insatisfeita, e apreciado pelos \u00f3rg\u00e3os judicantes correspondentes, pois existe um sistema recursal espec\u00edfico para se questionarem, de forma l\u00eddima, legal e correta, os atos jurisdicionais.<\/p>\n<p>Neste contexto, e mesmo diante do ocorrido, a Associa\u00e7\u00e3o dos Magistrados da Bahia reafirma seu posicionamento de rela\u00e7\u00e3o harmoniosa e de colabora\u00e7\u00e3o rec\u00edproca com todos os segmentos da sociedade, nos \u00e2mbitos p\u00fablico e privado, no escopo de alcan\u00e7ar uma presta\u00e7\u00e3o jurisdicional eficiente para toda a sociedade baiana, sem preju\u00edzo da defesa das prerrogativas, dos direitos e dos deveres inerentes \u00e0 magistratura.<\/p>\n<p><strong><em>Elbia Ara\u00fajo<br \/>\nPresidente da AMAB<\/em><\/strong><\/p>\n","protected":false},"excerpt":{"rendered":"<p>&nbsp; NOTA DE DESAGRAVO A Associa\u00e7\u00e3o dos Magistrados da Bahia (AMAB), entidade de classe que representa os ju\u00edzes e desembargadores integrantes do Poder Judici\u00e1rio do Estado, vem hipotecar apoio \u00e0 ju\u00edza de direito Maria Luiza Nogueira Cavalcanti, titular da Comarca de Jaguarari, ao tempo em que apresenta esta Nota de Desagravo em face \u00e0s agress\u00f5es [&hellip;]<\/p>\n","protected":false},"author":2,"featured_media":28873,"comment_status":"open","ping_status":"open","sticky":false,"template":"","format":"standard","meta":{"_acf_changed":false,"_monsterinsights_skip_tracking":false,"_monsterinsights_sitenote_active":false,"_monsterinsights_sitenote_note":"","_monsterinsights_sitenote_category":0,"_jetpack_memberships_contains_paid_content":false,"footnotes":"","jetpack_publicize_message":"","jetpack_publicize_feature_enabled":true,"jetpack_social_post_already_shared":true,"jetpack_social_options":{"image_generator_settings":{"template":"highway","default_image_id":0,"font":"","enabled":false},"version":2}},"categories":[1,11],"tags":[],"class_list":["post-28872","post","type-post","status-publish","format-standard","has-post-thumbnail","hentry","category-noticias","category-regional"],"acf":[],"jetpack_publicize_connections":[],"jetpack_featured_media_url":"https:\/\/i0.wp.com\/blogdoeloiltoncajuhy.com.br\/site\/wp-content\/uploads\/2018\/10\/amab_logo.jpg?fit=208%2C86&ssl=1","jetpack_sharing_enabled":true,"publishpress_future_workflow_manual_trigger":{"enabledWorkflows":[]},"_links":{"self":[{"href":"https:\/\/blogdoeloiltoncajuhy.com.br\/site\/wp-json\/wp\/v2\/posts\/28872","targetHints":{"allow":["GET"]}}],"collection":[{"href":"https:\/\/blogdoeloiltoncajuhy.com.br\/site\/wp-json\/wp\/v2\/posts"}],"about":[{"href":"https:\/\/blogdoeloiltoncajuhy.com.br\/site\/wp-json\/wp\/v2\/types\/post"}],"author":[{"embeddable":true,"href":"https:\/\/blogdoeloiltoncajuhy.com.br\/site\/wp-json\/wp\/v2\/users\/2"}],"replies":[{"embeddable":true,"href":"https:\/\/blogdoeloiltoncajuhy.com.br\/site\/wp-json\/wp\/v2\/comments?post=28872"}],"version-history":[{"count":1,"href":"https:\/\/blogdoeloiltoncajuhy.com.br\/site\/wp-json\/wp\/v2\/posts\/28872\/revisions"}],"predecessor-version":[{"id":28874,"href":"https:\/\/blogdoeloiltoncajuhy.com.br\/site\/wp-json\/wp\/v2\/posts\/28872\/revisions\/28874"}],"wp:featuredmedia":[{"embeddable":true,"href":"https:\/\/blogdoeloiltoncajuhy.com.br\/site\/wp-json\/wp\/v2\/media\/28873"}],"wp:attachment":[{"href":"https:\/\/blogdoeloiltoncajuhy.com.br\/site\/wp-json\/wp\/v2\/media?parent=28872"}],"wp:term":[{"taxonomy":"category","embeddable":true,"href":"https:\/\/blogdoeloiltoncajuhy.com.br\/site\/wp-json\/wp\/v2\/categories?post=28872"},{"taxonomy":"post_tag","embeddable":true,"href":"https:\/\/blogdoeloiltoncajuhy.com.br\/site\/wp-json\/wp\/v2\/tags?post=28872"}],"curies":[{"name":"wp","href":"https:\/\/api.w.org\/{rel}","templated":true}]}}