{"id":28866,"date":"2018-10-30T09:47:29","date_gmt":"2018-10-30T12:47:29","guid":{"rendered":"http:\/\/blogdoeloiltoncajuhy.com.br\/site\/?p=28866"},"modified":"2018-10-30T09:47:29","modified_gmt":"2018-10-30T12:47:29","slug":"campus-vii-da-uneb-senhor-do-bonfim-vai-retransmitir-a-radio-educadora-fm","status":"publish","type":"post","link":"https:\/\/blogdoeloiltoncajuhy.com.br\/site\/campus-vii-da-uneb-senhor-do-bonfim-vai-retransmitir-a-radio-educadora-fm\/","title":{"rendered":"Campus VII da UNEB, Senhor do Bonfim, vai retransmitir a R\u00e1dio Educadora FM"},"content":{"rendered":"<figure id=\"attachment_28867\" aria-describedby=\"caption-attachment-28867\" style=\"width: 480px\" class=\"wp-caption aligncenter\"><a href=\"https:\/\/i0.wp.com\/blogdoeloiltoncajuhy.com.br\/site\/wp-content\/uploads\/2018\/10\/educadora-fm_salvador.jpg\"><img data-recalc-dims=\"1\" fetchpriority=\"high\" decoding=\"async\" class=\"wp-image-28867\" src=\"https:\/\/i0.wp.com\/blogdoeloiltoncajuhy.com.br\/site\/wp-content\/uploads\/2018\/10\/educadora-fm_salvador.jpg?resize=480%2C360\" alt=\"\" width=\"480\" height=\"360\" srcset=\"https:\/\/i0.wp.com\/blogdoeloiltoncajuhy.com.br\/site\/wp-content\/uploads\/2018\/10\/educadora-fm_salvador.jpg?w=783&amp;ssl=1 783w, https:\/\/i0.wp.com\/blogdoeloiltoncajuhy.com.br\/site\/wp-content\/uploads\/2018\/10\/educadora-fm_salvador.jpg?resize=300%2C225&amp;ssl=1 300w, https:\/\/i0.wp.com\/blogdoeloiltoncajuhy.com.br\/site\/wp-content\/uploads\/2018\/10\/educadora-fm_salvador.jpg?resize=768%2C576&amp;ssl=1 768w, https:\/\/i0.wp.com\/blogdoeloiltoncajuhy.com.br\/site\/wp-content\/uploads\/2018\/10\/educadora-fm_salvador.jpg?resize=250%2C187&amp;ssl=1 250w\" sizes=\"(max-width: 480px) 100vw, 480px\" \/><\/a><figcaption id=\"caption-attachment-28867\" class=\"wp-caption-text\">Pr\u00e9dio da R\u00e1dio Educadora FM\/Salvador<\/figcaption><\/figure>\n<p>Em uma postagem no seu perfil no Facebook, o ex-vereador de Senhor do Bonfim, Jairo S\u00e1, hoje trabalhando na Reitoria da UNEB em Salvador, informou que na semana passada um profissional de engenharia do Instituto de Radiodifus\u00e3o Educativa da Bahia (IRDEB), visitou o Campus VII, em nossa cidade.<\/p>\n<p>O objetivo foi avaliar tecnicamente a viabilidade de implantar uma retransmissora da R\u00e1dio Educadora FM. Segundo Jairo, j\u00e1 est\u00e1 definido o local do est\u00fadio e confirmou-se que do teto do pr\u00e9dio tem possibilidade de instala\u00e7\u00e3o da torre da TVE.<\/p>\n<p>Al\u00e9m da programa\u00e7\u00e3o normal da emissora, haver\u00e1 espa\u00e7o para conte\u00fado local e regional. O Reitor da Universidade, Professor Jos\u00e9 Bites de Carvalho, confirmou a informa\u00e7\u00e3o.<\/p>\n<p><em><strong>*BLOG DO ELOILTON CAJUHY<\/strong><\/em><\/p>\n","protected":false},"excerpt":{"rendered":"<p>Em uma postagem no seu perfil no Facebook, o ex-vereador de Senhor do Bonfim, Jairo S\u00e1, hoje trabalhando na Reitoria da UNEB em Salvador, informou que na semana passada um profissional de engenharia do Instituto de Radiodifus\u00e3o Educativa da Bahia (IRDEB), visitou o Campus VII, em nossa cidade. O objetivo foi avaliar tecnicamente a viabilidade [&hellip;]<\/p>\n","protected":false},"author":2,"featured_media":28867,"comment_status":"open","ping_status":"open","sticky":false,"template":"","format":"standard","meta":{"_acf_changed":false,"_monsterinsights_skip_tracking":false,"_monsterinsights_sitenote_active":false,"_monsterinsights_sitenote_note":"","_monsterinsights_sitenote_category":0,"_jetpack_memberships_contains_paid_content":false,"footnotes":"","jetpack_publicize_message":"","jetpack_publicize_feature_enabled":true,"jetpack_social_post_already_shared":true,"jetpack_social_options":{"image_generator_settings":{"template":"highway","default_image_id":0,"font":"","enabled":false},"version":2}},"categories":[1,4],"tags":[],"class_list":["post-28866","post","type-post","status-publish","format-standard","has-post-thumbnail","hentry","category-noticias","category-local"],"acf":[],"jetpack_publicize_connections":[],"jetpack_featured_media_url":"https:\/\/i0.wp.com\/blogdoeloiltoncajuhy.com.br\/site\/wp-content\/uploads\/2018\/10\/educadora-fm_salvador.jpg?fit=783%2C587&ssl=1","jetpack_sharing_enabled":true,"publishpress_future_workflow_manual_trigger":{"enabledWorkflows":[]},"_links":{"self":[{"href":"https:\/\/blogdoeloiltoncajuhy.com.br\/site\/wp-json\/wp\/v2\/posts\/28866","targetHints":{"allow":["GET"]}}],"collection":[{"href":"https:\/\/blogdoeloiltoncajuhy.com.br\/site\/wp-json\/wp\/v2\/posts"}],"about":[{"href":"https:\/\/blogdoeloiltoncajuhy.com.br\/site\/wp-json\/wp\/v2\/types\/post"}],"author":[{"embeddable":true,"href":"https:\/\/blogdoeloiltoncajuhy.com.br\/site\/wp-json\/wp\/v2\/users\/2"}],"replies":[{"embeddable":true,"href":"https:\/\/blogdoeloiltoncajuhy.com.br\/site\/wp-json\/wp\/v2\/comments?post=28866"}],"version-history":[{"count":1,"href":"https:\/\/blogdoeloiltoncajuhy.com.br\/site\/wp-json\/wp\/v2\/posts\/28866\/revisions"}],"predecessor-version":[{"id":28868,"href":"https:\/\/blogdoeloiltoncajuhy.com.br\/site\/wp-json\/wp\/v2\/posts\/28866\/revisions\/28868"}],"wp:featuredmedia":[{"embeddable":true,"href":"https:\/\/blogdoeloiltoncajuhy.com.br\/site\/wp-json\/wp\/v2\/media\/28867"}],"wp:attachment":[{"href":"https:\/\/blogdoeloiltoncajuhy.com.br\/site\/wp-json\/wp\/v2\/media?parent=28866"}],"wp:term":[{"taxonomy":"category","embeddable":true,"href":"https:\/\/blogdoeloiltoncajuhy.com.br\/site\/wp-json\/wp\/v2\/categories?post=28866"},{"taxonomy":"post_tag","embeddable":true,"href":"https:\/\/blogdoeloiltoncajuhy.com.br\/site\/wp-json\/wp\/v2\/tags?post=28866"}],"curies":[{"name":"wp","href":"https:\/\/api.w.org\/{rel}","templated":true}]}}