{"id":28860,"date":"2018-10-30T09:15:33","date_gmt":"2018-10-30T12:15:33","guid":{"rendered":"http:\/\/blogdoeloiltoncajuhy.com.br\/site\/?p=28860"},"modified":"2018-10-30T09:19:10","modified_gmt":"2018-10-30T12:19:10","slug":"corpo-do-bonfinense-sergio-borio-sera-sepultado-nesta-terca-feira-em-joao-pessoa-pb","status":"publish","type":"post","link":"https:\/\/blogdoeloiltoncajuhy.com.br\/site\/corpo-do-bonfinense-sergio-borio-sera-sepultado-nesta-terca-feira-em-joao-pessoa-pb\/","title":{"rendered":"Corpo do bonfinense S\u00e9rgio B\u00f3rio ser\u00e1 sepultado nesta ter\u00e7a-feira em Jo\u00e3o Pessoa-PB"},"content":{"rendered":"<figure id=\"attachment_28810\" aria-describedby=\"caption-attachment-28810\" style=\"width: 450px\" class=\"wp-caption aligncenter\"><a href=\"https:\/\/i0.wp.com\/blogdoeloiltoncajuhy.com.br\/site\/wp-content\/uploads\/2018\/10\/sergio-borio_1.jpg\"><img data-recalc-dims=\"1\" fetchpriority=\"high\" decoding=\"async\" class=\"wp-image-28810\" src=\"https:\/\/i0.wp.com\/blogdoeloiltoncajuhy.com.br\/site\/wp-content\/uploads\/2018\/10\/sergio-borio_1.jpg?resize=450%2C473\" alt=\"\" width=\"450\" height=\"473\" srcset=\"https:\/\/i0.wp.com\/blogdoeloiltoncajuhy.com.br\/site\/wp-content\/uploads\/2018\/10\/sergio-borio_1.jpg?w=719&amp;ssl=1 719w, https:\/\/i0.wp.com\/blogdoeloiltoncajuhy.com.br\/site\/wp-content\/uploads\/2018\/10\/sergio-borio_1.jpg?resize=285%2C300&amp;ssl=1 285w, https:\/\/i0.wp.com\/blogdoeloiltoncajuhy.com.br\/site\/wp-content\/uploads\/2018\/10\/sergio-borio_1.jpg?resize=238%2C250&amp;ssl=1 238w\" sizes=\"(max-width: 450px) 100vw, 450px\" \/><\/a><figcaption id=\"caption-attachment-28810\" class=\"wp-caption-text\">Foto: Redes sociais<\/figcaption><\/figure>\n<p>Ap\u00f3s ter morte cerebral declarada pelos m\u00e9dicos na tarde da \u00faltima sexta-feira (26), em um hospital de\u00a0<span style=\"color: #333333; font-style: normal; font-weight: 300;\">Jo\u00e3o Pessoa, na Para\u00edba,\u00a0<\/span><strong style=\"color: #333333; font-style: normal;\">S\u00e9rgio Henrique B\u00f3rio J\u00fanior<\/strong><span style=\"color: #333333; font-style: normal; font-weight: 300;\">, de 38 anos, natural de Senhor do Bonfim, teve fal\u00eancia dos demais \u00f3rg\u00e3os na manh\u00e3 desta ter\u00e7a-feira (30).<\/span><\/p>\n<p>S\u00e9rgio Henrique era irm\u00e3o da\u00a0<strong>ex-primeira dama da Para\u00edba, P\u00e2mela B\u00f3rio<\/strong>. Ele foi aluno dos Col\u00e9gios Sacramentinas e J\u00falio C\u00e9sar, e h\u00e1 oito anos foi morar com a irm\u00e3 no estado paraibano.<\/p>\n<p>S\u00e9rgio B\u00f3rio iria completar 39 anos no pr\u00f3ximo dia 06 de novembro.\u00a0Ele foi internado no dia 23 de outubro com pneumocistose \u2013\u00a0<em>doen\u00e7a infecciosa causada pelo micro-organismo Pneumocystis carinii, um fungo, que hoje \u00e9 chamado por Pneumocystis jaroveci ou jirovecii pelos especialistas; caracteriza uma pneumonia por pneumocistos, tamb\u00e9m conhecida por \u201cpneumonia pneumoc\u00edstica\u201d ou PPC. Esse micro-organismo se aloja nos pulm\u00f5es do paciente<\/em>.<\/p>\n<p>S\u00e9rgio teve morte cerebral por volta das 16h de sexta-feira. A informa\u00e7\u00e3o de sua morte foi confirmada ao <strong>BLOG DO ELOILTON CAJUHY<\/strong>\u00a0na manh\u00e3 desta ter\u00e7a, por um primo de B\u00f3rio que mora em Senhor do Bonfim. Seu sepultamento ser\u00e1 realizado na capital Jo\u00e3o Pessoa, em hor\u00e1rio a ser decidido ap\u00f3s o corpo ser liberado pelos m\u00e9dicos.<\/p>\n<p><em><strong>*BLOG DO ELOILTON CAJUHY<\/strong><\/em><\/p>\n","protected":false},"excerpt":{"rendered":"<p>Ap\u00f3s ter morte cerebral declarada pelos m\u00e9dicos na tarde da \u00faltima sexta-feira (26), em um hospital de\u00a0Jo\u00e3o Pessoa, na Para\u00edba,\u00a0S\u00e9rgio Henrique B\u00f3rio J\u00fanior, de 38 anos, natural de Senhor do Bonfim, teve fal\u00eancia dos demais \u00f3rg\u00e3os na manh\u00e3 desta ter\u00e7a-feira (30). S\u00e9rgio Henrique era irm\u00e3o da\u00a0ex-primeira dama da Para\u00edba, P\u00e2mela B\u00f3rio. Ele foi aluno dos [&hellip;]<\/p>\n","protected":false},"author":2,"featured_media":0,"comment_status":"open","ping_status":"open","sticky":false,"template":"","format":"standard","meta":{"_acf_changed":false,"_monsterinsights_skip_tracking":false,"_monsterinsights_sitenote_active":false,"_monsterinsights_sitenote_note":"","_monsterinsights_sitenote_category":0,"_jetpack_memberships_contains_paid_content":false,"footnotes":"","jetpack_publicize_message":"","jetpack_publicize_feature_enabled":true,"jetpack_social_post_already_shared":true,"jetpack_social_options":{"image_generator_settings":{"template":"highway","default_image_id":0,"font":"","enabled":false},"version":2}},"categories":[1,4],"tags":[],"class_list":["post-28860","post","type-post","status-publish","format-standard","hentry","category-noticias","category-local"],"acf":[],"jetpack_publicize_connections":[],"jetpack_featured_media_url":"","jetpack_sharing_enabled":true,"publishpress_future_workflow_manual_trigger":{"enabledWorkflows":[]},"_links":{"self":[{"href":"https:\/\/blogdoeloiltoncajuhy.com.br\/site\/wp-json\/wp\/v2\/posts\/28860","targetHints":{"allow":["GET"]}}],"collection":[{"href":"https:\/\/blogdoeloiltoncajuhy.com.br\/site\/wp-json\/wp\/v2\/posts"}],"about":[{"href":"https:\/\/blogdoeloiltoncajuhy.com.br\/site\/wp-json\/wp\/v2\/types\/post"}],"author":[{"embeddable":true,"href":"https:\/\/blogdoeloiltoncajuhy.com.br\/site\/wp-json\/wp\/v2\/users\/2"}],"replies":[{"embeddable":true,"href":"https:\/\/blogdoeloiltoncajuhy.com.br\/site\/wp-json\/wp\/v2\/comments?post=28860"}],"version-history":[{"count":2,"href":"https:\/\/blogdoeloiltoncajuhy.com.br\/site\/wp-json\/wp\/v2\/posts\/28860\/revisions"}],"predecessor-version":[{"id":28862,"href":"https:\/\/blogdoeloiltoncajuhy.com.br\/site\/wp-json\/wp\/v2\/posts\/28860\/revisions\/28862"}],"wp:attachment":[{"href":"https:\/\/blogdoeloiltoncajuhy.com.br\/site\/wp-json\/wp\/v2\/media?parent=28860"}],"wp:term":[{"taxonomy":"category","embeddable":true,"href":"https:\/\/blogdoeloiltoncajuhy.com.br\/site\/wp-json\/wp\/v2\/categories?post=28860"},{"taxonomy":"post_tag","embeddable":true,"href":"https:\/\/blogdoeloiltoncajuhy.com.br\/site\/wp-json\/wp\/v2\/tags?post=28860"}],"curies":[{"name":"wp","href":"https:\/\/api.w.org\/{rel}","templated":true}]}}