{"id":28855,"date":"2018-10-29T19:01:16","date_gmt":"2018-10-29T22:01:16","guid":{"rendered":"http:\/\/blogdoeloiltoncajuhy.com.br\/site\/?p=28855"},"modified":"2018-10-29T19:01:16","modified_gmt":"2018-10-29T22:01:16","slug":"andorinha-renato-brandao-visita-obras-de-construcao-da-creche-proinfancia-na-vila-peixe","status":"publish","type":"post","link":"https:\/\/blogdoeloiltoncajuhy.com.br\/site\/andorinha-renato-brandao-visita-obras-de-construcao-da-creche-proinfancia-na-vila-peixe\/","title":{"rendered":"ANDORINHA: Renato Brand\u00e3o visita obras de constru\u00e7\u00e3o da creche Proinf\u00e2ncia na Vila Peixe"},"content":{"rendered":"<p><a href=\"https:\/\/i0.wp.com\/blogdoeloiltoncajuhy.com.br\/site\/wp-content\/uploads\/2018\/10\/visita-creche-proinfancia.jpg\"><img data-recalc-dims=\"1\" fetchpriority=\"high\" decoding=\"async\" class=\"aligncenter wp-image-28856\" src=\"https:\/\/i0.wp.com\/blogdoeloiltoncajuhy.com.br\/site\/wp-content\/uploads\/2018\/10\/visita-creche-proinfancia.jpg?resize=800%2C533\" alt=\"\" width=\"800\" height=\"533\" srcset=\"https:\/\/i0.wp.com\/blogdoeloiltoncajuhy.com.br\/site\/wp-content\/uploads\/2018\/10\/visita-creche-proinfancia.jpg?w=960&amp;ssl=1 960w, https:\/\/i0.wp.com\/blogdoeloiltoncajuhy.com.br\/site\/wp-content\/uploads\/2018\/10\/visita-creche-proinfancia.jpg?resize=300%2C200&amp;ssl=1 300w, https:\/\/i0.wp.com\/blogdoeloiltoncajuhy.com.br\/site\/wp-content\/uploads\/2018\/10\/visita-creche-proinfancia.jpg?resize=768%2C512&amp;ssl=1 768w, https:\/\/i0.wp.com\/blogdoeloiltoncajuhy.com.br\/site\/wp-content\/uploads\/2018\/10\/visita-creche-proinfancia.jpg?resize=250%2C167&amp;ssl=1 250w\" sizes=\"(max-width: 800px) 100vw, 800px\" \/><\/a>O prefeito de Andorinha, Renato Brand\u00e3o, acompanhado da secret\u00e1ria de Educa\u00e7\u00e3o, Lurdineia Almeida, e do secret\u00e1rio de Infraestrutura, Carlos Andr\u00e9 Guimar\u00e3es, visitou as obras da nova creche Proinf\u00e2ncia Tipo 1 Convencional &#8211; (Programa Nacional de Reestrutura\u00e7\u00e3o e Aparelhagem da Rede Escolar P\u00fablica de Educa\u00e7\u00e3o Infantil) do FNDE ( Fundo Nacional de Desenvolvimento da Educa\u00e7\u00e3o), que est\u00e1 sendo constru\u00edda no bairro de Vila Peixe.<\/p>\n<p>O Projeto Proinf\u00e2ncia Tipo 1 tem capacidade para atendimento de at\u00e9 376 crian\u00e7as, em dois turnos (matutino e vespertino), ou 188 crian\u00e7as em per\u00edodo integral.<\/p>\n<p>A previs\u00e3o \u00e9 que a creche-escola seja entregue em 2019. \u201c<em>Esse \u00e9 mais um trabalho retomado pela nossa gest\u00e3o. Queremos dar atendimento digno para nossas crian\u00e7as. Em breve, muitas m\u00e3es ter\u00e3o um lugar seguro e de qualidade para deixarem seus filhos. Refor\u00e7o meu compromisso em trabalhar por todos os andorinhenses. Estamos dando um passo de cada vez e, assim, chegaremos mais longe<\/em>\u201d, enfatiza Renato.<\/p>\n<p><em><strong>*Ascom Prefeitura Municipal de Andorinha-BA<\/strong><\/em><\/p>\n","protected":false},"excerpt":{"rendered":"<p>O prefeito de Andorinha, Renato Brand\u00e3o, acompanhado da secret\u00e1ria de Educa\u00e7\u00e3o, Lurdineia Almeida, e do secret\u00e1rio de Infraestrutura, Carlos Andr\u00e9 Guimar\u00e3es, visitou as obras da nova creche Proinf\u00e2ncia Tipo 1 Convencional &#8211; (Programa Nacional de Reestrutura\u00e7\u00e3o e Aparelhagem da Rede Escolar P\u00fablica de Educa\u00e7\u00e3o Infantil) do FNDE ( Fundo Nacional de Desenvolvimento da Educa\u00e7\u00e3o), que [&hellip;]<\/p>\n","protected":false},"author":2,"featured_media":28856,"comment_status":"open","ping_status":"open","sticky":false,"template":"","format":"standard","meta":{"_acf_changed":false,"_monsterinsights_skip_tracking":false,"_monsterinsights_sitenote_active":false,"_monsterinsights_sitenote_note":"","_monsterinsights_sitenote_category":0,"_jetpack_memberships_contains_paid_content":false,"footnotes":"","jetpack_publicize_message":"","jetpack_publicize_feature_enabled":true,"jetpack_social_post_already_shared":true,"jetpack_social_options":{"image_generator_settings":{"template":"highway","default_image_id":0,"font":"","enabled":false},"version":2}},"categories":[14,1,11],"tags":[],"class_list":["post-28855","post","type-post","status-publish","format-standard","has-post-thumbnail","hentry","category-educacao","category-noticias","category-regional"],"acf":[],"jetpack_publicize_connections":[],"jetpack_featured_media_url":"https:\/\/i0.wp.com\/blogdoeloiltoncajuhy.com.br\/site\/wp-content\/uploads\/2018\/10\/visita-creche-proinfancia.jpg?fit=960%2C640&ssl=1","jetpack_sharing_enabled":true,"publishpress_future_workflow_manual_trigger":{"enabledWorkflows":[]},"_links":{"self":[{"href":"https:\/\/blogdoeloiltoncajuhy.com.br\/site\/wp-json\/wp\/v2\/posts\/28855","targetHints":{"allow":["GET"]}}],"collection":[{"href":"https:\/\/blogdoeloiltoncajuhy.com.br\/site\/wp-json\/wp\/v2\/posts"}],"about":[{"href":"https:\/\/blogdoeloiltoncajuhy.com.br\/site\/wp-json\/wp\/v2\/types\/post"}],"author":[{"embeddable":true,"href":"https:\/\/blogdoeloiltoncajuhy.com.br\/site\/wp-json\/wp\/v2\/users\/2"}],"replies":[{"embeddable":true,"href":"https:\/\/blogdoeloiltoncajuhy.com.br\/site\/wp-json\/wp\/v2\/comments?post=28855"}],"version-history":[{"count":1,"href":"https:\/\/blogdoeloiltoncajuhy.com.br\/site\/wp-json\/wp\/v2\/posts\/28855\/revisions"}],"predecessor-version":[{"id":28857,"href":"https:\/\/blogdoeloiltoncajuhy.com.br\/site\/wp-json\/wp\/v2\/posts\/28855\/revisions\/28857"}],"wp:featuredmedia":[{"embeddable":true,"href":"https:\/\/blogdoeloiltoncajuhy.com.br\/site\/wp-json\/wp\/v2\/media\/28856"}],"wp:attachment":[{"href":"https:\/\/blogdoeloiltoncajuhy.com.br\/site\/wp-json\/wp\/v2\/media?parent=28855"}],"wp:term":[{"taxonomy":"category","embeddable":true,"href":"https:\/\/blogdoeloiltoncajuhy.com.br\/site\/wp-json\/wp\/v2\/categories?post=28855"},{"taxonomy":"post_tag","embeddable":true,"href":"https:\/\/blogdoeloiltoncajuhy.com.br\/site\/wp-json\/wp\/v2\/tags?post=28855"}],"curies":[{"name":"wp","href":"https:\/\/api.w.org\/{rel}","templated":true}]}}