{"id":28847,"date":"2018-10-29T09:48:47","date_gmt":"2018-10-29T12:48:47","guid":{"rendered":"http:\/\/blogdoeloiltoncajuhy.com.br\/site\/?p=28847"},"modified":"2018-10-29T09:48:47","modified_gmt":"2018-10-29T12:48:47","slug":"veja-o-placar-final-da-eleicao-para-presidente-no-2o-turno-em-senhor-do-bonfim","status":"publish","type":"post","link":"https:\/\/blogdoeloiltoncajuhy.com.br\/site\/veja-o-placar-final-da-eleicao-para-presidente-no-2o-turno-em-senhor-do-bonfim\/","title":{"rendered":"Veja o placar final da elei\u00e7\u00e3o para presidente, no 2\u00ba turno, em Senhor do Bonfim"},"content":{"rendered":"<p><a href=\"https:\/\/i0.wp.com\/blogdoeloiltoncajuhy.com.br\/site\/wp-content\/uploads\/2018\/09\/elei%C3%A7%C3%B5es-2018.png\"><img data-recalc-dims=\"1\" fetchpriority=\"high\" decoding=\"async\" class=\"aligncenter wp-image-28222\" src=\"https:\/\/i0.wp.com\/blogdoeloiltoncajuhy.com.br\/site\/wp-content\/uploads\/2018\/09\/elei%C3%A7%C3%B5es-2018.png?resize=480%2C297\" alt=\"\" width=\"480\" height=\"297\" srcset=\"https:\/\/i0.wp.com\/blogdoeloiltoncajuhy.com.br\/site\/wp-content\/uploads\/2018\/09\/elei%C3%A7%C3%B5es-2018.png?w=550&amp;ssl=1 550w, https:\/\/i0.wp.com\/blogdoeloiltoncajuhy.com.br\/site\/wp-content\/uploads\/2018\/09\/elei%C3%A7%C3%B5es-2018.png?resize=300%2C185&amp;ssl=1 300w, https:\/\/i0.wp.com\/blogdoeloiltoncajuhy.com.br\/site\/wp-content\/uploads\/2018\/09\/elei%C3%A7%C3%B5es-2018.png?resize=250%2C155&amp;ssl=1 250w\" sizes=\"(max-width: 480px) 100vw, 480px\" \/><\/a>Encerrada a apura\u00e7\u00e3o dos votos da elei\u00e7\u00e3o para Presidente da Rep\u00fablica, o candidato do PSL, Jair Bolsonaro, foi eleito com\u00a055,13 %, ou\u00a057.797.456 votos. O candidato do PT, Fenando Haddad, obteve\u00a044,87 %, ou\u00a047.040.819 votos.<\/p>\n<p>Os votos brancos chegaram a\u00a02,14 % (2.486.591 votos);\u00a0Nulos\u00a07,43 % (8.608.085 votos). A absten\u00e7\u00e3o foi de\u00a021,30 %, ou seja,\u00a031.371.378 eleitores n\u00e3o compareceram \u00e0s urnas para votar.<\/p>\n<h5>Em Senhor do Bonfim, o placar final da elei\u00e7\u00e3o no segundo turno foi o seguinte:<\/h5>\n<figure id=\"attachment_28848\" aria-describedby=\"caption-attachment-28848\" style=\"width: 474px\" class=\"wp-caption aligncenter\"><a href=\"https:\/\/i0.wp.com\/blogdoeloiltoncajuhy.com.br\/site\/wp-content\/uploads\/2018\/10\/elei%C3%A7%C3%B5es-2018_2turno-bonfim.jpg\"><img data-recalc-dims=\"1\" decoding=\"async\" class=\"wp-image-28848 size-full\" src=\"https:\/\/i0.wp.com\/blogdoeloiltoncajuhy.com.br\/site\/wp-content\/uploads\/2018\/10\/elei%C3%A7%C3%B5es-2018_2turno-bonfim.jpg?resize=474%2C362\" alt=\"\" width=\"474\" height=\"362\" srcset=\"https:\/\/i0.wp.com\/blogdoeloiltoncajuhy.com.br\/site\/wp-content\/uploads\/2018\/10\/elei%C3%A7%C3%B5es-2018_2turno-bonfim.jpg?w=474&amp;ssl=1 474w, https:\/\/i0.wp.com\/blogdoeloiltoncajuhy.com.br\/site\/wp-content\/uploads\/2018\/10\/elei%C3%A7%C3%B5es-2018_2turno-bonfim.jpg?resize=300%2C229&amp;ssl=1 300w, https:\/\/i0.wp.com\/blogdoeloiltoncajuhy.com.br\/site\/wp-content\/uploads\/2018\/10\/elei%C3%A7%C3%B5es-2018_2turno-bonfim.jpg?resize=250%2C191&amp;ssl=1 250w\" sizes=\"(max-width: 474px) 100vw, 474px\" \/><\/a><figcaption id=\"caption-attachment-28848\" class=\"wp-caption-text\">Fonte: TSE \/ Gr\u00e1fico: Estad\u00e3o<\/figcaption><\/figure>\n<p><strong>*BLOG DO ELOILTON CAJUHY<\/strong><\/p>\n","protected":false},"excerpt":{"rendered":"<p>Encerrada a apura\u00e7\u00e3o dos votos da elei\u00e7\u00e3o para Presidente da Rep\u00fablica, o candidato do PSL, Jair Bolsonaro, foi eleito com\u00a055,13 %, ou\u00a057.797.456 votos. O candidato do PT, Fenando Haddad, obteve\u00a044,87 %, ou\u00a047.040.819 votos. Os votos brancos chegaram a\u00a02,14 % (2.486.591 votos);\u00a0Nulos\u00a07,43 % (8.608.085 votos). A absten\u00e7\u00e3o foi de\u00a021,30 %, ou seja,\u00a031.371.378 eleitores n\u00e3o compareceram \u00e0s [&hellip;]<\/p>\n","protected":false},"author":2,"featured_media":28848,"comment_status":"open","ping_status":"open","sticky":false,"template":"","format":"standard","meta":{"_acf_changed":false,"_monsterinsights_skip_tracking":false,"_monsterinsights_sitenote_active":false,"_monsterinsights_sitenote_note":"","_monsterinsights_sitenote_category":0,"_jetpack_memberships_contains_paid_content":false,"footnotes":"","jetpack_publicize_message":"","jetpack_publicize_feature_enabled":true,"jetpack_social_post_already_shared":true,"jetpack_social_options":{"image_generator_settings":{"template":"highway","default_image_id":0,"font":"","enabled":false},"version":2}},"categories":[1,3,4],"tags":[],"class_list":["post-28847","post","type-post","status-publish","format-standard","has-post-thumbnail","hentry","category-noticias","category-politica","category-local"],"acf":[],"jetpack_publicize_connections":[],"jetpack_featured_media_url":"https:\/\/i0.wp.com\/blogdoeloiltoncajuhy.com.br\/site\/wp-content\/uploads\/2018\/10\/elei%C3%A7%C3%B5es-2018_2turno-bonfim.jpg?fit=474%2C362&ssl=1","jetpack_sharing_enabled":true,"publishpress_future_workflow_manual_trigger":{"enabledWorkflows":[]},"_links":{"self":[{"href":"https:\/\/blogdoeloiltoncajuhy.com.br\/site\/wp-json\/wp\/v2\/posts\/28847","targetHints":{"allow":["GET"]}}],"collection":[{"href":"https:\/\/blogdoeloiltoncajuhy.com.br\/site\/wp-json\/wp\/v2\/posts"}],"about":[{"href":"https:\/\/blogdoeloiltoncajuhy.com.br\/site\/wp-json\/wp\/v2\/types\/post"}],"author":[{"embeddable":true,"href":"https:\/\/blogdoeloiltoncajuhy.com.br\/site\/wp-json\/wp\/v2\/users\/2"}],"replies":[{"embeddable":true,"href":"https:\/\/blogdoeloiltoncajuhy.com.br\/site\/wp-json\/wp\/v2\/comments?post=28847"}],"version-history":[{"count":1,"href":"https:\/\/blogdoeloiltoncajuhy.com.br\/site\/wp-json\/wp\/v2\/posts\/28847\/revisions"}],"predecessor-version":[{"id":28849,"href":"https:\/\/blogdoeloiltoncajuhy.com.br\/site\/wp-json\/wp\/v2\/posts\/28847\/revisions\/28849"}],"wp:featuredmedia":[{"embeddable":true,"href":"https:\/\/blogdoeloiltoncajuhy.com.br\/site\/wp-json\/wp\/v2\/media\/28848"}],"wp:attachment":[{"href":"https:\/\/blogdoeloiltoncajuhy.com.br\/site\/wp-json\/wp\/v2\/media?parent=28847"}],"wp:term":[{"taxonomy":"category","embeddable":true,"href":"https:\/\/blogdoeloiltoncajuhy.com.br\/site\/wp-json\/wp\/v2\/categories?post=28847"},{"taxonomy":"post_tag","embeddable":true,"href":"https:\/\/blogdoeloiltoncajuhy.com.br\/site\/wp-json\/wp\/v2\/tags?post=28847"}],"curies":[{"name":"wp","href":"https:\/\/api.w.org\/{rel}","templated":true}]}}