{"id":28843,"date":"2018-10-29T09:20:58","date_gmt":"2018-10-29T12:20:58","guid":{"rendered":"http:\/\/blogdoeloiltoncajuhy.com.br\/site\/?p=28843"},"modified":"2018-10-29T09:20:58","modified_gmt":"2018-10-29T12:20:58","slug":"politica-transicao-entre-governos-temer-e-bolsonaro-comeca-nesta-2a-feira","status":"publish","type":"post","link":"https:\/\/blogdoeloiltoncajuhy.com.br\/site\/politica-transicao-entre-governos-temer-e-bolsonaro-comeca-nesta-2a-feira\/","title":{"rendered":"POL\u00cdTICA: Transi\u00e7\u00e3o entre governos Temer e Bolsonaro come\u00e7a nesta 2\u00aa feira"},"content":{"rendered":"<p><a href=\"https:\/\/i0.wp.com\/blogdoeloiltoncajuhy.com.br\/site\/wp-content\/uploads\/2018\/10\/Michel-Temer-Jair-Bolsonaro.jpg\"><img data-recalc-dims=\"1\" decoding=\"async\" class=\"aligncenter size-full wp-image-28845\" src=\"https:\/\/i0.wp.com\/blogdoeloiltoncajuhy.com.br\/site\/wp-content\/uploads\/2018\/10\/Michel-Temer-Jair-Bolsonaro.jpg?w=800\" alt=\"\" \/><\/a>Com a defini\u00e7\u00e3o da elei\u00e7\u00e3o de Jair Bolsonaro como o novo presidente da Rep\u00fablica, come\u00e7am as conversas entre quem deixar\u00e1 o Pal\u00e1cio do Planalto e quem o ocupar\u00e1. \u00c9 o momento em que o presidente eleito ter\u00e1 uma no\u00e7\u00e3o mais aprofundada do pa\u00eds que assumir\u00e1 em 1\u00ba de janeiro. Por parte do atual governo, o ministro-chefe da Casa Civil, Eliseu Padilha, foi designado pelo presidente Michel Temer para coordenar a transi\u00e7\u00e3o.<\/p>\n<p>A equipe de Temer afirma que o processo de transi\u00e7\u00e3o ser\u00e1 de \u201c<em>transpar\u00eancia total<\/em>\u201d. O futuro governo de Jair Bolsonaro receber\u00e1 do antecessor informa\u00e7\u00f5es sobre os minist\u00e9rios relacionados as a\u00e7\u00f5es dos \u00faltimos dois anos e o que est\u00e1 em andamento, como contratos em vigor, obras iniciadas e or\u00e7amento j\u00e1 previsto.<\/p>\n<p>O processo de transi\u00e7\u00e3o entre o governo atual e o eleito \u00e9 disciplinado pela Lei 10.609, de 2002, e pelo Decreto 7.221, de 2010. A legisla\u00e7\u00e3o obriga o repasse das informa\u00e7\u00f5es solicitadas pelo novo governo, al\u00e9m de possibilitar a cria\u00e7\u00e3o de 50 cargos de car\u00e1ter tempor\u00e1rio, chamados Cargos Especiais de Transi\u00e7\u00e3o Governamental, para os indicados do futuro presidente. Esses cargos poder\u00e3o ser ocupados a partir de ter\u00e7a-feira (30) e devem ficar vagos at\u00e9 o dia 10 de janeiro.<\/p>\n<p>Um exemplo de a\u00e7\u00f5es a serem repassadas na transi\u00e7\u00e3o s\u00e3o os programas sociais. O governo eleito ter\u00e1 informa\u00e7\u00e3o sobre quantas moradias foram constru\u00eddas no \u00e2mbito do programa Minha Casa, Minha Vida e quantas pessoas s\u00e3o atendidas no Bolsa Fam\u00edlia. Da mesma forma, a equipe de Michel Temer informar\u00e1 sobre o combate a irregularidades nas pol\u00edticas sociais.<\/p>\n<p>A equipe econ\u00f4mica do atual governo tamb\u00e9m mostrar\u00e1 a situa\u00e7\u00e3o or\u00e7ament\u00e1ria do pa\u00eds. Ser\u00e1 exposto e detalhado o d\u00e9ficit nas contas p\u00fablicas, bem como as solu\u00e7\u00f5es para reduzir esse d\u00e9ficit. As principais propostas que Padilha apresentar\u00e1 s\u00e3o as mesmas pautas defendidas por Temer h\u00e1 meses e, em alguns casos, anos: reforma da Previd\u00eancia, cess\u00e3o onerosa, reforma tribut\u00e1ria e privatiza\u00e7\u00e3o de distribuidoras de energia da Eletrobras, dentre outros.<\/p>\n<p>Todos os minist\u00e9rios ter\u00e3o representantes na equipe de transi\u00e7\u00e3o. Esses representantes v\u00e3o detalhar para os correspondentes do futuro governo os dados compilados pelos servidores em cada minist\u00e9rio, empresa p\u00fablica e autarquia. Esses dados foram inseridos em um sistema informatizado chamado Governa e s\u00e3o confidenciais. S\u00f3 ter\u00e1 acesso aos dados inseridos nesse sistema a equipe indicada pelo presidente eleito para participar da transi\u00e7\u00e3o.<\/p>\n<p>Tamb\u00e9m est\u00e3o no documento as informa\u00e7\u00f5es em detalhes sobre os recursos humanos do Poder Executivo: n\u00famero de servidores nos minist\u00e9rios, autarquias e empresas p\u00fablicas em todo pa\u00eds. Ainda haver\u00e1 uma radiografia sobre os servidores efetivos (contratados via concurso p\u00fablico) e quantos s\u00e3o de livre nomea\u00e7\u00e3o do governo. Com esses dados, o novo governo saber\u00e1 quanto a Uni\u00e3o gasta com pessoal e qual \u00e9 a demanda da Administra\u00e7\u00e3o P\u00fablica.<\/p>\n<p><strong>\u201cTransi\u00e7\u00e3o tranquila\u201d<\/strong><\/p>\n<p>H\u00e1 semanas que Michel Temer e sua equipe v\u00eam pregando uma transi\u00e7\u00e3o tranquila com a pr\u00f3xima gest\u00e3o. Em uma reuni\u00e3o com a c\u00fapula ministerial na segunda-feira (22), Temer determinou provid\u00eancias no sentido de n\u00e3o prejudicar o novo governo.<\/p>\n<p><strong>Equipe definida em 48 horas<\/strong><\/p>\n<p>Na sexta-feira (26), o deputado federal Onyx Lorenzoni (DEM-RS), confirmado como futuro ministro da Casa Civil, adiantou que a equipe de transi\u00e7\u00e3o ser\u00e1 definida em menos de 48 horas e composta por 50 pessoas.<\/p>\n<p>Os \u00faltimos dias, antes do segundo turno da elei\u00e7\u00e3o, foram de intensas visitas na casa de Bolsonaro, no condom\u00ednio na Barra da Tijuca, no Rio de Janeiro. Mas n\u00e3o foram anunciados nomes nem cargos. Por\u00e9m, o candidato enviou Onyx a Bras\u00edlia para um encontro com o ministro da Casa Civil, Eliseu Padilha.<\/p>\n<p><em><strong>*Ag\u00eancia Brasil<\/strong><\/em><\/p>\n","protected":false},"excerpt":{"rendered":"<p>Com a defini\u00e7\u00e3o da elei\u00e7\u00e3o de Jair Bolsonaro como o novo presidente da Rep\u00fablica, come\u00e7am as conversas entre quem deixar\u00e1 o Pal\u00e1cio do Planalto e quem o ocupar\u00e1. \u00c9 o momento em que o presidente eleito ter\u00e1 uma no\u00e7\u00e3o mais aprofundada do pa\u00eds que assumir\u00e1 em 1\u00ba de janeiro. Por parte do atual governo, o [&hellip;]<\/p>\n","protected":false},"author":2,"featured_media":28845,"comment_status":"open","ping_status":"open","sticky":false,"template":"","format":"standard","meta":{"_acf_changed":false,"_monsterinsights_skip_tracking":false,"_monsterinsights_sitenote_active":false,"_monsterinsights_sitenote_note":"","_monsterinsights_sitenote_category":0,"_jetpack_memberships_contains_paid_content":false,"footnotes":"","jetpack_publicize_message":"","jetpack_publicize_feature_enabled":true,"jetpack_social_post_already_shared":true,"jetpack_social_options":{"image_generator_settings":{"template":"highway","default_image_id":0,"font":"","enabled":false},"version":2}},"categories":[1,3],"tags":[],"class_list":["post-28843","post","type-post","status-publish","format-standard","has-post-thumbnail","hentry","category-noticias","category-politica"],"acf":[],"jetpack_publicize_connections":[],"jetpack_featured_media_url":"https:\/\/i0.wp.com\/blogdoeloiltoncajuhy.com.br\/site\/wp-content\/uploads\/2018\/10\/Michel-Temer-Jair-Bolsonaro.jpg?fit=%2C&ssl=1","jetpack_sharing_enabled":true,"publishpress_future_workflow_manual_trigger":{"enabledWorkflows":[]},"_links":{"self":[{"href":"https:\/\/blogdoeloiltoncajuhy.com.br\/site\/wp-json\/wp\/v2\/posts\/28843","targetHints":{"allow":["GET"]}}],"collection":[{"href":"https:\/\/blogdoeloiltoncajuhy.com.br\/site\/wp-json\/wp\/v2\/posts"}],"about":[{"href":"https:\/\/blogdoeloiltoncajuhy.com.br\/site\/wp-json\/wp\/v2\/types\/post"}],"author":[{"embeddable":true,"href":"https:\/\/blogdoeloiltoncajuhy.com.br\/site\/wp-json\/wp\/v2\/users\/2"}],"replies":[{"embeddable":true,"href":"https:\/\/blogdoeloiltoncajuhy.com.br\/site\/wp-json\/wp\/v2\/comments?post=28843"}],"version-history":[{"count":1,"href":"https:\/\/blogdoeloiltoncajuhy.com.br\/site\/wp-json\/wp\/v2\/posts\/28843\/revisions"}],"predecessor-version":[{"id":28846,"href":"https:\/\/blogdoeloiltoncajuhy.com.br\/site\/wp-json\/wp\/v2\/posts\/28843\/revisions\/28846"}],"wp:featuredmedia":[{"embeddable":true,"href":"https:\/\/blogdoeloiltoncajuhy.com.br\/site\/wp-json\/wp\/v2\/media\/28845"}],"wp:attachment":[{"href":"https:\/\/blogdoeloiltoncajuhy.com.br\/site\/wp-json\/wp\/v2\/media?parent=28843"}],"wp:term":[{"taxonomy":"category","embeddable":true,"href":"https:\/\/blogdoeloiltoncajuhy.com.br\/site\/wp-json\/wp\/v2\/categories?post=28843"},{"taxonomy":"post_tag","embeddable":true,"href":"https:\/\/blogdoeloiltoncajuhy.com.br\/site\/wp-json\/wp\/v2\/tags?post=28843"}],"curies":[{"name":"wp","href":"https:\/\/api.w.org\/{rel}","templated":true}]}}