{"id":28841,"date":"2018-10-29T09:05:00","date_gmt":"2018-10-29T12:05:00","guid":{"rendered":"http:\/\/blogdoeloiltoncajuhy.com.br\/site\/?p=28841"},"modified":"2018-10-29T09:05:00","modified_gmt":"2018-10-29T12:05:00","slug":"bonfim-pm-prende-individuo-por-embriaguez-ao-volante-e-perturbacao-do-sossego-publico","status":"publish","type":"post","link":"https:\/\/blogdoeloiltoncajuhy.com.br\/site\/bonfim-pm-prende-individuo-por-embriaguez-ao-volante-e-perturbacao-do-sossego-publico\/","title":{"rendered":"BONFIM: PM prende indiv\u00edduo por embriaguez ao volante e perturba\u00e7\u00e3o do sossego p\u00fablico"},"content":{"rendered":"<p><a href=\"https:\/\/i0.wp.com\/blogdoeloiltoncajuhy.com.br\/site\/wp-content\/uploads\/2016\/02\/prf_21.02.jpg\"><img data-recalc-dims=\"1\" fetchpriority=\"high\" decoding=\"async\" class=\"aligncenter size-full wp-image-7811\" src=\"https:\/\/i0.wp.com\/blogdoeloiltoncajuhy.com.br\/site\/wp-content\/uploads\/2016\/02\/prf_21.02.jpg?resize=485%2C303\" alt=\"\" width=\"485\" height=\"303\" srcset=\"https:\/\/i0.wp.com\/blogdoeloiltoncajuhy.com.br\/site\/wp-content\/uploads\/2016\/02\/prf_21.02.jpg?w=485&amp;ssl=1 485w, https:\/\/i0.wp.com\/blogdoeloiltoncajuhy.com.br\/site\/wp-content\/uploads\/2016\/02\/prf_21.02.jpg?resize=300%2C187&amp;ssl=1 300w, https:\/\/i0.wp.com\/blogdoeloiltoncajuhy.com.br\/site\/wp-content\/uploads\/2016\/02\/prf_21.02.jpg?resize=250%2C156&amp;ssl=1 250w\" sizes=\"(max-width: 485px) 100vw, 485px\" \/><\/a>Por volta das 23h da \u00faltima sexta-fera (26), policiais do 6\u00ba Batalh\u00e3o, foram ao Povoado de Cariac\u00e1, interior de Senhor do Bonfim, onde havia den\u00fancia de um ve\u00edculo com som ligado com volume muto alto.<\/p>\n<p>Ao chegar ao local, os policiais conduziram o propriet\u00e1rio do ve\u00edculo, um Siena de cor vermelha, por embriaguez ao volante e perturba\u00e7\u00e3o do sossego p\u00fablico. O homem disse que s\u00f3 ele dirigia o ve\u00edculo.<\/p>\n<p>No Complexo Policial, foi observado que o condutor apresentava vis\u00edveis sinais de embriaguez alco\u00f3lica, sendo conduzido at\u00e9 a Delegacia 10\/4 da Pol\u00edcia Rodovi\u00e1ria Federal (PRF), onde recusou-se a fazer teste do baf\u00f4metro. Ent\u00e3o, ele foi apresentado na Delegacia de Pol\u00edcia para a ado\u00e7\u00e3o das medidas cab\u00edveis, sendo autuado em flagrante delito por embriaguez ao volante e Termo Circunstanciado de Ocorr\u00eancia por perturba\u00e7\u00e3o do sossego alheio.<\/p>\n<p><em><strong>*BLOG DO ELOILTON CAJUHY &#8211; Com informa\u00e7\u00f5es do 6\u00ba BPM \/ Senhor do Bonfim<\/strong><\/em><\/p>\n","protected":false},"excerpt":{"rendered":"<p>Por volta das 23h da \u00faltima sexta-fera (26), policiais do 6\u00ba Batalh\u00e3o, foram ao Povoado de Cariac\u00e1, interior de Senhor do Bonfim, onde havia den\u00fancia de um ve\u00edculo com som ligado com volume muto alto. Ao chegar ao local, os policiais conduziram o propriet\u00e1rio do ve\u00edculo, um Siena de cor vermelha, por embriaguez ao volante [&hellip;]<\/p>\n","protected":false},"author":2,"featured_media":0,"comment_status":"open","ping_status":"open","sticky":false,"template":"","format":"standard","meta":{"_acf_changed":false,"_monsterinsights_skip_tracking":false,"_monsterinsights_sitenote_active":false,"_monsterinsights_sitenote_note":"","_monsterinsights_sitenote_category":0,"_jetpack_memberships_contains_paid_content":false,"footnotes":"","jetpack_publicize_message":"","jetpack_publicize_feature_enabled":true,"jetpack_social_post_already_shared":true,"jetpack_social_options":{"image_generator_settings":{"template":"highway","default_image_id":0,"font":"","enabled":false},"version":2}},"categories":[5,1,4],"tags":[],"class_list":["post-28841","post","type-post","status-publish","format-standard","hentry","category-cotidiano","category-noticias","category-local"],"acf":[],"jetpack_publicize_connections":[],"jetpack_featured_media_url":"","jetpack_sharing_enabled":true,"publishpress_future_workflow_manual_trigger":{"enabledWorkflows":[]},"_links":{"self":[{"href":"https:\/\/blogdoeloiltoncajuhy.com.br\/site\/wp-json\/wp\/v2\/posts\/28841","targetHints":{"allow":["GET"]}}],"collection":[{"href":"https:\/\/blogdoeloiltoncajuhy.com.br\/site\/wp-json\/wp\/v2\/posts"}],"about":[{"href":"https:\/\/blogdoeloiltoncajuhy.com.br\/site\/wp-json\/wp\/v2\/types\/post"}],"author":[{"embeddable":true,"href":"https:\/\/blogdoeloiltoncajuhy.com.br\/site\/wp-json\/wp\/v2\/users\/2"}],"replies":[{"embeddable":true,"href":"https:\/\/blogdoeloiltoncajuhy.com.br\/site\/wp-json\/wp\/v2\/comments?post=28841"}],"version-history":[{"count":1,"href":"https:\/\/blogdoeloiltoncajuhy.com.br\/site\/wp-json\/wp\/v2\/posts\/28841\/revisions"}],"predecessor-version":[{"id":28842,"href":"https:\/\/blogdoeloiltoncajuhy.com.br\/site\/wp-json\/wp\/v2\/posts\/28841\/revisions\/28842"}],"wp:attachment":[{"href":"https:\/\/blogdoeloiltoncajuhy.com.br\/site\/wp-json\/wp\/v2\/media?parent=28841"}],"wp:term":[{"taxonomy":"category","embeddable":true,"href":"https:\/\/blogdoeloiltoncajuhy.com.br\/site\/wp-json\/wp\/v2\/categories?post=28841"},{"taxonomy":"post_tag","embeddable":true,"href":"https:\/\/blogdoeloiltoncajuhy.com.br\/site\/wp-json\/wp\/v2\/tags?post=28841"}],"curies":[{"name":"wp","href":"https:\/\/api.w.org\/{rel}","templated":true}]}}