{"id":28819,"date":"2018-10-27T15:55:06","date_gmt":"2018-10-27T18:55:06","guid":{"rendered":"http:\/\/blogdoeloiltoncajuhy.com.br\/site\/?p=28819"},"modified":"2018-10-27T15:57:48","modified_gmt":"2018-10-27T18:57:48","slug":"promotora-eleitoral-de-senhor-do-bonfim-garante-que-votacao-deste-domingo-sera-das-8h-as-17h","status":"publish","type":"post","link":"https:\/\/blogdoeloiltoncajuhy.com.br\/site\/promotora-eleitoral-de-senhor-do-bonfim-garante-que-votacao-deste-domingo-sera-das-8h-as-17h\/","title":{"rendered":"Promotora Eleitoral de Senhor do Bonfim garante que vota\u00e7\u00e3o deste domingo ser\u00e1 das 8h \u00e0s 17h"},"content":{"rendered":"<p><a href=\"https:\/\/i0.wp.com\/blogdoeloiltoncajuhy.com.br\/site\/wp-content\/uploads\/2018\/09\/elei%C3%A7%C3%B5es-2018.png\"><img data-recalc-dims=\"1\" fetchpriority=\"high\" decoding=\"async\" class=\"aligncenter size-full wp-image-28222\" src=\"https:\/\/i0.wp.com\/blogdoeloiltoncajuhy.com.br\/site\/wp-content\/uploads\/2018\/09\/elei%C3%A7%C3%B5es-2018.png?resize=550%2C340\" alt=\"\" width=\"550\" height=\"340\" srcset=\"https:\/\/i0.wp.com\/blogdoeloiltoncajuhy.com.br\/site\/wp-content\/uploads\/2018\/09\/elei%C3%A7%C3%B5es-2018.png?w=550&amp;ssl=1 550w, https:\/\/i0.wp.com\/blogdoeloiltoncajuhy.com.br\/site\/wp-content\/uploads\/2018\/09\/elei%C3%A7%C3%B5es-2018.png?resize=300%2C185&amp;ssl=1 300w, https:\/\/i0.wp.com\/blogdoeloiltoncajuhy.com.br\/site\/wp-content\/uploads\/2018\/09\/elei%C3%A7%C3%B5es-2018.png?resize=250%2C155&amp;ssl=1 250w\" sizes=\"(max-width: 550px) 100vw, 550px\" \/><\/a>Circula nas redes sociais uma informa\u00e7\u00e3o de que a vota\u00e7\u00e3o do segundo turno para elei\u00e7\u00e3o de Presidente do Brasil, marcada para este domingo (28), come\u00e7aria \u00e0s 9h e se encerraria \u00e0s 16h, confus\u00e3o que teria ocorrido por conta do hor\u00e1rio de ver\u00e3o, que s\u00f3 come\u00e7a no outro final de semana.<\/p>\n<p>Na manh\u00e3 deste s\u00e1bado (27), a reportagem do <strong>BLOG DO ELOILTON CAJUHY<\/strong>\u00a0conversou com a Promotora Eleitoral de Senhor do Bonfim, Dr\u00aa \u00cdtala Suzana, que garantiu ser falsa essa informa\u00e7\u00e3o. Segundo ela, a vota\u00e7\u00e3o ocorrer\u00e1 da mesma foma do primeiro turno, ou seja, das 8h \u00e0s 17h. A partir deste hor\u00e1rio ser\u00e3o distribu\u00eddas senhas para os eleitores que ainda estiverem na fila. O eleitor que chegar ao local de vota\u00e7\u00e3o depois das 17h, n\u00e3o poder\u00e1 votar.<\/p>\n<p>O Tribunal Superior Eleitoral (TSE), em sua p\u00e1gina oficial, tamb\u00e9m est\u00e1 divulgando nota de esclarecimento sobre o assunto. <strong>Confira:<\/strong><\/p>\n<p><a href=\"https:\/\/i0.wp.com\/blogdoeloiltoncajuhy.com.br\/site\/wp-content\/uploads\/2018\/10\/tse-esclarecimento.jpg\"><img data-recalc-dims=\"1\" decoding=\"async\" class=\"aligncenter wp-image-28821 size-full\" src=\"https:\/\/i0.wp.com\/blogdoeloiltoncajuhy.com.br\/site\/wp-content\/uploads\/2018\/10\/tse-esclarecimento.jpg?resize=800%2C148\" alt=\"\" width=\"800\" height=\"148\" srcset=\"https:\/\/i0.wp.com\/blogdoeloiltoncajuhy.com.br\/site\/wp-content\/uploads\/2018\/10\/tse-esclarecimento.jpg?w=952&amp;ssl=1 952w, https:\/\/i0.wp.com\/blogdoeloiltoncajuhy.com.br\/site\/wp-content\/uploads\/2018\/10\/tse-esclarecimento.jpg?resize=300%2C55&amp;ssl=1 300w, https:\/\/i0.wp.com\/blogdoeloiltoncajuhy.com.br\/site\/wp-content\/uploads\/2018\/10\/tse-esclarecimento.jpg?resize=768%2C142&amp;ssl=1 768w, https:\/\/i0.wp.com\/blogdoeloiltoncajuhy.com.br\/site\/wp-content\/uploads\/2018\/10\/tse-esclarecimento.jpg?resize=250%2C46&amp;ssl=1 250w\" sizes=\"(max-width: 800px) 100vw, 800px\" \/><\/a><\/p>\n<blockquote><p><em><strong>Esclarecimento<\/strong><\/em><\/p><\/blockquote>\n<p><em>Por solicita\u00e7\u00e3o do TSE, o in\u00edcio do hor\u00e1rio de ver\u00e3o foi alterado para depois do 2\u00ba turno das Elei\u00e7\u00f5es 2018. Portanto, as urnas estar\u00e3o preparadas para funcionar no mesmo hor\u00e1rio que funcionaram no 1\u00ba turno.<\/em><\/p>\n<p><em>O C\u00f3digo Eleitoral determina o dia e a hora em que devem ocorrer as elei\u00e7\u00f5es ordin\u00e1rias: o primeiro turno deve ser das 8h \u00e0s 17h do primeiro domingo do m\u00eas de outubro; o segundo turno, no mesmo hor\u00e1rio do \u00faltimo domingo do mesmo m\u00eas.<\/em><\/p>\n<p><em>Ocorre que, devido aos quatro fusos hor\u00e1rios observados no pa\u00eds, a vota\u00e7\u00e3o n\u00e3o se inicia nem se encerra de modo concomitante em todo o territ\u00f3rio nacional, e o hor\u00e1rio de ver\u00e3o contribui para agravar essa situa\u00e7\u00e3o.<\/em><\/p>\n<p><em>Adotado em 10 estados e no Distrito Federal, o hor\u00e1rio de ver\u00e3o foi adiado em 2018 para o in\u00edcio de novembro, ou seja, s\u00f3 come\u00e7ar\u00e1 ap\u00f3s as elei\u00e7\u00f5es.<\/em><\/p>\n<p><em>Como n\u00e3o haver\u00e1 nenhuma mudan\u00e7a no final de semana dos dias 27 e 28 de outubro, os eleitores poder\u00e3o votar no hor\u00e1rio normal. As urnas n\u00e3o est\u00e3o programadas para entrar no hor\u00e1rio de ver\u00e3o antecipadamente, mas sim, para funcionar no hor\u00e1rio oficial.<\/em><\/p>\n<p><strong>*BLOG DO ELOILTON CAJUHY<\/strong><\/p>\n<p>&nbsp;<\/p>\n","protected":false},"excerpt":{"rendered":"<p>Circula nas redes sociais uma informa\u00e7\u00e3o de que a vota\u00e7\u00e3o do segundo turno para elei\u00e7\u00e3o de Presidente do Brasil, marcada para este domingo (28), come\u00e7aria \u00e0s 9h e se encerraria \u00e0s 16h, confus\u00e3o que teria ocorrido por conta do hor\u00e1rio de ver\u00e3o, que s\u00f3 come\u00e7a no outro final de semana. Na manh\u00e3 deste s\u00e1bado (27), [&hellip;]<\/p>\n","protected":false},"author":2,"featured_media":28821,"comment_status":"open","ping_status":"open","sticky":false,"template":"","format":"standard","meta":{"_acf_changed":false,"_monsterinsights_skip_tracking":false,"_monsterinsights_sitenote_active":false,"_monsterinsights_sitenote_note":"","_monsterinsights_sitenote_category":0,"_jetpack_memberships_contains_paid_content":false,"footnotes":"","jetpack_publicize_message":"","jetpack_publicize_feature_enabled":true,"jetpack_social_post_already_shared":true,"jetpack_social_options":{"image_generator_settings":{"template":"highway","default_image_id":0,"font":"","enabled":false},"version":2}},"categories":[1,3,4],"tags":[],"class_list":["post-28819","post","type-post","status-publish","format-standard","has-post-thumbnail","hentry","category-noticias","category-politica","category-local"],"acf":[],"jetpack_publicize_connections":[],"jetpack_featured_media_url":"https:\/\/i0.wp.com\/blogdoeloiltoncajuhy.com.br\/site\/wp-content\/uploads\/2018\/10\/tse-esclarecimento.jpg?fit=952%2C176&ssl=1","jetpack_sharing_enabled":true,"publishpress_future_workflow_manual_trigger":{"enabledWorkflows":[]},"_links":{"self":[{"href":"https:\/\/blogdoeloiltoncajuhy.com.br\/site\/wp-json\/wp\/v2\/posts\/28819","targetHints":{"allow":["GET"]}}],"collection":[{"href":"https:\/\/blogdoeloiltoncajuhy.com.br\/site\/wp-json\/wp\/v2\/posts"}],"about":[{"href":"https:\/\/blogdoeloiltoncajuhy.com.br\/site\/wp-json\/wp\/v2\/types\/post"}],"author":[{"embeddable":true,"href":"https:\/\/blogdoeloiltoncajuhy.com.br\/site\/wp-json\/wp\/v2\/users\/2"}],"replies":[{"embeddable":true,"href":"https:\/\/blogdoeloiltoncajuhy.com.br\/site\/wp-json\/wp\/v2\/comments?post=28819"}],"version-history":[{"count":4,"href":"https:\/\/blogdoeloiltoncajuhy.com.br\/site\/wp-json\/wp\/v2\/posts\/28819\/revisions"}],"predecessor-version":[{"id":28825,"href":"https:\/\/blogdoeloiltoncajuhy.com.br\/site\/wp-json\/wp\/v2\/posts\/28819\/revisions\/28825"}],"wp:featuredmedia":[{"embeddable":true,"href":"https:\/\/blogdoeloiltoncajuhy.com.br\/site\/wp-json\/wp\/v2\/media\/28821"}],"wp:attachment":[{"href":"https:\/\/blogdoeloiltoncajuhy.com.br\/site\/wp-json\/wp\/v2\/media?parent=28819"}],"wp:term":[{"taxonomy":"category","embeddable":true,"href":"https:\/\/blogdoeloiltoncajuhy.com.br\/site\/wp-json\/wp\/v2\/categories?post=28819"},{"taxonomy":"post_tag","embeddable":true,"href":"https:\/\/blogdoeloiltoncajuhy.com.br\/site\/wp-json\/wp\/v2\/tags?post=28819"}],"curies":[{"name":"wp","href":"https:\/\/api.w.org\/{rel}","templated":true}]}}