{"id":28806,"date":"2018-10-27T10:04:56","date_gmt":"2018-10-27T13:04:56","guid":{"rendered":"http:\/\/blogdoeloiltoncajuhy.com.br\/site\/?p=28806"},"modified":"2018-10-27T10:16:37","modified_gmt":"2018-10-27T13:16:37","slug":"criancas-autistas-de-senhor-do-bonfim-terao-tarde-de-festa-neste-sabado-27","status":"publish","type":"post","link":"https:\/\/blogdoeloiltoncajuhy.com.br\/site\/criancas-autistas-de-senhor-do-bonfim-terao-tarde-de-festa-neste-sabado-27\/","title":{"rendered":"Crian\u00e7as autistas de Senhor do Bonfim ter\u00e3o tarde de festa neste s\u00e1bado (27)"},"content":{"rendered":"<p><a href=\"https:\/\/i0.wp.com\/blogdoeloiltoncajuhy.com.br\/site\/wp-content\/uploads\/2017\/04\/autismo-ilus-e1491143251703.jpg\"><img data-recalc-dims=\"1\" fetchpriority=\"high\" decoding=\"async\" class=\"wp-image-16455\" src=\"https:\/\/i0.wp.com\/blogdoeloiltoncajuhy.com.br\/site\/wp-content\/uploads\/2017\/04\/autismo-ilus-e1491143251703.jpg?resize=500%2C335\" alt=\"\" width=\"500\" height=\"335\" \/><\/a><\/p>\n<p>A Associa\u00e7\u00e3o das Crian\u00e7as Autistas de Senhor do Bonfim (<strong>ACASB<\/strong>), vai comemorar neste s\u00e1bado (27), o <strong>Dia da Crian\u00e7a<\/strong>, realizando evento festivo no <strong>Gin\u00e1sio Poliesportivo Jo\u00e3o Correia<\/strong>, vizinho ao Est\u00e1dio Pedro Amorim.<\/p>\n<p>Marcado para as 13h30, o evento vai oferecer brincadeiras com palha\u00e7os, jogos e diversas atividades para as crian\u00e7as autistas de nossa cidade e regi\u00e3o.<\/p>\n<p>De acordo com a vice-presidente da ACASB, Givane Anjos, atualmente a entidade conta com 80 m\u00e3es de crian\u00e7as autistas associadas, de Senhor do Bonfim (sede e interior) e de outras cidades da regi\u00e3o. Mas, segundo ela esse n\u00famero poderia ser maior se as m\u00e3es de outras crian\u00e7as autistas buscassem a associa\u00e7\u00e3o.<\/p>\n<p>A ACASB recebeu recentemente da C\u00e2mara Municipal de Senhor do Bonfim, o reconhecimento de utilidade p\u00fablica, facilitando, assim, o repasse de recursos p\u00fablicos para atender melhor as crian\u00e7as cadastradas. A entidade tamb\u00e9m j\u00e1 \u00e9 reconhecida de utilidade p\u00fablica a n\u00edvel estadual.<\/p>\n<p><strong>*BLOG DO ELOILTON CAJUHY<\/strong><\/p>\n","protected":false},"excerpt":{"rendered":"<p>A Associa\u00e7\u00e3o das Crian\u00e7as Autistas de Senhor do Bonfim (ACASB), vai comemorar neste s\u00e1bado (27), o Dia da Crian\u00e7a, realizando evento festivo no Gin\u00e1sio Poliesportivo Jo\u00e3o Correia, vizinho ao Est\u00e1dio Pedro Amorim. Marcado para as 13h30, o evento vai oferecer brincadeiras com palha\u00e7os, jogos e diversas atividades para as crian\u00e7as autistas de nossa cidade e [&hellip;]<\/p>\n","protected":false},"author":2,"featured_media":0,"comment_status":"open","ping_status":"open","sticky":false,"template":"","format":"standard","meta":{"_acf_changed":false,"_monsterinsights_skip_tracking":false,"_monsterinsights_sitenote_active":false,"_monsterinsights_sitenote_note":"","_monsterinsights_sitenote_category":0,"_jetpack_memberships_contains_paid_content":false,"footnotes":"","jetpack_publicize_message":"","jetpack_publicize_feature_enabled":true,"jetpack_social_post_already_shared":true,"jetpack_social_options":{"image_generator_settings":{"template":"highway","default_image_id":0,"font":"","enabled":false},"version":2}},"categories":[1,4],"tags":[],"class_list":["post-28806","post","type-post","status-publish","format-standard","hentry","category-noticias","category-local"],"acf":[],"jetpack_publicize_connections":[],"jetpack_featured_media_url":"","jetpack_sharing_enabled":true,"publishpress_future_workflow_manual_trigger":{"enabledWorkflows":[]},"_links":{"self":[{"href":"https:\/\/blogdoeloiltoncajuhy.com.br\/site\/wp-json\/wp\/v2\/posts\/28806","targetHints":{"allow":["GET"]}}],"collection":[{"href":"https:\/\/blogdoeloiltoncajuhy.com.br\/site\/wp-json\/wp\/v2\/posts"}],"about":[{"href":"https:\/\/blogdoeloiltoncajuhy.com.br\/site\/wp-json\/wp\/v2\/types\/post"}],"author":[{"embeddable":true,"href":"https:\/\/blogdoeloiltoncajuhy.com.br\/site\/wp-json\/wp\/v2\/users\/2"}],"replies":[{"embeddable":true,"href":"https:\/\/blogdoeloiltoncajuhy.com.br\/site\/wp-json\/wp\/v2\/comments?post=28806"}],"version-history":[{"count":2,"href":"https:\/\/blogdoeloiltoncajuhy.com.br\/site\/wp-json\/wp\/v2\/posts\/28806\/revisions"}],"predecessor-version":[{"id":28808,"href":"https:\/\/blogdoeloiltoncajuhy.com.br\/site\/wp-json\/wp\/v2\/posts\/28806\/revisions\/28808"}],"wp:attachment":[{"href":"https:\/\/blogdoeloiltoncajuhy.com.br\/site\/wp-json\/wp\/v2\/media?parent=28806"}],"wp:term":[{"taxonomy":"category","embeddable":true,"href":"https:\/\/blogdoeloiltoncajuhy.com.br\/site\/wp-json\/wp\/v2\/categories?post=28806"},{"taxonomy":"post_tag","embeddable":true,"href":"https:\/\/blogdoeloiltoncajuhy.com.br\/site\/wp-json\/wp\/v2\/tags?post=28806"}],"curies":[{"name":"wp","href":"https:\/\/api.w.org\/{rel}","templated":true}]}}