{"id":28803,"date":"2018-10-27T09:24:37","date_gmt":"2018-10-27T12:24:37","guid":{"rendered":"http:\/\/blogdoeloiltoncajuhy.com.br\/site\/?p=28803"},"modified":"2018-10-27T09:24:37","modified_gmt":"2018-10-27T12:24:37","slug":"tse-vai-investigar-condutas-de-juizes-que-autorizaram-acoes-policiais-em-universidades","status":"publish","type":"post","link":"https:\/\/blogdoeloiltoncajuhy.com.br\/site\/tse-vai-investigar-condutas-de-juizes-que-autorizaram-acoes-policiais-em-universidades\/","title":{"rendered":"TSE vai investigar condutas de ju\u00edzes que autorizaram a\u00e7\u00f5es policiais em universidades"},"content":{"rendered":"<figure id=\"attachment_28804\" aria-describedby=\"caption-attachment-28804\" style=\"width: 480px\" class=\"wp-caption aligncenter\"><a href=\"https:\/\/i0.wp.com\/blogdoeloiltoncajuhy.com.br\/site\/wp-content\/uploads\/2018\/10\/rosa-weber_21.jpg\"><img data-recalc-dims=\"1\" fetchpriority=\"high\" decoding=\"async\" class=\"wp-image-28804\" src=\"https:\/\/i0.wp.com\/blogdoeloiltoncajuhy.com.br\/site\/wp-content\/uploads\/2018\/10\/rosa-weber_21.jpg?resize=480%2C354\" alt=\"\" width=\"480\" height=\"354\" srcset=\"https:\/\/i0.wp.com\/blogdoeloiltoncajuhy.com.br\/site\/wp-content\/uploads\/2018\/10\/rosa-weber_21.jpg?w=380&amp;ssl=1 380w, https:\/\/i0.wp.com\/blogdoeloiltoncajuhy.com.br\/site\/wp-content\/uploads\/2018\/10\/rosa-weber_21.jpg?resize=300%2C221&amp;ssl=1 300w, https:\/\/i0.wp.com\/blogdoeloiltoncajuhy.com.br\/site\/wp-content\/uploads\/2018\/10\/rosa-weber_21.jpg?resize=250%2C184&amp;ssl=1 250w\" sizes=\"(max-width: 480px) 100vw, 480px\" \/><\/a><figcaption id=\"caption-attachment-28804\" class=\"wp-caption-text\">Foto: Valter Campanato\/Ag\u00eancia Brasil<\/figcaption><\/figure>\n<p>A presidente do Tribunal Superior Eleitoral (TSE), ministra Rosa Weber, anunciou, nesta sexta-feira (26), que a Justi\u00e7a Eleitoral ir\u00e1 investigar a conduta dos ju\u00edzes que autorizaram a\u00e7\u00f5es policiais e de fiscais em universidades p\u00fablicas, sob alega\u00e7\u00e3o de apurar supostas propagadas eleitorais irregulares.<\/p>\n<p>De acordo com informa\u00e7\u00f5es da EBC, a ministra comentou os incidente na \u00faltima sess\u00e3o do TSE antes do segundo turno das elei\u00e7\u00f5es, na tarde desta sexta-feira (26). &#8220;<em>O TSE est\u00e1 adotando todas as provid\u00eancias cab\u00edveis, por meio da Corregedoria-Geral da Justi\u00e7a Eleitoral, para esclarecer as circunst\u00e2ncias e coibir eventuais excessos no exerc\u00edcio de poder de pol\u00edcia eleitoral no \u00e2mbito das universidades de diversos estados da Federa\u00e7\u00e3o<\/em>&#8220;, afirmou Rosa Weber, que defendeu o trabalho para coibir a propaganda irregular, mas destacando que a restri\u00e7\u00e3o n\u00e3o deve comprometer a liberdade de manifesta\u00e7\u00e3o de pensamento nas universidades.<\/p>\n<p>&#8220;<em>A aplica\u00e7\u00e3o do poder de pol\u00edcia da Justi\u00e7a Eleitoral tem por finalidade evitar o desequil\u00edbrio de for\u00e7as no pleito eleitoral, assegurando, al\u00e9m do princ\u00edpio da isonomia, o pleno exerc\u00edcio da liberdade de express\u00e3o. A pr\u00e9via e escrita ordem da Justi\u00e7a Eleitoral \u00e9 pressuposto para toda e qualquer constri\u00e7\u00e3o de direito. Eventuais excessos merecem a devida apura\u00e7\u00e3o<\/em>&#8220;, acrescentou a ministra.<\/p>\n<p>Tamb\u00e9m presente na sess\u00e3o, a procuradora-geral Eleitoral, Raquel Dodge, tamb\u00e9m anunciou que entrou com uma a\u00e7\u00e3o no Supremo Tribunal Federal (STF) para assegurar a liberdade de reuni\u00e3o e de manifesta\u00e7\u00e3o nas universidades p\u00fablicas. &#8220;<em>H\u00e1 ind\u00edcios claros de que houve ofensa da liberdade de express\u00e3o, a liberdade de reuni\u00e3o, a liberdade de c\u00e1tedra, que garante autonomia universit\u00e1ria<\/em>&#8220;, disse Dodge.<\/p>\n<p>Na reta final das elei\u00e7\u00f5es presidenciais, diversas universidades p\u00fablicas em todo pa\u00eds foram alvo de a\u00e7\u00f5es policiais e da Justi\u00e7a Eleitoral.<\/p>\n<p><em><strong>*Bahia Not\u00edcias<\/strong><\/em><\/p>\n","protected":false},"excerpt":{"rendered":"<p>A presidente do Tribunal Superior Eleitoral (TSE), ministra Rosa Weber, anunciou, nesta sexta-feira (26), que a Justi\u00e7a Eleitoral ir\u00e1 investigar a conduta dos ju\u00edzes que autorizaram a\u00e7\u00f5es policiais e de fiscais em universidades p\u00fablicas, sob alega\u00e7\u00e3o de apurar supostas propagadas eleitorais irregulares. De acordo com informa\u00e7\u00f5es da EBC, a ministra comentou os incidente na \u00faltima [&hellip;]<\/p>\n","protected":false},"author":2,"featured_media":28804,"comment_status":"open","ping_status":"open","sticky":false,"template":"","format":"standard","meta":{"_acf_changed":false,"_monsterinsights_skip_tracking":false,"_monsterinsights_sitenote_active":false,"_monsterinsights_sitenote_note":"","_monsterinsights_sitenote_category":0,"_jetpack_memberships_contains_paid_content":false,"footnotes":"","jetpack_publicize_message":"","jetpack_publicize_feature_enabled":true,"jetpack_social_post_already_shared":true,"jetpack_social_options":{"image_generator_settings":{"template":"highway","default_image_id":0,"font":"","enabled":false},"version":2}},"categories":[1,3],"tags":[],"class_list":["post-28803","post","type-post","status-publish","format-standard","has-post-thumbnail","hentry","category-noticias","category-politica"],"acf":[],"jetpack_publicize_connections":[],"jetpack_featured_media_url":"https:\/\/i0.wp.com\/blogdoeloiltoncajuhy.com.br\/site\/wp-content\/uploads\/2018\/10\/rosa-weber_21.jpg?fit=380%2C280&ssl=1","jetpack_sharing_enabled":true,"publishpress_future_workflow_manual_trigger":{"enabledWorkflows":[]},"_links":{"self":[{"href":"https:\/\/blogdoeloiltoncajuhy.com.br\/site\/wp-json\/wp\/v2\/posts\/28803","targetHints":{"allow":["GET"]}}],"collection":[{"href":"https:\/\/blogdoeloiltoncajuhy.com.br\/site\/wp-json\/wp\/v2\/posts"}],"about":[{"href":"https:\/\/blogdoeloiltoncajuhy.com.br\/site\/wp-json\/wp\/v2\/types\/post"}],"author":[{"embeddable":true,"href":"https:\/\/blogdoeloiltoncajuhy.com.br\/site\/wp-json\/wp\/v2\/users\/2"}],"replies":[{"embeddable":true,"href":"https:\/\/blogdoeloiltoncajuhy.com.br\/site\/wp-json\/wp\/v2\/comments?post=28803"}],"version-history":[{"count":1,"href":"https:\/\/blogdoeloiltoncajuhy.com.br\/site\/wp-json\/wp\/v2\/posts\/28803\/revisions"}],"predecessor-version":[{"id":28805,"href":"https:\/\/blogdoeloiltoncajuhy.com.br\/site\/wp-json\/wp\/v2\/posts\/28803\/revisions\/28805"}],"wp:featuredmedia":[{"embeddable":true,"href":"https:\/\/blogdoeloiltoncajuhy.com.br\/site\/wp-json\/wp\/v2\/media\/28804"}],"wp:attachment":[{"href":"https:\/\/blogdoeloiltoncajuhy.com.br\/site\/wp-json\/wp\/v2\/media?parent=28803"}],"wp:term":[{"taxonomy":"category","embeddable":true,"href":"https:\/\/blogdoeloiltoncajuhy.com.br\/site\/wp-json\/wp\/v2\/categories?post=28803"},{"taxonomy":"post_tag","embeddable":true,"href":"https:\/\/blogdoeloiltoncajuhy.com.br\/site\/wp-json\/wp\/v2\/tags?post=28803"}],"curies":[{"name":"wp","href":"https:\/\/api.w.org\/{rel}","templated":true}]}}