{"id":28788,"date":"2018-10-26T20:41:03","date_gmt":"2018-10-26T23:41:03","guid":{"rendered":"http:\/\/blogdoeloiltoncajuhy.com.br\/site\/?p=28788"},"modified":"2018-10-26T20:41:03","modified_gmt":"2018-10-26T23:41:03","slug":"assembleia-legislativa-divulga-edital-de-concurso-publico-com-123-vagas-para-nivel-medio-tecnico-e-superior-na-bahia","status":"publish","type":"post","link":"https:\/\/blogdoeloiltoncajuhy.com.br\/site\/assembleia-legislativa-divulga-edital-de-concurso-publico-com-123-vagas-para-nivel-medio-tecnico-e-superior-na-bahia\/","title":{"rendered":"Assembleia Legislativa divulga edital de concurso p\u00fablico com 123 vagas para n\u00edvel m\u00e9dio, t\u00e9cnico e superior na Bahia"},"content":{"rendered":"<h5 style=\"text-align: center;\"><em>As inscri\u00e7\u00f5es ser\u00e3o abertas na segunda-feira (29) e devem ser feitas no site da Funda\u00e7\u00e3o Get\u00falio Vargas (FGV)<\/em><\/h5>\n<p><a href=\"https:\/\/i0.wp.com\/blogdoeloiltoncajuhy.com.br\/site\/wp-content\/uploads\/2018\/08\/alba.jpg\"><img data-recalc-dims=\"1\" fetchpriority=\"high\" decoding=\"async\" class=\"aligncenter size-full wp-image-27452\" src=\"https:\/\/i0.wp.com\/blogdoeloiltoncajuhy.com.br\/site\/wp-content\/uploads\/2018\/08\/alba.jpg?resize=560%2C360\" alt=\"\" width=\"560\" height=\"360\" srcset=\"https:\/\/i0.wp.com\/blogdoeloiltoncajuhy.com.br\/site\/wp-content\/uploads\/2018\/08\/alba.jpg?w=560&amp;ssl=1 560w, https:\/\/i0.wp.com\/blogdoeloiltoncajuhy.com.br\/site\/wp-content\/uploads\/2018\/08\/alba.jpg?resize=300%2C193&amp;ssl=1 300w, https:\/\/i0.wp.com\/blogdoeloiltoncajuhy.com.br\/site\/wp-content\/uploads\/2018\/08\/alba.jpg?resize=250%2C161&amp;ssl=1 250w\" sizes=\"(max-width: 560px) 100vw, 560px\" \/><\/a>A Assembleia Legislativa da Bahia (Alba) divulgou edital, nesta sexta-feira (26), para concurso p\u00fablico com preenchimento imediato de 123 vagas para n\u00edvel m\u00e9dio, m\u00e9dio-t\u00e9cnico e superior nesta sexta-feira (26). <em><strong>[Confira o quadro de vagas no final da reportagem]<\/strong><\/em>.<\/p>\n<p>As inscri\u00e7\u00f5es ser\u00e3o abertas a partir das 14h da segunda-feira (29) e devem ser feitas no site da Funda\u00e7\u00e3o Get\u00falio Vargas (FGV), organizadora do processo seletivo, at\u00e9 o dia 16 de novembro.<\/p>\n<p>Segundo a Alba, 92 vagas ser\u00e3o voltadas para candidatos com n\u00edvel m\u00e9dio, 31 para quem tem n\u00edvel superior e tr\u00eas para n\u00edvel m\u00e9dio-t\u00e9cnico. A taxa de inscri\u00e7\u00e3o \u00e9 de R$ 66 para os cargos de n\u00edvel m\u00e9dio e m\u00e9dio-t\u00e9cnico e R$ 77 para os de n\u00edvel superior, e deve ser paga at\u00e9 16 de novembro.<\/p>\n<p>A remunera\u00e7\u00e3o inicial para os interessados em ocupar as vagas para o n\u00edvel m\u00e9dio \u00e9 de R$ 4.118,67. Ser\u00e3o 35 vagas para a \u00e1rea administrativa, 11 para agentes femininas de Pol\u00edcia Legislativa e 43 para agentes masculinos.<\/p>\n<p>As 3 vagas dispon\u00edveis em n\u00edvel m\u00e9dio-t\u00e9cnico s\u00e3o para especialistas em odontologia. A remunera\u00e7\u00e3o inicial tamb\u00e9m \u00e9 de R$ 4.118,67.<\/p>\n<p>Os cargos de n\u00edvel superior s\u00e3o para os cursos de administra\u00e7\u00e3o, an\u00e1lise de sistema, auditoria, procuradoria, enfermagem, jornalismo\/comunica\u00e7\u00e3o, medicina do trabalho, nutri\u00e7\u00e3o, reda\u00e7\u00e3o e revis\u00e3o legislativa e taquigrafia. A remunera\u00e7\u00e3o inicial \u00e9 de R$ 4.872,61.<\/p>\n<p>As provas de n\u00edvel m\u00e9dio constar\u00e3o de 12 quest\u00f5es objetivas de l\u00edngua portuguesa, oito de legisla\u00e7\u00e3o espec\u00edfica, oito de racioc\u00ednio l\u00f3gico, oito de no\u00e7\u00f5es de inform\u00e1tica e 30 de conhecimentos espec\u00edficos. As de n\u00edvel superior ter\u00e3o 14 de l\u00edngua portuguesa, dez de legisla\u00e7\u00e3o espec\u00edfica, oito de racioc\u00ednio l\u00f3gico, oito de conhecimentos gerais e 40 de conhecimentos espec\u00edficos.<\/p>\n<p>Tamb\u00e9m haver\u00e1 provas espec\u00edficas para os cargos de procurador, auditor e taqu\u00edgrafo, incluindo avalia\u00e7\u00f5es escritas.<\/p>\n<h5><strong>Confira as vagas dispon\u00edveis:<\/strong><\/h5>\n<figure id=\"attachment_28789\" aria-describedby=\"caption-attachment-28789\" style=\"width: 984px\" class=\"wp-caption aligncenter\"><a href=\"https:\/\/i0.wp.com\/blogdoeloiltoncajuhy.com.br\/site\/wp-content\/uploads\/2018\/10\/al-ba_concurso-2018_1.jpg\"><img data-recalc-dims=\"1\" decoding=\"async\" class=\"wp-image-28789 size-full\" src=\"https:\/\/i0.wp.com\/blogdoeloiltoncajuhy.com.br\/site\/wp-content\/uploads\/2018\/10\/al-ba_concurso-2018_1.jpg?resize=800%2C507\" alt=\"\" width=\"800\" height=\"507\" srcset=\"https:\/\/i0.wp.com\/blogdoeloiltoncajuhy.com.br\/site\/wp-content\/uploads\/2018\/10\/al-ba_concurso-2018_1.jpg?w=984&amp;ssl=1 984w, https:\/\/i0.wp.com\/blogdoeloiltoncajuhy.com.br\/site\/wp-content\/uploads\/2018\/10\/al-ba_concurso-2018_1.jpg?resize=300%2C190&amp;ssl=1 300w, https:\/\/i0.wp.com\/blogdoeloiltoncajuhy.com.br\/site\/wp-content\/uploads\/2018\/10\/al-ba_concurso-2018_1.jpg?resize=768%2C486&amp;ssl=1 768w, https:\/\/i0.wp.com\/blogdoeloiltoncajuhy.com.br\/site\/wp-content\/uploads\/2018\/10\/al-ba_concurso-2018_1.jpg?resize=250%2C158&amp;ssl=1 250w\" sizes=\"(max-width: 800px) 100vw, 800px\" \/><\/a><figcaption id=\"caption-attachment-28789\" class=\"wp-caption-text\">Alba divulga edital com 123 vagas para concurso p\u00fablico \u2014 Foto: Divulga\u00e7\u00e3o\/Alba<\/figcaption><\/figure>\n<figure id=\"attachment_28790\" aria-describedby=\"caption-attachment-28790\" style=\"width: 984px\" class=\"wp-caption aligncenter\"><a href=\"https:\/\/i0.wp.com\/blogdoeloiltoncajuhy.com.br\/site\/wp-content\/uploads\/2018\/10\/al-ba_concurso-2018_2.jpg\"><img data-recalc-dims=\"1\" decoding=\"async\" class=\"wp-image-28790 size-full\" src=\"https:\/\/i0.wp.com\/blogdoeloiltoncajuhy.com.br\/site\/wp-content\/uploads\/2018\/10\/al-ba_concurso-2018_2.jpg?resize=800%2C407\" alt=\"\" width=\"800\" height=\"407\" srcset=\"https:\/\/i0.wp.com\/blogdoeloiltoncajuhy.com.br\/site\/wp-content\/uploads\/2018\/10\/al-ba_concurso-2018_2.jpg?w=984&amp;ssl=1 984w, https:\/\/i0.wp.com\/blogdoeloiltoncajuhy.com.br\/site\/wp-content\/uploads\/2018\/10\/al-ba_concurso-2018_2.jpg?resize=300%2C153&amp;ssl=1 300w, https:\/\/i0.wp.com\/blogdoeloiltoncajuhy.com.br\/site\/wp-content\/uploads\/2018\/10\/al-ba_concurso-2018_2.jpg?resize=768%2C391&amp;ssl=1 768w, https:\/\/i0.wp.com\/blogdoeloiltoncajuhy.com.br\/site\/wp-content\/uploads\/2018\/10\/al-ba_concurso-2018_2.jpg?resize=250%2C127&amp;ssl=1 250w\" sizes=\"(max-width: 800px) 100vw, 800px\" \/><\/a><figcaption id=\"caption-attachment-28790\" class=\"wp-caption-text\">Alba divulga edital com vagas para n\u00edvel superior \u2014 Foto: Divulga\u00e7\u00e3o\/Alba<\/figcaption><\/figure>\n<p><em><strong>*Por G1 BA<\/strong><\/em><\/p>\n","protected":false},"excerpt":{"rendered":"<p>As inscri\u00e7\u00f5es ser\u00e3o abertas na segunda-feira (29) e devem ser feitas no site da Funda\u00e7\u00e3o Get\u00falio Vargas (FGV) A Assembleia Legislativa da Bahia (Alba) divulgou edital, nesta sexta-feira (26), para concurso p\u00fablico com preenchimento imediato de 123 vagas para n\u00edvel m\u00e9dio, m\u00e9dio-t\u00e9cnico e superior nesta sexta-feira (26). [Confira o quadro de vagas no final da [&hellip;]<\/p>\n","protected":false},"author":2,"featured_media":28790,"comment_status":"open","ping_status":"open","sticky":false,"template":"","format":"standard","meta":{"_acf_changed":false,"_monsterinsights_skip_tracking":false,"_monsterinsights_sitenote_active":false,"_monsterinsights_sitenote_note":"","_monsterinsights_sitenote_category":0,"_jetpack_memberships_contains_paid_content":false,"footnotes":"","jetpack_publicize_message":"","jetpack_publicize_feature_enabled":true,"jetpack_social_post_already_shared":true,"jetpack_social_options":{"image_generator_settings":{"template":"highway","default_image_id":0,"font":"","enabled":false},"version":2}},"categories":[5,1],"tags":[],"class_list":["post-28788","post","type-post","status-publish","format-standard","has-post-thumbnail","hentry","category-cotidiano","category-noticias"],"acf":[],"jetpack_publicize_connections":[],"jetpack_featured_media_url":"https:\/\/i0.wp.com\/blogdoeloiltoncajuhy.com.br\/site\/wp-content\/uploads\/2018\/10\/al-ba_concurso-2018_2.jpg?fit=984%2C501&ssl=1","jetpack_sharing_enabled":true,"publishpress_future_workflow_manual_trigger":{"enabledWorkflows":[]},"_links":{"self":[{"href":"https:\/\/blogdoeloiltoncajuhy.com.br\/site\/wp-json\/wp\/v2\/posts\/28788","targetHints":{"allow":["GET"]}}],"collection":[{"href":"https:\/\/blogdoeloiltoncajuhy.com.br\/site\/wp-json\/wp\/v2\/posts"}],"about":[{"href":"https:\/\/blogdoeloiltoncajuhy.com.br\/site\/wp-json\/wp\/v2\/types\/post"}],"author":[{"embeddable":true,"href":"https:\/\/blogdoeloiltoncajuhy.com.br\/site\/wp-json\/wp\/v2\/users\/2"}],"replies":[{"embeddable":true,"href":"https:\/\/blogdoeloiltoncajuhy.com.br\/site\/wp-json\/wp\/v2\/comments?post=28788"}],"version-history":[{"count":1,"href":"https:\/\/blogdoeloiltoncajuhy.com.br\/site\/wp-json\/wp\/v2\/posts\/28788\/revisions"}],"predecessor-version":[{"id":28791,"href":"https:\/\/blogdoeloiltoncajuhy.com.br\/site\/wp-json\/wp\/v2\/posts\/28788\/revisions\/28791"}],"wp:featuredmedia":[{"embeddable":true,"href":"https:\/\/blogdoeloiltoncajuhy.com.br\/site\/wp-json\/wp\/v2\/media\/28790"}],"wp:attachment":[{"href":"https:\/\/blogdoeloiltoncajuhy.com.br\/site\/wp-json\/wp\/v2\/media?parent=28788"}],"wp:term":[{"taxonomy":"category","embeddable":true,"href":"https:\/\/blogdoeloiltoncajuhy.com.br\/site\/wp-json\/wp\/v2\/categories?post=28788"},{"taxonomy":"post_tag","embeddable":true,"href":"https:\/\/blogdoeloiltoncajuhy.com.br\/site\/wp-json\/wp\/v2\/tags?post=28788"}],"curies":[{"name":"wp","href":"https:\/\/api.w.org\/{rel}","templated":true}]}}