{"id":28786,"date":"2018-10-26T20:32:27","date_gmt":"2018-10-26T23:32:27","guid":{"rendered":"http:\/\/blogdoeloiltoncajuhy.com.br\/site\/?p=28786"},"modified":"2018-10-26T20:32:27","modified_gmt":"2018-10-26T23:32:27","slug":"apos-5-meses-bandeira-tarifaria-passara-do-patamar-vermelho-para-o-amarelo-em-novembro","status":"publish","type":"post","link":"https:\/\/blogdoeloiltoncajuhy.com.br\/site\/apos-5-meses-bandeira-tarifaria-passara-do-patamar-vermelho-para-o-amarelo-em-novembro\/","title":{"rendered":"Ap\u00f3s 5 meses, bandeira tarif\u00e1ria passar\u00e1 do patamar vermelho para o amarelo em novembro"},"content":{"rendered":"<h5 style=\"text-align: center;\"><em>Informa\u00e7\u00e3o foi divulgada nesta sexta-feira (26) pela Aneel. Com mudan\u00e7a, taxa extra na conta de luz cair\u00e1 de R$ 5 para R$ 1 a cada 100 kWh consumidos<\/em><\/h5>\n<p><a href=\"https:\/\/i0.wp.com\/blogdoeloiltoncajuhy.com.br\/site\/wp-content\/uploads\/2018\/09\/luz-ebc.jpg\"><img data-recalc-dims=\"1\" fetchpriority=\"high\" decoding=\"async\" class=\"size-full wp-image-27661 alignleft\" src=\"https:\/\/i0.wp.com\/blogdoeloiltoncajuhy.com.br\/site\/wp-content\/uploads\/2018\/09\/luz-ebc.jpg?resize=380%2C280\" alt=\"\" width=\"380\" height=\"280\" srcset=\"https:\/\/i0.wp.com\/blogdoeloiltoncajuhy.com.br\/site\/wp-content\/uploads\/2018\/09\/luz-ebc.jpg?w=380&amp;ssl=1 380w, https:\/\/i0.wp.com\/blogdoeloiltoncajuhy.com.br\/site\/wp-content\/uploads\/2018\/09\/luz-ebc.jpg?resize=300%2C221&amp;ssl=1 300w, https:\/\/i0.wp.com\/blogdoeloiltoncajuhy.com.br\/site\/wp-content\/uploads\/2018\/09\/luz-ebc.jpg?resize=250%2C184&amp;ssl=1 250w\" sizes=\"(max-width: 380px) 100vw, 380px\" \/><\/a>A Ag\u00eancia Nacional de Energia El\u00e9trica (Aneel) informou nesta sexta-feira (26) que, ap\u00f3s cinco meses seguidos, a bandeira tarif\u00e1ria deixar\u00e1 de ser vermelha e passar\u00e1 a ser amarela em novembro.\u00a0Com a decis\u00e3o da Aneel, a taxa extra na conta de luz cair\u00e1 de R$ 5,00 para R$ 1,00 a cada 100 quilowatts-hora (KWh) consumidos.<\/p>\n<p>De acordo com a Aneel, apesar de os reservat\u00f3rios das usinas hidrel\u00e9tricas ainda apresentarem n\u00edveis reduzidos, houve queda no pre\u00e7o da energia no mercado a vista com o in\u00edcio da esta\u00e7\u00e3o chuvosa.<\/p>\n<p><strong>Sistema de bandeiras<\/strong><\/p>\n<p>Criado pela Aneel, o sistema de bandeiras tarif\u00e1rias sinaliza o custo da energia gerada, possibilitando aos consumidores reduzir o consumo quando a energia est\u00e1 mais cara.<\/p>\n<p>O funcionamento das bandeiras tarif\u00e1rias funciona da seguinte maneira: as cores verde, amarela ou vermelha (nos patamares 1 e 2) indicam se a energia custar\u00e1 mais ou menos em fun\u00e7\u00e3o das condi\u00e7\u00f5es de gera\u00e7\u00e3o.<\/p>\n<p><em><strong>*Por La\u00eds Lis, G1 \u2014 Bras\u00edlia<\/strong><\/em><\/p>\n","protected":false},"excerpt":{"rendered":"<p>Informa\u00e7\u00e3o foi divulgada nesta sexta-feira (26) pela Aneel. Com mudan\u00e7a, taxa extra na conta de luz cair\u00e1 de R$ 5 para R$ 1 a cada 100 kWh consumidos A Ag\u00eancia Nacional de Energia El\u00e9trica (Aneel) informou nesta sexta-feira (26) que, ap\u00f3s cinco meses seguidos, a bandeira tarif\u00e1ria deixar\u00e1 de ser vermelha e passar\u00e1 a ser [&hellip;]<\/p>\n","protected":false},"author":2,"featured_media":0,"comment_status":"open","ping_status":"open","sticky":false,"template":"","format":"standard","meta":{"_acf_changed":false,"_monsterinsights_skip_tracking":false,"_monsterinsights_sitenote_active":false,"_monsterinsights_sitenote_note":"","_monsterinsights_sitenote_category":0,"_jetpack_memberships_contains_paid_content":false,"footnotes":"","jetpack_publicize_message":"","jetpack_publicize_feature_enabled":true,"jetpack_social_post_already_shared":true,"jetpack_social_options":{"image_generator_settings":{"template":"highway","default_image_id":0,"font":"","enabled":false},"version":2}},"categories":[5,1],"tags":[],"class_list":["post-28786","post","type-post","status-publish","format-standard","hentry","category-cotidiano","category-noticias"],"acf":[],"jetpack_publicize_connections":[],"jetpack_featured_media_url":"","jetpack_sharing_enabled":true,"publishpress_future_workflow_manual_trigger":{"enabledWorkflows":[]},"_links":{"self":[{"href":"https:\/\/blogdoeloiltoncajuhy.com.br\/site\/wp-json\/wp\/v2\/posts\/28786","targetHints":{"allow":["GET"]}}],"collection":[{"href":"https:\/\/blogdoeloiltoncajuhy.com.br\/site\/wp-json\/wp\/v2\/posts"}],"about":[{"href":"https:\/\/blogdoeloiltoncajuhy.com.br\/site\/wp-json\/wp\/v2\/types\/post"}],"author":[{"embeddable":true,"href":"https:\/\/blogdoeloiltoncajuhy.com.br\/site\/wp-json\/wp\/v2\/users\/2"}],"replies":[{"embeddable":true,"href":"https:\/\/blogdoeloiltoncajuhy.com.br\/site\/wp-json\/wp\/v2\/comments?post=28786"}],"version-history":[{"count":1,"href":"https:\/\/blogdoeloiltoncajuhy.com.br\/site\/wp-json\/wp\/v2\/posts\/28786\/revisions"}],"predecessor-version":[{"id":28787,"href":"https:\/\/blogdoeloiltoncajuhy.com.br\/site\/wp-json\/wp\/v2\/posts\/28786\/revisions\/28787"}],"wp:attachment":[{"href":"https:\/\/blogdoeloiltoncajuhy.com.br\/site\/wp-json\/wp\/v2\/media?parent=28786"}],"wp:term":[{"taxonomy":"category","embeddable":true,"href":"https:\/\/blogdoeloiltoncajuhy.com.br\/site\/wp-json\/wp\/v2\/categories?post=28786"},{"taxonomy":"post_tag","embeddable":true,"href":"https:\/\/blogdoeloiltoncajuhy.com.br\/site\/wp-json\/wp\/v2\/tags?post=28786"}],"curies":[{"name":"wp","href":"https:\/\/api.w.org\/{rel}","templated":true}]}}