{"id":28780,"date":"2018-10-26T06:48:24","date_gmt":"2018-10-26T09:48:24","guid":{"rendered":"http:\/\/blogdoeloiltoncajuhy.com.br\/site\/?p=28780"},"modified":"2018-10-26T06:48:24","modified_gmt":"2018-10-26T09:48:24","slug":"al-ba-aprova-criacao-do-dia-estadual-de-enfrentamento-a-violencia-contra-a-mulher","status":"publish","type":"post","link":"https:\/\/blogdoeloiltoncajuhy.com.br\/site\/al-ba-aprova-criacao-do-dia-estadual-de-enfrentamento-a-violencia-contra-a-mulher\/","title":{"rendered":"AL-BA aprova cria\u00e7\u00e3o do Dia Estadual de Enfrentamento \u00e0 Viol\u00eancia Contra a Mulher"},"content":{"rendered":"<figure id=\"attachment_28781\" aria-describedby=\"caption-attachment-28781\" style=\"width: 400px\" class=\"wp-caption alignright\"><a href=\"https:\/\/i0.wp.com\/blogdoeloiltoncajuhy.com.br\/site\/wp-content\/uploads\/2018\/10\/deputada-mirela-macedo.jpg\"><img data-recalc-dims=\"1\" fetchpriority=\"high\" decoding=\"async\" class=\"wp-image-28781\" src=\"https:\/\/i0.wp.com\/blogdoeloiltoncajuhy.com.br\/site\/wp-content\/uploads\/2018\/10\/deputada-mirela-macedo.jpg?resize=400%2C295\" alt=\"\" width=\"400\" height=\"295\" srcset=\"https:\/\/i0.wp.com\/blogdoeloiltoncajuhy.com.br\/site\/wp-content\/uploads\/2018\/10\/deputada-mirela-macedo.jpg?w=380&amp;ssl=1 380w, https:\/\/i0.wp.com\/blogdoeloiltoncajuhy.com.br\/site\/wp-content\/uploads\/2018\/10\/deputada-mirela-macedo.jpg?resize=300%2C221&amp;ssl=1 300w, https:\/\/i0.wp.com\/blogdoeloiltoncajuhy.com.br\/site\/wp-content\/uploads\/2018\/10\/deputada-mirela-macedo.jpg?resize=250%2C184&amp;ssl=1 250w\" sizes=\"(max-width: 400px) 100vw, 400px\" \/><\/a><figcaption id=\"caption-attachment-28781\" class=\"wp-caption-text\">Foto: Bahia Not\u00edcias<\/figcaption><\/figure>\n<p>A Assembleia Legislativa da Bahia (AL-BA) aprovou um projeto de lei apresentado pela <strong>deputada Mirela Macedo<\/strong> (PSD) que institui o dia 13 de novembro como o <strong>Dia Estadual de Enfrentamento \u00e0 Viol\u00eancia Contra a Mulher<\/strong> no estado. O projeto foi aprovado por unanimidade pelo plen\u00e1rio da Casa Legislativa na \u00faltima ter\u00e7a-feira (23) e agora segue para san\u00e7\u00e3o do governador Rui Costa (PT).<\/p>\n<p>A nova data criada para o calend\u00e1rio baiano prev\u00ea promo\u00e7\u00e3o de eventos e atividades educacionais e culturais que ter\u00e3o por tema o combate a todo tipo de viol\u00eancia contra a mulher.<\/p>\n<p>\u201c<em>O Poder P\u00fablico deve assumir a miss\u00e3o de orientar, de informar e de acolher as mulheres, v\u00edtimas ou n\u00e3o de quaisquer agress\u00e3o. Portanto, \u00e9 de suma import\u00e2ncia a exist\u00eancia de pol\u00edticas p\u00fablicas que sirvam de apoio \u00e0s mulheres<\/em>\u201d, explicou Mirela Macedo, deputada respons\u00e1vel pelo texto.<\/p>\n<p>No hist\u00f3rico de projetos aprovados em defesa da mulher, a Assembleia Legislativa da Bahia j\u00e1 transformou em lei o texto da deputada Ivana Bastos (PSD) que impede que condenados por crimes de feminic\u00eddio ou contra mulheres em situa\u00e7\u00e3o de viol\u00eancia dom\u00e9stica e familiar sejam admitidos em cargos p\u00fablicos.<\/p>\n<p>De acordo com o Di\u00e1rio Oficial da Institui\u00e7\u00e3o, a AL-BA aprovou tamb\u00e9m outro projeto de Mirela, obrigando servi\u00e7os m\u00e9dicos de urg\u00eancia e emerg\u00eancia a informarem \u00e0 delegacia especializada o atendimento de mulheres sob suspeita de viol\u00eancia dom\u00e9stica.<\/p>\n<p><em><strong>*Bahia Not\u00edcias<\/strong><\/em><\/p>\n","protected":false},"excerpt":{"rendered":"<p>A Assembleia Legislativa da Bahia (AL-BA) aprovou um projeto de lei apresentado pela deputada Mirela Macedo (PSD) que institui o dia 13 de novembro como o Dia Estadual de Enfrentamento \u00e0 Viol\u00eancia Contra a Mulher no estado. O projeto foi aprovado por unanimidade pelo plen\u00e1rio da Casa Legislativa na \u00faltima ter\u00e7a-feira (23) e agora segue [&hellip;]<\/p>\n","protected":false},"author":2,"featured_media":28781,"comment_status":"open","ping_status":"open","sticky":false,"template":"","format":"standard","meta":{"_acf_changed":false,"_monsterinsights_skip_tracking":false,"_monsterinsights_sitenote_active":false,"_monsterinsights_sitenote_note":"","_monsterinsights_sitenote_category":0,"_jetpack_memberships_contains_paid_content":false,"footnotes":"","jetpack_publicize_message":"","jetpack_publicize_feature_enabled":true,"jetpack_social_post_already_shared":true,"jetpack_social_options":{"image_generator_settings":{"template":"highway","default_image_id":0,"font":"","enabled":false},"version":2}},"categories":[1,3],"tags":[],"class_list":["post-28780","post","type-post","status-publish","format-standard","has-post-thumbnail","hentry","category-noticias","category-politica"],"acf":[],"jetpack_publicize_connections":[],"jetpack_featured_media_url":"https:\/\/i0.wp.com\/blogdoeloiltoncajuhy.com.br\/site\/wp-content\/uploads\/2018\/10\/deputada-mirela-macedo.jpg?fit=380%2C280&ssl=1","jetpack_sharing_enabled":true,"publishpress_future_workflow_manual_trigger":{"enabledWorkflows":[]},"_links":{"self":[{"href":"https:\/\/blogdoeloiltoncajuhy.com.br\/site\/wp-json\/wp\/v2\/posts\/28780","targetHints":{"allow":["GET"]}}],"collection":[{"href":"https:\/\/blogdoeloiltoncajuhy.com.br\/site\/wp-json\/wp\/v2\/posts"}],"about":[{"href":"https:\/\/blogdoeloiltoncajuhy.com.br\/site\/wp-json\/wp\/v2\/types\/post"}],"author":[{"embeddable":true,"href":"https:\/\/blogdoeloiltoncajuhy.com.br\/site\/wp-json\/wp\/v2\/users\/2"}],"replies":[{"embeddable":true,"href":"https:\/\/blogdoeloiltoncajuhy.com.br\/site\/wp-json\/wp\/v2\/comments?post=28780"}],"version-history":[{"count":1,"href":"https:\/\/blogdoeloiltoncajuhy.com.br\/site\/wp-json\/wp\/v2\/posts\/28780\/revisions"}],"predecessor-version":[{"id":28782,"href":"https:\/\/blogdoeloiltoncajuhy.com.br\/site\/wp-json\/wp\/v2\/posts\/28780\/revisions\/28782"}],"wp:featuredmedia":[{"embeddable":true,"href":"https:\/\/blogdoeloiltoncajuhy.com.br\/site\/wp-json\/wp\/v2\/media\/28781"}],"wp:attachment":[{"href":"https:\/\/blogdoeloiltoncajuhy.com.br\/site\/wp-json\/wp\/v2\/media?parent=28780"}],"wp:term":[{"taxonomy":"category","embeddable":true,"href":"https:\/\/blogdoeloiltoncajuhy.com.br\/site\/wp-json\/wp\/v2\/categories?post=28780"},{"taxonomy":"post_tag","embeddable":true,"href":"https:\/\/blogdoeloiltoncajuhy.com.br\/site\/wp-json\/wp\/v2\/tags?post=28780"}],"curies":[{"name":"wp","href":"https:\/\/api.w.org\/{rel}","templated":true}]}}