{"id":28734,"date":"2018-10-24T19:31:35","date_gmt":"2018-10-24T22:31:35","guid":{"rendered":"http:\/\/blogdoeloiltoncajuhy.com.br\/site\/?p=28734"},"modified":"2018-10-24T19:31:35","modified_gmt":"2018-10-24T22:31:35","slug":"comece-a-quinta-feira-meditando-53","status":"publish","type":"post","link":"https:\/\/blogdoeloiltoncajuhy.com.br\/site\/comece-a-quinta-feira-meditando-53\/","title":{"rendered":"Comece a quinta-feira meditando"},"content":{"rendered":"<h5 style=\"text-align: center;\"><span style=\"color: #ff0000;\"><strong>Evangelho &#8211; Lc 12,49-53 &#8211;\u00a0N\u00e3o vim trazer a paz mas a divis\u00e3o<\/strong><\/span><\/h5>\n<p><a href=\"https:\/\/i0.wp.com\/blogdoeloiltoncajuhy.com.br\/site\/wp-content\/uploads\/2016\/09\/liturgia_set_16-2.jpg\"><img data-recalc-dims=\"1\" fetchpriority=\"high\" decoding=\"async\" class=\"aligncenter wp-image-12279\" src=\"https:\/\/i0.wp.com\/blogdoeloiltoncajuhy.com.br\/site\/wp-content\/uploads\/2016\/09\/liturgia_set_16-2.jpg?resize=400%2C225\" alt=\"\" width=\"400\" height=\"225\" srcset=\"https:\/\/i0.wp.com\/blogdoeloiltoncajuhy.com.br\/site\/wp-content\/uploads\/2016\/09\/liturgia_set_16-2.jpg?w=320&amp;ssl=1 320w, https:\/\/i0.wp.com\/blogdoeloiltoncajuhy.com.br\/site\/wp-content\/uploads\/2016\/09\/liturgia_set_16-2.jpg?resize=300%2C169&amp;ssl=1 300w, https:\/\/i0.wp.com\/blogdoeloiltoncajuhy.com.br\/site\/wp-content\/uploads\/2016\/09\/liturgia_set_16-2.jpg?resize=250%2C141&amp;ssl=1 250w\" sizes=\"(max-width: 400px) 100vw, 400px\" \/><\/a>Naquele tempo, disse Jesus a seus disc\u00edpulos:\u00a0Eu vim para lan\u00e7ar fogo sobre a terra,\u00a0e como gostaria que j\u00e1 estivesse aceso!\u00a0Devo receber um batismo,\u00a0e como estou ansioso at\u00e9 que isto se cumpra!\u00a0V\u00f3s pensais que eu vim trazer a paz sobre a terra?\u00a0Pelo contr\u00e1rio, eu vos digo, vim trazer divis\u00e3o.\u00a0Pois, daqui em diante, numa fam\u00edlia de cinco pessoas,\u00a0tr\u00eas ficar\u00e3o divididas contra duas e duas contra tr\u00eas;\u00a0ficar\u00e3o divididos:\u00a0o pai contra o filho e o filho contra o pai;\u00a0a m\u00e3e contra a filha e a filha contra a m\u00e3e;\u00a0a sogra contra a nora e a nora contra a sogra&#8217;.<\/p>\n<p><em><strong>Palavra da Salva\u00e7\u00e3o!<\/strong><\/em><\/p>\n<p><strong>*<a href=\"http:\/\/liturgiadiaria.cnbb.org.br\/app\/user\/user\/UserView.php?ano=2018&amp;mes=10&amp;dia=25\">CNBB<\/a><\/strong><\/p>\n","protected":false},"excerpt":{"rendered":"<p>Evangelho &#8211; Lc 12,49-53 &#8211;\u00a0N\u00e3o vim trazer a paz mas a divis\u00e3o Naquele tempo, disse Jesus a seus disc\u00edpulos:\u00a0Eu vim para lan\u00e7ar fogo sobre a terra,\u00a0e como gostaria que j\u00e1 estivesse aceso!\u00a0Devo receber um batismo,\u00a0e como estou ansioso at\u00e9 que isto se cumpra!\u00a0V\u00f3s pensais que eu vim trazer a paz sobre a terra?\u00a0Pelo contr\u00e1rio, eu [&hellip;]<\/p>\n","protected":false},"author":2,"featured_media":0,"comment_status":"open","ping_status":"open","sticky":false,"template":"","format":"standard","meta":{"_acf_changed":false,"_monsterinsights_skip_tracking":false,"_monsterinsights_sitenote_active":false,"_monsterinsights_sitenote_note":"","_monsterinsights_sitenote_category":0,"_jetpack_memberships_contains_paid_content":false,"footnotes":"","jetpack_publicize_message":"","jetpack_publicize_feature_enabled":true,"jetpack_social_post_already_shared":true,"jetpack_social_options":{"image_generator_settings":{"template":"highway","default_image_id":0,"font":"","enabled":false},"version":2}},"categories":[1,9],"tags":[],"class_list":["post-28734","post","type-post","status-publish","format-standard","hentry","category-noticias","category-reflexao"],"acf":[],"jetpack_publicize_connections":[],"jetpack_featured_media_url":"","jetpack_sharing_enabled":true,"publishpress_future_workflow_manual_trigger":{"enabledWorkflows":[]},"_links":{"self":[{"href":"https:\/\/blogdoeloiltoncajuhy.com.br\/site\/wp-json\/wp\/v2\/posts\/28734","targetHints":{"allow":["GET"]}}],"collection":[{"href":"https:\/\/blogdoeloiltoncajuhy.com.br\/site\/wp-json\/wp\/v2\/posts"}],"about":[{"href":"https:\/\/blogdoeloiltoncajuhy.com.br\/site\/wp-json\/wp\/v2\/types\/post"}],"author":[{"embeddable":true,"href":"https:\/\/blogdoeloiltoncajuhy.com.br\/site\/wp-json\/wp\/v2\/users\/2"}],"replies":[{"embeddable":true,"href":"https:\/\/blogdoeloiltoncajuhy.com.br\/site\/wp-json\/wp\/v2\/comments?post=28734"}],"version-history":[{"count":1,"href":"https:\/\/blogdoeloiltoncajuhy.com.br\/site\/wp-json\/wp\/v2\/posts\/28734\/revisions"}],"predecessor-version":[{"id":28735,"href":"https:\/\/blogdoeloiltoncajuhy.com.br\/site\/wp-json\/wp\/v2\/posts\/28734\/revisions\/28735"}],"wp:attachment":[{"href":"https:\/\/blogdoeloiltoncajuhy.com.br\/site\/wp-json\/wp\/v2\/media?parent=28734"}],"wp:term":[{"taxonomy":"category","embeddable":true,"href":"https:\/\/blogdoeloiltoncajuhy.com.br\/site\/wp-json\/wp\/v2\/categories?post=28734"},{"taxonomy":"post_tag","embeddable":true,"href":"https:\/\/blogdoeloiltoncajuhy.com.br\/site\/wp-json\/wp\/v2\/tags?post=28734"}],"curies":[{"name":"wp","href":"https:\/\/api.w.org\/{rel}","templated":true}]}}