{"id":28732,"date":"2018-10-24T19:25:37","date_gmt":"2018-10-24T22:25:37","guid":{"rendered":"http:\/\/blogdoeloiltoncajuhy.com.br\/site\/?p=28732"},"modified":"2018-10-24T19:25:37","modified_gmt":"2018-10-24T22:25:37","slug":"camara-aprova-criacao-do-sistema-nacional-de-certificacao-dos-produtos-da-agricultura-familiar","status":"publish","type":"post","link":"https:\/\/blogdoeloiltoncajuhy.com.br\/site\/camara-aprova-criacao-do-sistema-nacional-de-certificacao-dos-produtos-da-agricultura-familiar\/","title":{"rendered":"C\u00e2mara aprova cria\u00e7\u00e3o do Sistema Nacional de Certifica\u00e7\u00e3o dos Produtos da Agricultura Familiar"},"content":{"rendered":"<h5 style=\"text-align: center;\"><em>O texto garante aos produtores cadastrados no sistema acesso privilegiado aos recursos do Sistema Nacional de Cr\u00e9dito Rural<\/em><\/h5>\n<p><a href=\"https:\/\/i0.wp.com\/blogdoeloiltoncajuhy.com.br\/site\/wp-content\/uploads\/2017\/11\/agricultura.jpg\"><img data-recalc-dims=\"1\" fetchpriority=\"high\" decoding=\"async\" class=\"aligncenter size-full wp-image-21645\" src=\"https:\/\/i0.wp.com\/blogdoeloiltoncajuhy.com.br\/site\/wp-content\/uploads\/2017\/11\/agricultura.jpg?resize=480%2C320\" alt=\"\" width=\"480\" height=\"320\" srcset=\"https:\/\/i0.wp.com\/blogdoeloiltoncajuhy.com.br\/site\/wp-content\/uploads\/2017\/11\/agricultura.jpg?w=480&amp;ssl=1 480w, https:\/\/i0.wp.com\/blogdoeloiltoncajuhy.com.br\/site\/wp-content\/uploads\/2017\/11\/agricultura.jpg?resize=300%2C200&amp;ssl=1 300w, https:\/\/i0.wp.com\/blogdoeloiltoncajuhy.com.br\/site\/wp-content\/uploads\/2017\/11\/agricultura.jpg?resize=250%2C167&amp;ssl=1 250w\" sizes=\"(max-width: 480px) 100vw, 480px\" \/><\/a>A C\u00e2mara aprovou proposta (PL 52\/11) que cria o Sistema Nacional de Certifica\u00e7\u00e3o dos Produtos da Agricultura Familiar e o Selo da Produ\u00e7\u00e3o da Agricultura Familiar.<\/p>\n<p>Segundo dados do Minist\u00e9rio do Desenvolvimento Agr\u00e1rio, a agricultura familiar responde por quase 87% da produ\u00e7\u00e3o de mandioca; 70% do feij\u00e3o; 58% do leite; 50% de aves; 59% de su\u00ednos; 46% do milho; 38% do caf\u00e9 e 34% da produ\u00e7\u00e3o de arroz.<\/p>\n<p>Pelo texto, a ades\u00e3o ao sistema ser\u00e1 facultativa e a certifica\u00e7\u00e3o dos produtos ficar\u00e1 a cargo de entidades credenciadas para esse fim, que podem ser p\u00fablicas ou privadas. O objetivo da proposta \u00e9 criar uma imagem associada \u00e0 produ\u00e7\u00e3o da agricultura familiar, aumentar a confian\u00e7a do consumidor nesses produtos e elevar a qualidade deles.<\/p>\n<p>O texto garante aos produtores cadastrados no sistema acesso privilegiado aos recursos do Sistema Nacional de Cr\u00e9dito Rural, e \u00e0 venda de produtos a programas governamentais de aquisi\u00e7\u00e3o de alimentos para forma\u00e7\u00e3o de estoques e para a merenda escolar.<\/p>\n<p>O autor do projeto, deputado Assis do Couto, do PDT do Paran\u00e1, afirmou que j\u00e1 existe uma resolu\u00e7\u00e3o do Minist\u00e9rio do Desenvolvimento Agr\u00e1rio que instituiu o selo da agricultura familiar, mas, para ele, uma lei vai garantir a perman\u00eancia do selo como um programa de Estado.<\/p>\n<p>&#8220;<em>Porque se \u00e9 apenas uma decis\u00e3o interna do Executivo ele pode de uma hora para outra mudar a pol\u00edtica e a\u00ed n\u00e3o ter mais a certifica\u00e7\u00e3o, n\u00e3o existir mais o selo. Por isso n\u00f3s trabalhamos para a aprova\u00e7\u00e3o desse selo, desse certificado para a agricultura familiar<\/em>&#8220;.<\/p>\n<p>O diretor do Sindicato dos Trabalhadores Rurais de Barreiros, Pernambuco, e agricultor Familiar, Amaro da Silva Bi\u00e1, afirmou que o selo d\u00e1 mais visibilidade para a produ\u00e7\u00e3o agr\u00edcola familiar, que muitas vezes enfrenta dificuldades de inser\u00e7\u00e3o no mercado.<\/p>\n<p>&#8220;<em>Nas cidades do interior ainda n\u00e3o tem um lugar adequado para a comercializa\u00e7\u00e3o do produto da agricultura familiar de uma forma adequada. Precisa de mais pol\u00edticas p\u00fablicas que venham ajudar e melhorar a qualidade do produto oferecido para a popula\u00e7\u00e3o e tamb\u00e9m para os agricultores familiares que vendem seus produtos<\/em>&#8220;.<\/p>\n<p>A proposta que cria o Sistema Nacional de Certifica\u00e7\u00e3o dos Produtos da Agricultura Familiar e o Selo da Produ\u00e7\u00e3o da Agricultura Familiar ainda vai ser analisada pelas comiss\u00f5es do Senado.<\/p>\n<p><em><strong>*Reportagem &#8211; Karla Alessandra\/R\u00e1dio C\u00e2mara<\/strong><\/em><\/p>\n","protected":false},"excerpt":{"rendered":"<p>O texto garante aos produtores cadastrados no sistema acesso privilegiado aos recursos do Sistema Nacional de Cr\u00e9dito Rural A C\u00e2mara aprovou proposta (PL 52\/11) que cria o Sistema Nacional de Certifica\u00e7\u00e3o dos Produtos da Agricultura Familiar e o Selo da Produ\u00e7\u00e3o da Agricultura Familiar. Segundo dados do Minist\u00e9rio do Desenvolvimento Agr\u00e1rio, a agricultura familiar responde [&hellip;]<\/p>\n","protected":false},"author":2,"featured_media":0,"comment_status":"open","ping_status":"open","sticky":false,"template":"","format":"standard","meta":{"_acf_changed":false,"_monsterinsights_skip_tracking":false,"_monsterinsights_sitenote_active":false,"_monsterinsights_sitenote_note":"","_monsterinsights_sitenote_category":0,"_jetpack_memberships_contains_paid_content":false,"footnotes":"","jetpack_publicize_message":"","jetpack_publicize_feature_enabled":true,"jetpack_social_post_already_shared":true,"jetpack_social_options":{"image_generator_settings":{"template":"highway","default_image_id":0,"font":"","enabled":false},"version":2}},"categories":[1,3],"tags":[],"class_list":["post-28732","post","type-post","status-publish","format-standard","hentry","category-noticias","category-politica"],"acf":[],"jetpack_publicize_connections":[],"jetpack_featured_media_url":"","jetpack_sharing_enabled":true,"publishpress_future_workflow_manual_trigger":{"enabledWorkflows":[]},"_links":{"self":[{"href":"https:\/\/blogdoeloiltoncajuhy.com.br\/site\/wp-json\/wp\/v2\/posts\/28732","targetHints":{"allow":["GET"]}}],"collection":[{"href":"https:\/\/blogdoeloiltoncajuhy.com.br\/site\/wp-json\/wp\/v2\/posts"}],"about":[{"href":"https:\/\/blogdoeloiltoncajuhy.com.br\/site\/wp-json\/wp\/v2\/types\/post"}],"author":[{"embeddable":true,"href":"https:\/\/blogdoeloiltoncajuhy.com.br\/site\/wp-json\/wp\/v2\/users\/2"}],"replies":[{"embeddable":true,"href":"https:\/\/blogdoeloiltoncajuhy.com.br\/site\/wp-json\/wp\/v2\/comments?post=28732"}],"version-history":[{"count":1,"href":"https:\/\/blogdoeloiltoncajuhy.com.br\/site\/wp-json\/wp\/v2\/posts\/28732\/revisions"}],"predecessor-version":[{"id":28733,"href":"https:\/\/blogdoeloiltoncajuhy.com.br\/site\/wp-json\/wp\/v2\/posts\/28732\/revisions\/28733"}],"wp:attachment":[{"href":"https:\/\/blogdoeloiltoncajuhy.com.br\/site\/wp-json\/wp\/v2\/media?parent=28732"}],"wp:term":[{"taxonomy":"category","embeddable":true,"href":"https:\/\/blogdoeloiltoncajuhy.com.br\/site\/wp-json\/wp\/v2\/categories?post=28732"},{"taxonomy":"post_tag","embeddable":true,"href":"https:\/\/blogdoeloiltoncajuhy.com.br\/site\/wp-json\/wp\/v2\/tags?post=28732"}],"curies":[{"name":"wp","href":"https:\/\/api.w.org\/{rel}","templated":true}]}}