{"id":28729,"date":"2018-10-24T16:16:51","date_gmt":"2018-10-24T19:16:51","guid":{"rendered":"http:\/\/blogdoeloiltoncajuhy.com.br\/site\/?p=28729"},"modified":"2018-10-24T16:16:51","modified_gmt":"2018-10-24T19:16:51","slug":"pf-abre-inquerito-sobre-video-com-ataques-a-ministros-do-tse-e-stf","status":"publish","type":"post","link":"https:\/\/blogdoeloiltoncajuhy.com.br\/site\/pf-abre-inquerito-sobre-video-com-ataques-a-ministros-do-tse-e-stf\/","title":{"rendered":"PF abre inqu\u00e9rito sobre v\u00eddeo com ataques a ministros do TSE e STF"},"content":{"rendered":"<figure id=\"attachment_28730\" aria-describedby=\"caption-attachment-28730\" style=\"width: 754px\" class=\"wp-caption aligncenter\"><a href=\"https:\/\/i0.wp.com\/blogdoeloiltoncajuhy.com.br\/site\/wp-content\/uploads\/2018\/10\/ministro-raul-jungman.jpg\"><img data-recalc-dims=\"1\" fetchpriority=\"high\" decoding=\"async\" class=\"size-full wp-image-28730\" src=\"https:\/\/i0.wp.com\/blogdoeloiltoncajuhy.com.br\/site\/wp-content\/uploads\/2018\/10\/ministro-raul-jungman.jpg?resize=754%2C503\" alt=\"\" width=\"754\" height=\"503\" srcset=\"https:\/\/i0.wp.com\/blogdoeloiltoncajuhy.com.br\/site\/wp-content\/uploads\/2018\/10\/ministro-raul-jungman.jpg?w=754&amp;ssl=1 754w, https:\/\/i0.wp.com\/blogdoeloiltoncajuhy.com.br\/site\/wp-content\/uploads\/2018\/10\/ministro-raul-jungman.jpg?resize=300%2C200&amp;ssl=1 300w, https:\/\/i0.wp.com\/blogdoeloiltoncajuhy.com.br\/site\/wp-content\/uploads\/2018\/10\/ministro-raul-jungman.jpg?resize=250%2C167&amp;ssl=1 250w\" sizes=\"(max-width: 754px) 100vw, 754px\" \/><\/a><figcaption id=\"caption-attachment-28730\" class=\"wp-caption-text\">O ministro da Seguran\u00e7a P\u00fablica, Raul Jungmann, durante cerim\u00f4nia no STF (Foto: Marcelo Camargo\/Ag\u00eancia Brasil)<\/figcaption><\/figure>\n<p>A Pol\u00edcia Federal (PF) instaurou inqu\u00e9rito para investigar um v\u00eddeo no YouTube no qual o coronel da reserva do Ex\u00e9rcito Carlos Alves refere-se \u00e0 presidente do Tribunal Superior Eleitoral (TSE), ministra Rosa Weber, como \u201c<em>salafr\u00e1ria e corrupta<\/em>\u201d, al\u00e9m de criticar e fazer amea\u00e7as a outros ministros do Supremo Tribunal Federal (STF).<\/p>\n<p>A abertura do inqu\u00e9rito foi confirmada pelo ministro da Seguran\u00e7a P\u00fablica, Raul Jungmann, nesta quarta-feira (24). Al\u00e9m da investiga\u00e7\u00e3o sobre o coronel, foram abertos mais tr\u00eas inqu\u00e9ritos para apurar amea\u00e7as a Rosa Weber.<\/p>\n<p>\u201c<em>Ontem mesmo determinei instaura\u00e7\u00e3o de inqu\u00e9rito para apurar essas agress\u00f5es de que ela foi vitima, sabemos de quem se trata e onde se encontra<\/em>\u201d, disse Jungmann, ap\u00f3s cerim\u00f4nia para repasse de recursos do governo ao Conselho Nacional de Justi\u00e7a (CNJ).<\/p>\n<p>Ontem (23), os ministros da Segunda Turma do STF aprovaram um of\u00edcio para que o coronel fosse investigado, a ser encaminhado \u00e0 Procuradoria-Geral da Rep\u00fablica (PGR), que se adiantou e solicitou a abertura do inqu\u00e9rito pela PF.<\/p>\n<p>Em resposta ao v\u00eddeo, o ministro Celso de Mello, o mais antigo do STF, prestou solidariedade a Rosa Weber e aos ministros Ricardo Lewandowski, Dias Toffoli e Luiz Fux, que tamb\u00e9m foram citados. Na abertura da sess\u00e3o da Segunda Turma, ele afirmou que seus pares foram alvo de &#8220;<em>ataques imundos e s\u00f3rdidos<\/em>&#8220;.<\/p>\n<p>&#8220;<em>O primarismo vociferante desse ofensor da honra alheia fez-me lembrar daqueles personagens pat\u00e9ticos que, privados da capacidade de pensar com intelig\u00eancia, optam por manifestar \u00f3dio visceral e demonstram intoler\u00e2ncia radical contra os que consideram seus inimigos. Todo esse quadro imundo que resulta do v\u00eddeo, que, longe de traduzir express\u00e3o leg\u00edtima da liberdade de palavras, constitui verdadeiro corpo de delito comprobat\u00f3rio da inf\u00e2mia perpetrada pelo autor<\/em>&#8220;, afirmou Celso de Mello.<\/p>\n<p>No v\u00eddeo de 29 minutos, o coronel Carlos Alves faz ainda amea\u00e7as ao TSE, caso o tribunal leve adiante uma a\u00e7\u00e3o que possa resultar na cassa\u00e7\u00e3o do candidato do PSL \u00e0 Presid\u00eancia da Rep\u00fablica, Jair Bolsonaro. &#8220;<em>Se aceitarem essa den\u00fancia rid\u00edcula e derrubarem Bolsonaro por crime eleitoral, n\u00f3s vamos a\u00ed derrubar voc\u00eas a\u00ed, sim<\/em>&#8220;, diz.<\/p>\n<p>Em nota divulgada na noite de ter\u00e7a-feira (23), o Ex\u00e9rcito informou ter aberto uma investiga\u00e7\u00e3o para apurar a conduta do coronel da reserva. \u201c<em>O referido militar afronta diversas autoridades e deve assumir as responsabilidades por suas declara\u00e7\u00f5es, as quais n\u00e3o representam o pensamento do Ex\u00e9rcito Brasileiro<\/em>\u201d, afirma o texto.<\/p>\n<p>Desde in\u00edcio do processo eleitoral, a PF j\u00e1 abriu 2.007 inqu\u00e9ritos para apurar irregularidades cometidas por cidad\u00e3os, segundo dados atualizados pelo ministro da Seguran\u00e7a P\u00fablica, Raul Jungmann.<\/p>\n<p><em><strong>*Ag\u00eancia Brasil<\/strong><\/em><\/p>\n","protected":false},"excerpt":{"rendered":"<p>A Pol\u00edcia Federal (PF) instaurou inqu\u00e9rito para investigar um v\u00eddeo no YouTube no qual o coronel da reserva do Ex\u00e9rcito Carlos Alves refere-se \u00e0 presidente do Tribunal Superior Eleitoral (TSE), ministra Rosa Weber, como \u201csalafr\u00e1ria e corrupta\u201d, al\u00e9m de criticar e fazer amea\u00e7as a outros ministros do Supremo Tribunal Federal (STF). A abertura do inqu\u00e9rito [&hellip;]<\/p>\n","protected":false},"author":2,"featured_media":28730,"comment_status":"open","ping_status":"open","sticky":false,"template":"","format":"standard","meta":{"_acf_changed":false,"_monsterinsights_skip_tracking":false,"_monsterinsights_sitenote_active":false,"_monsterinsights_sitenote_note":"","_monsterinsights_sitenote_category":0,"_jetpack_memberships_contains_paid_content":false,"footnotes":"","jetpack_publicize_message":"","jetpack_publicize_feature_enabled":true,"jetpack_social_post_already_shared":true,"jetpack_social_options":{"image_generator_settings":{"template":"highway","default_image_id":0,"font":"","enabled":false},"version":2}},"categories":[1,3],"tags":[],"class_list":["post-28729","post","type-post","status-publish","format-standard","has-post-thumbnail","hentry","category-noticias","category-politica"],"acf":[],"jetpack_publicize_connections":[],"jetpack_featured_media_url":"https:\/\/i0.wp.com\/blogdoeloiltoncajuhy.com.br\/site\/wp-content\/uploads\/2018\/10\/ministro-raul-jungman.jpg?fit=754%2C503&ssl=1","jetpack_sharing_enabled":true,"publishpress_future_workflow_manual_trigger":{"enabledWorkflows":[]},"_links":{"self":[{"href":"https:\/\/blogdoeloiltoncajuhy.com.br\/site\/wp-json\/wp\/v2\/posts\/28729","targetHints":{"allow":["GET"]}}],"collection":[{"href":"https:\/\/blogdoeloiltoncajuhy.com.br\/site\/wp-json\/wp\/v2\/posts"}],"about":[{"href":"https:\/\/blogdoeloiltoncajuhy.com.br\/site\/wp-json\/wp\/v2\/types\/post"}],"author":[{"embeddable":true,"href":"https:\/\/blogdoeloiltoncajuhy.com.br\/site\/wp-json\/wp\/v2\/users\/2"}],"replies":[{"embeddable":true,"href":"https:\/\/blogdoeloiltoncajuhy.com.br\/site\/wp-json\/wp\/v2\/comments?post=28729"}],"version-history":[{"count":1,"href":"https:\/\/blogdoeloiltoncajuhy.com.br\/site\/wp-json\/wp\/v2\/posts\/28729\/revisions"}],"predecessor-version":[{"id":28731,"href":"https:\/\/blogdoeloiltoncajuhy.com.br\/site\/wp-json\/wp\/v2\/posts\/28729\/revisions\/28731"}],"wp:featuredmedia":[{"embeddable":true,"href":"https:\/\/blogdoeloiltoncajuhy.com.br\/site\/wp-json\/wp\/v2\/media\/28730"}],"wp:attachment":[{"href":"https:\/\/blogdoeloiltoncajuhy.com.br\/site\/wp-json\/wp\/v2\/media?parent=28729"}],"wp:term":[{"taxonomy":"category","embeddable":true,"href":"https:\/\/blogdoeloiltoncajuhy.com.br\/site\/wp-json\/wp\/v2\/categories?post=28729"},{"taxonomy":"post_tag","embeddable":true,"href":"https:\/\/blogdoeloiltoncajuhy.com.br\/site\/wp-json\/wp\/v2\/tags?post=28729"}],"curies":[{"name":"wp","href":"https:\/\/api.w.org\/{rel}","templated":true}]}}