{"id":28722,"date":"2018-10-24T10:11:19","date_gmt":"2018-10-24T13:11:19","guid":{"rendered":"http:\/\/blogdoeloiltoncajuhy.com.br\/site\/?p=28722"},"modified":"2018-10-24T10:11:19","modified_gmt":"2018-10-24T13:11:19","slug":"justica-aceita-denuncia-do-mp-e-suspeito-de-matar-moa-do-katende-vira-reu","status":"publish","type":"post","link":"https:\/\/blogdoeloiltoncajuhy.com.br\/site\/justica-aceita-denuncia-do-mp-e-suspeito-de-matar-moa-do-katende-vira-reu\/","title":{"rendered":"Justi\u00e7a aceita den\u00fancia do MP e suspeito de matar Moa do Katend\u00ea vira r\u00e9u"},"content":{"rendered":"<h5 style=\"text-align: center;\"><em>Barbeiro \u00e9 acusado de homic\u00eddio duplamente qualificado, por motivo f\u00fatil e impossibilidade de defesa da v\u00edtima. Crime ocorreu ap\u00f3s discuss\u00e3o pol\u00edtica, na madrugada ap\u00f3s elei\u00e7\u00f5es, em Salvador<\/em><\/h5>\n<figure id=\"attachment_28394\" aria-describedby=\"caption-attachment-28394\" style=\"width: 640px\" class=\"wp-caption aligncenter\"><a href=\"https:\/\/i0.wp.com\/blogdoeloiltoncajuhy.com.br\/site\/wp-content\/uploads\/2018\/10\/moa-katende.jpg\"><img data-recalc-dims=\"1\" fetchpriority=\"high\" decoding=\"async\" class=\"wp-image-28394 size-full\" src=\"https:\/\/i0.wp.com\/blogdoeloiltoncajuhy.com.br\/site\/wp-content\/uploads\/2018\/10\/moa-katende.jpg?resize=640%2C360\" alt=\"\" width=\"640\" height=\"360\" srcset=\"https:\/\/i0.wp.com\/blogdoeloiltoncajuhy.com.br\/site\/wp-content\/uploads\/2018\/10\/moa-katende.jpg?w=640&amp;ssl=1 640w, https:\/\/i0.wp.com\/blogdoeloiltoncajuhy.com.br\/site\/wp-content\/uploads\/2018\/10\/moa-katende.jpg?resize=300%2C169&amp;ssl=1 300w, https:\/\/i0.wp.com\/blogdoeloiltoncajuhy.com.br\/site\/wp-content\/uploads\/2018\/10\/moa-katende.jpg?resize=250%2C141&amp;ssl=1 250w\" sizes=\"(max-width: 640px) 100vw, 640px\" \/><\/a><figcaption id=\"caption-attachment-28394\" class=\"wp-caption-text\">Moa, a v\u00edtima<\/figcaption><\/figure>\n<p>A Justi\u00e7a da Bahia aceitou a den\u00fancia do Minist\u00e9rio P\u00fablico do estado (MP-BA) e o barbeiro suspeito de matar o mestre de capoeira <strong>Moa do Katend\u00ea<\/strong> a facadas, em Salvador, se tornou r\u00e9u. A informa\u00e7\u00e3o foi divulgada pelo Tribunal de Justi\u00e7a da Bahia (TJ-BA) nesta ter\u00e7a-feira (23). A den\u00fancia foi aceita na segunda (22).<\/p>\n<p>Pela morte de Moa, <strong>Paulo S\u00e9rgio Ferreira de Santana<\/strong>, de 36 anos, \u00e9 acusado de homic\u00eddio duplamente qualificado, por motivo f\u00fatil e impossibilidade de defesa da v\u00edtima. J\u00e1 por ferir o primo da v\u00edtima, <strong>Germino do Amor Divino Pereira<\/strong>, de 51 anos, que tentou defender o capoeirista das agress\u00f5es, o barbeiro \u00e9 acusado de tentativa de homic\u00eddio duplamente qualificado.<\/p>\n<p>O caso est\u00e1 no 1\u00ba Ju\u00edzo da 1\u00aa Vara do Tribunal do J\u00fari. De acordo com o TJ-BA, o processo est\u00e1 no in\u00edcio e, somente ap\u00f3s a instru\u00e7\u00e3o com oitiva de todas as testemunhas, tanto de acusa\u00e7\u00e3o quanto de defesa, e interrogat\u00f3rio do r\u00e9u, \u00e9 que se define se ele vai ou n\u00e3o a j\u00fari popular.<\/p>\n<figure id=\"attachment_28416\" aria-describedby=\"caption-attachment-28416\" style=\"width: 1344px\" class=\"wp-caption aligncenter\"><a href=\"https:\/\/i0.wp.com\/blogdoeloiltoncajuhy.com.br\/site\/wp-content\/uploads\/2018\/10\/paulo-sergio-assassino-moa.jpeg\"><img data-recalc-dims=\"1\" decoding=\"async\" class=\"wp-image-28416 size-full\" src=\"https:\/\/i0.wp.com\/blogdoeloiltoncajuhy.com.br\/site\/wp-content\/uploads\/2018\/10\/paulo-sergio-assassino-moa.jpeg?resize=800%2C600\" alt=\"\" width=\"800\" height=\"600\" srcset=\"https:\/\/i0.wp.com\/blogdoeloiltoncajuhy.com.br\/site\/wp-content\/uploads\/2018\/10\/paulo-sergio-assassino-moa.jpeg?w=1344&amp;ssl=1 1344w, https:\/\/i0.wp.com\/blogdoeloiltoncajuhy.com.br\/site\/wp-content\/uploads\/2018\/10\/paulo-sergio-assassino-moa.jpeg?resize=300%2C225&amp;ssl=1 300w, https:\/\/i0.wp.com\/blogdoeloiltoncajuhy.com.br\/site\/wp-content\/uploads\/2018\/10\/paulo-sergio-assassino-moa.jpeg?resize=768%2C576&amp;ssl=1 768w, https:\/\/i0.wp.com\/blogdoeloiltoncajuhy.com.br\/site\/wp-content\/uploads\/2018\/10\/paulo-sergio-assassino-moa.jpeg?resize=1024%2C768&amp;ssl=1 1024w, https:\/\/i0.wp.com\/blogdoeloiltoncajuhy.com.br\/site\/wp-content\/uploads\/2018\/10\/paulo-sergio-assassino-moa.jpeg?resize=250%2C188&amp;ssl=1 250w\" sizes=\"(max-width: 800px) 100vw, 800px\" \/><\/a><figcaption id=\"caption-attachment-28416\" class=\"wp-caption-text\">Paulo S\u00e9rgio (de camisa listrada), o acusado<\/figcaption><\/figure>\n<p><strong>Caso<\/strong><\/p>\n<p>O crime ocorreu na madrugada de 8 de setembro, horas ap\u00f3s a vota\u00e7\u00e3o do primeiro turno das elei\u00e7\u00f5es. As v\u00edtimas e o suspeito estavam em um bar, no Engenho Velho de Brotas. A investiga\u00e7\u00e3o da Pol\u00edcia Civil concluiu que Paulo e Moa brigaram por disputa pol\u00edtica.<\/p>\n<p>Segundo a pol\u00edcia, o capoeirista, de 63 anos, teria criticado o candidato \u00e0 presid\u00eancia Jair Bolsonaro (PSL), gerando o desentendimento com o suspeito. Os dois discutiram em voz alta e \u201c<em>agrediram-se mutuamente de forma verbal<\/em>\u201d, conforme o MP.<\/p>\n<p>Em seguida, ainda segundo o \u00f3rg\u00e3o, Paulo S\u00e9rgio saiu do estabelecimento em dire\u00e7\u00e3o \u00e0 casa dele, onde pegou uma faca tipo peixeira e retornou ao bar para agredir Moa do Katend\u00ea. A v\u00edtima foi atingida por 13 facadas. Conforme o MP, a maior parte dos ferimentos foi no pesco\u00e7o e no t\u00f3rax do capoeirista.<\/p>\n<p>Em depoimento, no entanto, Paulo S\u00e9rgio negou que o crime tenha sido motivado por pol\u00edtica. A vers\u00e3o, contudo, \u00e9 contestada pela pol\u00edcia, que diz que testemunhas confirmam que a diverg\u00eancia pol\u00edtica deu origem \u00e0 discuss\u00e3o.<\/p>\n<p>Paulo S\u00e9rgio est\u00e1 preso desde o dia do crime. Ele foi detido em flagrante, mas, no dia 9 de outubro, o homem passou por audi\u00eancia de cust\u00f3dia e teve pris\u00e3o preventiva decretada pela Justi\u00e7a. O suspeito est\u00e1 no sistema prisional.<\/p>\n<p><em><strong>*Por G1 BA<\/strong><\/em><\/p>\n","protected":false},"excerpt":{"rendered":"<p>Barbeiro \u00e9 acusado de homic\u00eddio duplamente qualificado, por motivo f\u00fatil e impossibilidade de defesa da v\u00edtima. Crime ocorreu ap\u00f3s discuss\u00e3o pol\u00edtica, na madrugada ap\u00f3s elei\u00e7\u00f5es, em Salvador A Justi\u00e7a da Bahia aceitou a den\u00fancia do Minist\u00e9rio P\u00fablico do estado (MP-BA) e o barbeiro suspeito de matar o mestre de capoeira Moa do Katend\u00ea a facadas, [&hellip;]<\/p>\n","protected":false},"author":2,"featured_media":0,"comment_status":"open","ping_status":"open","sticky":false,"template":"","format":"standard","meta":{"_acf_changed":false,"_monsterinsights_skip_tracking":false,"_monsterinsights_sitenote_active":false,"_monsterinsights_sitenote_note":"","_monsterinsights_sitenote_category":0,"_jetpack_memberships_contains_paid_content":false,"footnotes":"","jetpack_publicize_message":"","jetpack_publicize_feature_enabled":true,"jetpack_social_post_already_shared":true,"jetpack_social_options":{"image_generator_settings":{"template":"highway","default_image_id":0,"font":"","enabled":false},"version":2}},"categories":[5,1],"tags":[],"class_list":["post-28722","post","type-post","status-publish","format-standard","hentry","category-cotidiano","category-noticias"],"acf":[],"jetpack_publicize_connections":[],"jetpack_featured_media_url":"","jetpack_sharing_enabled":true,"publishpress_future_workflow_manual_trigger":{"enabledWorkflows":[]},"_links":{"self":[{"href":"https:\/\/blogdoeloiltoncajuhy.com.br\/site\/wp-json\/wp\/v2\/posts\/28722","targetHints":{"allow":["GET"]}}],"collection":[{"href":"https:\/\/blogdoeloiltoncajuhy.com.br\/site\/wp-json\/wp\/v2\/posts"}],"about":[{"href":"https:\/\/blogdoeloiltoncajuhy.com.br\/site\/wp-json\/wp\/v2\/types\/post"}],"author":[{"embeddable":true,"href":"https:\/\/blogdoeloiltoncajuhy.com.br\/site\/wp-json\/wp\/v2\/users\/2"}],"replies":[{"embeddable":true,"href":"https:\/\/blogdoeloiltoncajuhy.com.br\/site\/wp-json\/wp\/v2\/comments?post=28722"}],"version-history":[{"count":1,"href":"https:\/\/blogdoeloiltoncajuhy.com.br\/site\/wp-json\/wp\/v2\/posts\/28722\/revisions"}],"predecessor-version":[{"id":28723,"href":"https:\/\/blogdoeloiltoncajuhy.com.br\/site\/wp-json\/wp\/v2\/posts\/28722\/revisions\/28723"}],"wp:attachment":[{"href":"https:\/\/blogdoeloiltoncajuhy.com.br\/site\/wp-json\/wp\/v2\/media?parent=28722"}],"wp:term":[{"taxonomy":"category","embeddable":true,"href":"https:\/\/blogdoeloiltoncajuhy.com.br\/site\/wp-json\/wp\/v2\/categories?post=28722"},{"taxonomy":"post_tag","embeddable":true,"href":"https:\/\/blogdoeloiltoncajuhy.com.br\/site\/wp-json\/wp\/v2\/tags?post=28722"}],"curies":[{"name":"wp","href":"https:\/\/api.w.org\/{rel}","templated":true}]}}