{"id":28714,"date":"2018-10-23T18:44:09","date_gmt":"2018-10-23T21:44:09","guid":{"rendered":"http:\/\/blogdoeloiltoncajuhy.com.br\/site\/?p=28714"},"modified":"2018-10-23T18:44:09","modified_gmt":"2018-10-23T21:44:09","slug":"empresa-de-transporte-abre-vagas-para-motorista-e-cobrador-em-bonfim-e-regiao","status":"publish","type":"post","link":"https:\/\/blogdoeloiltoncajuhy.com.br\/site\/empresa-de-transporte-abre-vagas-para-motorista-e-cobrador-em-bonfim-e-regiao\/","title":{"rendered":"Empresa de transporte abre vagas para motorista e cobrador em Bonfim e regi\u00e3o"},"content":{"rendered":"<p><strong><a href=\"https:\/\/i0.wp.com\/blogdoeloiltoncajuhy.com.br\/site\/wp-content\/uploads\/2016\/01\/emprego-e1486999156545.png\"><img data-recalc-dims=\"1\" fetchpriority=\"high\" decoding=\"async\" class=\"wp-image-7039 aligncenter\" src=\"https:\/\/i0.wp.com\/blogdoeloiltoncajuhy.com.br\/site\/wp-content\/uploads\/2016\/01\/emprego-e1486999156545.png?resize=450%2C122\" alt=\"\" width=\"450\" height=\"122\" \/><\/a>Empresa de Transporte Interestadual<\/strong><br \/>\n<strong>Cargo:<\/strong> Cobrador<br \/>\n<strong>Escolaridade:<\/strong> 2\u00b0 Grau completo<br \/>\n<em>Sem experi\u00eancia na \u00e1rea<\/em><\/p>\n<p><strong>Empresa de Transporte Inter estadual<\/strong><br \/>\n<strong>Cargo:<\/strong> Motorista<br \/>\n<strong>Escolaridade:<\/strong> Sem escolaridade exigida<br \/>\n<em>Necess\u00e1rio experi\u00eancia de 10 anos com transporte de passageiros<\/em><\/p>\n<p>Os interessados devem enviar curr\u00edculo para o e-mail: <em><strong>selecao@inclusaorh.com.br<\/strong><\/em><\/p>\n<p>A empresa far\u00e1 triagem dos curr\u00edculos e convocar\u00e1 para o processo seletivo em seguida, que acontecer\u00e1 na pr\u00f3pria cidade. Tamb\u00e9m ser\u00e3o convocados candidatos das cidades vizinhas.<\/p>\n<p><em><strong>*Tayane de Alencar<\/strong><\/em><\/p>\n","protected":false},"excerpt":{"rendered":"<p>Empresa de Transporte Interestadual Cargo: Cobrador Escolaridade: 2\u00b0 Grau completo Sem experi\u00eancia na \u00e1rea Empresa de Transporte Inter estadual Cargo: Motorista Escolaridade: Sem escolaridade exigida Necess\u00e1rio experi\u00eancia de 10 anos com transporte de passageiros Os interessados devem enviar curr\u00edculo para o e-mail: selecao@inclusaorh.com.br A empresa far\u00e1 triagem dos curr\u00edculos e convocar\u00e1 para o processo seletivo [&hellip;]<\/p>\n","protected":false},"author":2,"featured_media":0,"comment_status":"open","ping_status":"open","sticky":false,"template":"","format":"standard","meta":{"_acf_changed":false,"_monsterinsights_skip_tracking":false,"_monsterinsights_sitenote_active":false,"_monsterinsights_sitenote_note":"","_monsterinsights_sitenote_category":0,"_jetpack_memberships_contains_paid_content":false,"footnotes":"","jetpack_publicize_message":"","jetpack_publicize_feature_enabled":true,"jetpack_social_post_already_shared":true,"jetpack_social_options":{"image_generator_settings":{"template":"highway","default_image_id":0,"font":"","enabled":false},"version":2}},"categories":[5,1],"tags":[],"class_list":["post-28714","post","type-post","status-publish","format-standard","hentry","category-cotidiano","category-noticias"],"acf":[],"jetpack_publicize_connections":[],"jetpack_featured_media_url":"","jetpack_sharing_enabled":true,"publishpress_future_workflow_manual_trigger":{"enabledWorkflows":[]},"_links":{"self":[{"href":"https:\/\/blogdoeloiltoncajuhy.com.br\/site\/wp-json\/wp\/v2\/posts\/28714","targetHints":{"allow":["GET"]}}],"collection":[{"href":"https:\/\/blogdoeloiltoncajuhy.com.br\/site\/wp-json\/wp\/v2\/posts"}],"about":[{"href":"https:\/\/blogdoeloiltoncajuhy.com.br\/site\/wp-json\/wp\/v2\/types\/post"}],"author":[{"embeddable":true,"href":"https:\/\/blogdoeloiltoncajuhy.com.br\/site\/wp-json\/wp\/v2\/users\/2"}],"replies":[{"embeddable":true,"href":"https:\/\/blogdoeloiltoncajuhy.com.br\/site\/wp-json\/wp\/v2\/comments?post=28714"}],"version-history":[{"count":1,"href":"https:\/\/blogdoeloiltoncajuhy.com.br\/site\/wp-json\/wp\/v2\/posts\/28714\/revisions"}],"predecessor-version":[{"id":28715,"href":"https:\/\/blogdoeloiltoncajuhy.com.br\/site\/wp-json\/wp\/v2\/posts\/28714\/revisions\/28715"}],"wp:attachment":[{"href":"https:\/\/blogdoeloiltoncajuhy.com.br\/site\/wp-json\/wp\/v2\/media?parent=28714"}],"wp:term":[{"taxonomy":"category","embeddable":true,"href":"https:\/\/blogdoeloiltoncajuhy.com.br\/site\/wp-json\/wp\/v2\/categories?post=28714"},{"taxonomy":"post_tag","embeddable":true,"href":"https:\/\/blogdoeloiltoncajuhy.com.br\/site\/wp-json\/wp\/v2\/tags?post=28714"}],"curies":[{"name":"wp","href":"https:\/\/api.w.org\/{rel}","templated":true}]}}