{"id":28711,"date":"2018-10-23T15:45:18","date_gmt":"2018-10-23T18:45:18","guid":{"rendered":"http:\/\/blogdoeloiltoncajuhy.com.br\/site\/?p=28711"},"modified":"2018-10-23T15:45:18","modified_gmt":"2018-10-23T18:45:18","slug":"governo-realiza-consulta-publica-para-a-construcao-do-novo-curriculo-bahia","status":"publish","type":"post","link":"https:\/\/blogdoeloiltoncajuhy.com.br\/site\/governo-realiza-consulta-publica-para-a-construcao-do-novo-curriculo-bahia\/","title":{"rendered":"Governo realiza consulta p\u00fablica para a constru\u00e7\u00e3o do novo &#8220;Curr\u00edculo Bahia&#8221;"},"content":{"rendered":"<figure id=\"attachment_28712\" aria-describedby=\"caption-attachment-28712\" style=\"width: 480px\" class=\"wp-caption aligncenter\"><a href=\"https:\/\/i0.wp.com\/blogdoeloiltoncajuhy.com.br\/site\/wp-content\/uploads\/2018\/10\/curriculo-bahia_01.jpg\"><img data-recalc-dims=\"1\" fetchpriority=\"high\" decoding=\"async\" class=\"wp-image-28712\" src=\"https:\/\/i0.wp.com\/blogdoeloiltoncajuhy.com.br\/site\/wp-content\/uploads\/2018\/10\/curriculo-bahia_01.jpg?resize=480%2C354\" alt=\"\" width=\"480\" height=\"354\" srcset=\"https:\/\/i0.wp.com\/blogdoeloiltoncajuhy.com.br\/site\/wp-content\/uploads\/2018\/10\/curriculo-bahia_01.jpg?w=380&amp;ssl=1 380w, https:\/\/i0.wp.com\/blogdoeloiltoncajuhy.com.br\/site\/wp-content\/uploads\/2018\/10\/curriculo-bahia_01.jpg?resize=300%2C221&amp;ssl=1 300w, https:\/\/i0.wp.com\/blogdoeloiltoncajuhy.com.br\/site\/wp-content\/uploads\/2018\/10\/curriculo-bahia_01.jpg?resize=250%2C184&amp;ssl=1 250w\" sizes=\"(max-width: 480px) 100vw, 480px\" \/><\/a><figcaption id=\"caption-attachment-28712\" class=\"wp-caption-text\">Foto: Divulga\u00e7\u00e3o<\/figcaption><\/figure>\n<p>O governo da Bahia, atrav\u00e9s da Secretaria da Educa\u00e7\u00e3o do Estado, realiza uma consulta p\u00fablica para a constru\u00e7\u00e3o coletiva do novo <em><strong>\u201cCurr\u00edculo Bahia\u201d<\/strong><\/em>, referente \u00e0s Educa\u00e7\u00f5es Infantil e Fundamental. As contribui\u00e7\u00f5es poder\u00e3o ser realizadas at\u00e9 o dia 13 de novembro, atrav\u00e9s do Portal da Educa\u00e7\u00e3o. Poder\u00e3o participar professores, estudantes e gestores das redes p\u00fablica e privada, al\u00e9m de representantes de diferentes institui\u00e7\u00f5es educacionais e da sociedade civil, de modo a contextualizar os diversos componentes curriculares com a realidade baiana e os conte\u00fados educacionais trazidos pela Base Nacional Curricular Comum (BNCC).<\/p>\n<p>As contribui\u00e7\u00f5es v\u00e3o servir para a constru\u00e7\u00e3o da vers\u00e3o final do Curr\u00edculo Bahia. No portal, est\u00e3o sendo disponibilizados textos introdut\u00f3rios dos componentes curriculares, organiza\u00e7\u00f5es curriculares, al\u00e9m de textos integradores ao curr\u00edculo voltados a quest\u00f5es como Territorialidade, Educa\u00e7\u00e3o Socioambiental, Educa\u00e7\u00e3o Inclusiva e Diversidade, para orientar na formula\u00e7\u00e3o das contribui\u00e7\u00f5es.<\/p>\n<p>O superintendente de Pol\u00edticas para a Educa\u00e7\u00e3o B\u00e1sica do Estado, Ney Campello, falou sobre a import\u00e2ncia das contribui\u00e7\u00f5es dos educadores, estudantes e sociedade civil. \u201c<em>O nosso compromisso \u00e9 de que no dia 10 de dezembro fa\u00e7amos a entrega ao Conselho de Educa\u00e7\u00e3o da Bahia de uma proposta curricular diferenciada, que atenda \u00e0s perspectivas dos estudantes e que seja capaz de promover a qualidade na oferta associada ao Ensino M\u00e9dio. A inten\u00e7\u00e3o \u00e9 que, entendendo a educa\u00e7\u00e3o como um processo integral e integrado, esta mudan\u00e7a no curr\u00edculo do Ensino Fundamental, repercuta na forma\u00e7\u00e3o do aluno que chega no Ensino M\u00e9dio, para que ele tenha continuidade no seu percurso formativo<\/em>\u201d, ressaltou.<\/p>\n<p><em><strong>*Bahia Not\u00edcias<\/strong><\/em><\/p>\n","protected":false},"excerpt":{"rendered":"<p>O governo da Bahia, atrav\u00e9s da Secretaria da Educa\u00e7\u00e3o do Estado, realiza uma consulta p\u00fablica para a constru\u00e7\u00e3o coletiva do novo \u201cCurr\u00edculo Bahia\u201d, referente \u00e0s Educa\u00e7\u00f5es Infantil e Fundamental. As contribui\u00e7\u00f5es poder\u00e3o ser realizadas at\u00e9 o dia 13 de novembro, atrav\u00e9s do Portal da Educa\u00e7\u00e3o. Poder\u00e3o participar professores, estudantes e gestores das redes p\u00fablica e [&hellip;]<\/p>\n","protected":false},"author":2,"featured_media":28712,"comment_status":"open","ping_status":"open","sticky":false,"template":"","format":"standard","meta":{"_acf_changed":false,"_monsterinsights_skip_tracking":false,"_monsterinsights_sitenote_active":false,"_monsterinsights_sitenote_note":"","_monsterinsights_sitenote_category":0,"_jetpack_memberships_contains_paid_content":false,"footnotes":"","jetpack_publicize_message":"","jetpack_publicize_feature_enabled":true,"jetpack_social_post_already_shared":true,"jetpack_social_options":{"image_generator_settings":{"template":"highway","default_image_id":0,"font":"","enabled":false},"version":2}},"categories":[14,1],"tags":[],"class_list":["post-28711","post","type-post","status-publish","format-standard","has-post-thumbnail","hentry","category-educacao","category-noticias"],"acf":[],"jetpack_publicize_connections":[],"jetpack_featured_media_url":"https:\/\/i0.wp.com\/blogdoeloiltoncajuhy.com.br\/site\/wp-content\/uploads\/2018\/10\/curriculo-bahia_01.jpg?fit=380%2C280&ssl=1","jetpack_sharing_enabled":true,"publishpress_future_workflow_manual_trigger":{"enabledWorkflows":[]},"_links":{"self":[{"href":"https:\/\/blogdoeloiltoncajuhy.com.br\/site\/wp-json\/wp\/v2\/posts\/28711","targetHints":{"allow":["GET"]}}],"collection":[{"href":"https:\/\/blogdoeloiltoncajuhy.com.br\/site\/wp-json\/wp\/v2\/posts"}],"about":[{"href":"https:\/\/blogdoeloiltoncajuhy.com.br\/site\/wp-json\/wp\/v2\/types\/post"}],"author":[{"embeddable":true,"href":"https:\/\/blogdoeloiltoncajuhy.com.br\/site\/wp-json\/wp\/v2\/users\/2"}],"replies":[{"embeddable":true,"href":"https:\/\/blogdoeloiltoncajuhy.com.br\/site\/wp-json\/wp\/v2\/comments?post=28711"}],"version-history":[{"count":1,"href":"https:\/\/blogdoeloiltoncajuhy.com.br\/site\/wp-json\/wp\/v2\/posts\/28711\/revisions"}],"predecessor-version":[{"id":28713,"href":"https:\/\/blogdoeloiltoncajuhy.com.br\/site\/wp-json\/wp\/v2\/posts\/28711\/revisions\/28713"}],"wp:featuredmedia":[{"embeddable":true,"href":"https:\/\/blogdoeloiltoncajuhy.com.br\/site\/wp-json\/wp\/v2\/media\/28712"}],"wp:attachment":[{"href":"https:\/\/blogdoeloiltoncajuhy.com.br\/site\/wp-json\/wp\/v2\/media?parent=28711"}],"wp:term":[{"taxonomy":"category","embeddable":true,"href":"https:\/\/blogdoeloiltoncajuhy.com.br\/site\/wp-json\/wp\/v2\/categories?post=28711"},{"taxonomy":"post_tag","embeddable":true,"href":"https:\/\/blogdoeloiltoncajuhy.com.br\/site\/wp-json\/wp\/v2\/tags?post=28711"}],"curies":[{"name":"wp","href":"https:\/\/api.w.org\/{rel}","templated":true}]}}