{"id":28708,"date":"2018-10-23T15:34:23","date_gmt":"2018-10-23T18:34:23","guid":{"rendered":"http:\/\/blogdoeloiltoncajuhy.com.br\/site\/?p=28708"},"modified":"2018-10-23T15:34:23","modified_gmt":"2018-10-23T18:34:23","slug":"merendeiras-das-escolas-municipais-de-senhor-do-bonfim-recebem-capacitacao","status":"publish","type":"post","link":"https:\/\/blogdoeloiltoncajuhy.com.br\/site\/merendeiras-das-escolas-municipais-de-senhor-do-bonfim-recebem-capacitacao\/","title":{"rendered":"Merendeiras das escolas municipais de Senhor do Bonfim recebem capacita\u00e7\u00e3o"},"content":{"rendered":"<p><a href=\"https:\/\/i0.wp.com\/blogdoeloiltoncajuhy.com.br\/site\/wp-content\/uploads\/2018\/10\/PMSB_capacita%C3%A7%C3%A3o-merendeiras_depois.jpg\"><img data-recalc-dims=\"1\" fetchpriority=\"high\" decoding=\"async\" class=\"aligncenter size-full wp-image-28709\" src=\"https:\/\/i0.wp.com\/blogdoeloiltoncajuhy.com.br\/site\/wp-content\/uploads\/2018\/10\/PMSB_capacita%C3%A7%C3%A3o-merendeiras_depois.jpg?resize=800%2C600\" alt=\"\" width=\"800\" height=\"600\" srcset=\"https:\/\/i0.wp.com\/blogdoeloiltoncajuhy.com.br\/site\/wp-content\/uploads\/2018\/10\/PMSB_capacita%C3%A7%C3%A3o-merendeiras_depois.jpg?w=960&amp;ssl=1 960w, https:\/\/i0.wp.com\/blogdoeloiltoncajuhy.com.br\/site\/wp-content\/uploads\/2018\/10\/PMSB_capacita%C3%A7%C3%A3o-merendeiras_depois.jpg?resize=300%2C225&amp;ssl=1 300w, https:\/\/i0.wp.com\/blogdoeloiltoncajuhy.com.br\/site\/wp-content\/uploads\/2018\/10\/PMSB_capacita%C3%A7%C3%A3o-merendeiras_depois.jpg?resize=768%2C576&amp;ssl=1 768w, https:\/\/i0.wp.com\/blogdoeloiltoncajuhy.com.br\/site\/wp-content\/uploads\/2018\/10\/PMSB_capacita%C3%A7%C3%A3o-merendeiras_depois.jpg?resize=250%2C188&amp;ssl=1 250w\" sizes=\"(max-width: 800px) 100vw, 800px\" \/><\/a>Com a inten\u00e7\u00e3o de melhorar a qualidade da distribui\u00e7\u00e3o e preparo da merenda escolar do munic\u00edpio, a Secretaria de Educa\u00e7\u00e3o de Senhor do Bonfim realizou na \u00faltima sexta-feira (19) a II Capacita\u00e7\u00e3o de Boas Pr\u00e1ticas na Manipula\u00e7\u00e3o de Alimentos para Merendeiras.<\/p>\n<p>Ao todo, 75 merendeiras da rede municipal participaram da capacita\u00e7\u00e3o. O evento foi realizado na sede do Servi\u00e7o Nacional de Aprendizagem Rural \u2013 SENAR, que fica anexo ao Parque de Exposi\u00e7\u00e3o An\u00edbal Gon\u00e7alves.<\/p>\n<p>A merendeira <strong>Maria Lucia Rosa Fagundes Evangelista<\/strong>, que trabalha na <strong>Escola Ant\u00f4nio Jos\u00e9 de Souza<\/strong>, em Tijua\u00e7u, aprovou a capacita\u00e7\u00e3o. \u201c<em>Com certeza vai trazer uma melhor qualidade no trabalho do preparo da merenda oferecida aos alunos do munic\u00edpio<\/em>\u201d, salientou Maria.<\/p>\n<p>Ao final do curso, as merendeiras receberam um certificado. Para a merendeira <strong>Inalda Batista<\/strong>, que trabalha na <strong>Escola Herculano Almeida Lima<\/strong>, no distrito de Igara, a capacita\u00e7\u00e3o foi uma excelente oportunidade para esclarecer d\u00favidas. \u201c<em>Melhora nosso conhecimento, a nossa pr\u00e1tica. Achei \u00f3timo<\/em>\u201d, afirmou Inalda.<\/p>\n<p>Conforme a organiza\u00e7\u00e3o do evento, em 2019 a capacita\u00e7\u00e3o acontecer\u00e1 duas vezes no ano e dever\u00e1 ser estendida para professores, diretores, pais e alunos. \u201c<em>\u00c9 atrav\u00e9s da capacita\u00e7\u00e3o que a gente mostra a real import\u00e2ncia de estar oferecendo um alimento seguro. As merendeiras s\u00e3o o carro chefe para oferecemos essa seguran\u00e7a alimentar<\/em>\u201d, pontuou a <strong>coordenadora de seguran\u00e7a alimentar e nutricional da Secretaria de Educa\u00e7\u00e3o, a nutricionista Starley de Sant\u2019Anna<\/strong>.<\/p>\n<p>A merenda na rede municipal de ensino de Senhor do Bonfim \u00e9 servida de segunda a sexta-feira e \u00e9 rigorosamente acompanhada por nutricionista, com card\u00e1pio variado semanalmente. Cerca de 40 % dos g\u00eaneros aliment\u00edcios ofertados s\u00e3o provenientes da agricultura familiar.<\/p>\n<p>O prefeito Carlos Brasileiro tamb\u00e9m prestigiou o evento. \u201c<em>Investir na qualifica\u00e7\u00e3o atrav\u00e9s de capacita\u00e7\u00e3o possibilita que elas (merendeiras) possam desempenhar melhor a fun\u00e7\u00e3o, al\u00e9m de garantir mais qualidade a nossa merenda escolar<\/em>\u201d, comentou Brasileiro.<\/p>\n<p><em><strong>*ASCOM &#8211; Prefeitura Municipal de Senhor do Bonfim &#8211; BA<\/strong><\/em><\/p>\n","protected":false},"excerpt":{"rendered":"<p>Com a inten\u00e7\u00e3o de melhorar a qualidade da distribui\u00e7\u00e3o e preparo da merenda escolar do munic\u00edpio, a Secretaria de Educa\u00e7\u00e3o de Senhor do Bonfim realizou na \u00faltima sexta-feira (19) a II Capacita\u00e7\u00e3o de Boas Pr\u00e1ticas na Manipula\u00e7\u00e3o de Alimentos para Merendeiras. Ao todo, 75 merendeiras da rede municipal participaram da capacita\u00e7\u00e3o. O evento foi realizado [&hellip;]<\/p>\n","protected":false},"author":2,"featured_media":28709,"comment_status":"open","ping_status":"open","sticky":false,"template":"","format":"standard","meta":{"_acf_changed":false,"_monsterinsights_skip_tracking":false,"_monsterinsights_sitenote_active":false,"_monsterinsights_sitenote_note":"","_monsterinsights_sitenote_category":0,"_jetpack_memberships_contains_paid_content":false,"footnotes":"","jetpack_publicize_message":"","jetpack_publicize_feature_enabled":true,"jetpack_social_post_already_shared":true,"jetpack_social_options":{"image_generator_settings":{"template":"highway","default_image_id":0,"font":"","enabled":false},"version":2}},"categories":[14,1,4],"tags":[],"class_list":["post-28708","post","type-post","status-publish","format-standard","has-post-thumbnail","hentry","category-educacao","category-noticias","category-local"],"acf":[],"jetpack_publicize_connections":[],"jetpack_featured_media_url":"https:\/\/i0.wp.com\/blogdoeloiltoncajuhy.com.br\/site\/wp-content\/uploads\/2018\/10\/PMSB_capacita%C3%A7%C3%A3o-merendeiras_depois.jpg?fit=960%2C720&ssl=1","jetpack_sharing_enabled":true,"publishpress_future_workflow_manual_trigger":{"enabledWorkflows":[]},"_links":{"self":[{"href":"https:\/\/blogdoeloiltoncajuhy.com.br\/site\/wp-json\/wp\/v2\/posts\/28708","targetHints":{"allow":["GET"]}}],"collection":[{"href":"https:\/\/blogdoeloiltoncajuhy.com.br\/site\/wp-json\/wp\/v2\/posts"}],"about":[{"href":"https:\/\/blogdoeloiltoncajuhy.com.br\/site\/wp-json\/wp\/v2\/types\/post"}],"author":[{"embeddable":true,"href":"https:\/\/blogdoeloiltoncajuhy.com.br\/site\/wp-json\/wp\/v2\/users\/2"}],"replies":[{"embeddable":true,"href":"https:\/\/blogdoeloiltoncajuhy.com.br\/site\/wp-json\/wp\/v2\/comments?post=28708"}],"version-history":[{"count":1,"href":"https:\/\/blogdoeloiltoncajuhy.com.br\/site\/wp-json\/wp\/v2\/posts\/28708\/revisions"}],"predecessor-version":[{"id":28710,"href":"https:\/\/blogdoeloiltoncajuhy.com.br\/site\/wp-json\/wp\/v2\/posts\/28708\/revisions\/28710"}],"wp:featuredmedia":[{"embeddable":true,"href":"https:\/\/blogdoeloiltoncajuhy.com.br\/site\/wp-json\/wp\/v2\/media\/28709"}],"wp:attachment":[{"href":"https:\/\/blogdoeloiltoncajuhy.com.br\/site\/wp-json\/wp\/v2\/media?parent=28708"}],"wp:term":[{"taxonomy":"category","embeddable":true,"href":"https:\/\/blogdoeloiltoncajuhy.com.br\/site\/wp-json\/wp\/v2\/categories?post=28708"},{"taxonomy":"post_tag","embeddable":true,"href":"https:\/\/blogdoeloiltoncajuhy.com.br\/site\/wp-json\/wp\/v2\/tags?post=28708"}],"curies":[{"name":"wp","href":"https:\/\/api.w.org\/{rel}","templated":true}]}}