{"id":28703,"date":"2018-10-23T09:57:15","date_gmt":"2018-10-23T12:57:15","guid":{"rendered":"http:\/\/blogdoeloiltoncajuhy.com.br\/site\/?p=28703"},"modified":"2018-10-23T09:57:15","modified_gmt":"2018-10-23T12:57:15","slug":"com-fisioterapia-e-menos-viagens-pele-completa-78-anos-e-vai-virar-estatua-no-museu-da-cbf","status":"publish","type":"post","link":"https:\/\/blogdoeloiltoncajuhy.com.br\/site\/com-fisioterapia-e-menos-viagens-pele-completa-78-anos-e-vai-virar-estatua-no-museu-da-cbf\/","title":{"rendered":"Com fisioterapia e menos viagens, Pel\u00e9 completa 78 anos e vai virar est\u00e1tua no museu da CBF"},"content":{"rendered":"<h5 style=\"text-align: center;\"><em>Rei do Futebol vai comemorar anivers\u00e1rio em festa familiar dentro de casa em Santos. Rotina inclui tratamento m\u00e9dico e locomo\u00e7\u00e3o, na maior parte do tempo, com andador<\/em><\/h5>\n<figure id=\"attachment_28704\" aria-describedby=\"caption-attachment-28704\" style=\"width: 984px\" class=\"wp-caption aligncenter\"><a href=\"https:\/\/i0.wp.com\/blogdoeloiltoncajuhy.com.br\/site\/wp-content\/uploads\/2018\/10\/pele_78-anos_01.jpeg\"><img data-recalc-dims=\"1\" fetchpriority=\"high\" decoding=\"async\" class=\"wp-image-28704 size-full\" src=\"https:\/\/i0.wp.com\/blogdoeloiltoncajuhy.com.br\/site\/wp-content\/uploads\/2018\/10\/pele_78-anos_01.jpeg?resize=800%2C565\" alt=\"\" width=\"800\" height=\"565\" srcset=\"https:\/\/i0.wp.com\/blogdoeloiltoncajuhy.com.br\/site\/wp-content\/uploads\/2018\/10\/pele_78-anos_01.jpeg?w=984&amp;ssl=1 984w, https:\/\/i0.wp.com\/blogdoeloiltoncajuhy.com.br\/site\/wp-content\/uploads\/2018\/10\/pele_78-anos_01.jpeg?resize=300%2C212&amp;ssl=1 300w, https:\/\/i0.wp.com\/blogdoeloiltoncajuhy.com.br\/site\/wp-content\/uploads\/2018\/10\/pele_78-anos_01.jpeg?resize=768%2C542&amp;ssl=1 768w, https:\/\/i0.wp.com\/blogdoeloiltoncajuhy.com.br\/site\/wp-content\/uploads\/2018\/10\/pele_78-anos_01.jpeg?resize=250%2C177&amp;ssl=1 250w\" sizes=\"(max-width: 800px) 100vw, 800px\" \/><\/a><figcaption id=\"caption-attachment-28704\" class=\"wp-caption-text\">Com o sorriso caracter\u00edstico, Pel\u00e9 fica im\u00f3vel para a retirada de metidas de artistas ingleses \u2014 Foto: Divulga\u00e7\u00e3o \/ CBF<\/figcaption><\/figure>\n<p><strong>Edson Arantes do Nascimento<\/strong> completa 78 anos nesta ter\u00e7a-feira, dia 23 de outubro. <strong>Pel\u00e9<\/strong>, o Rei do Futebol, vai passar o anivers\u00e1rio sem festan\u00e7a: vai ficar em casa com a esposa M\u00e1rcia e os familiares na resid\u00eancia de Santos, cidade em que iniciou sua trajet\u00f3ria para brilhar no mundo.<\/p>\n<p>Em viagem recente para Barcelona, o Rei posou para artes\u00e3os ingleses do projeto Dreamland, que faz est\u00e1tuas de cera para museus. A obra vai ser entregue no ano que vem para a CBF, conforme informou a coluna de Ancelmo Gois, no jornal &#8220;O Globo&#8221;. <strong>A imagem de Pel\u00e9 ser\u00e1 colocada no Museu da Sele\u00e7\u00e3o Brasileira, na sede da CBF<\/strong>, na zona oeste do Rio de Janeiro.<\/p>\n<p>Com ordens m\u00e9dicas para fisioterapia di\u00e1ria &#8211; para recuperar de dores no quadril, operado em 2012, que motivou outra interven\u00e7\u00e3o cir\u00fargica em 2016 -, que cumpre h\u00e1 mais de dois anos, Pel\u00e9 tenta adaptar a rotina que j\u00e1 foi mais atribulada aos exerc\u00edcios para fortalecer os m\u00fasculos. <strong>As dores<\/strong>, que foram mais intensas e at\u00e9 o impediram de participar da cerim\u00f4nia de abertura das olimp\u00edadas do Rio de Janeiro h\u00e1 dois anos, <strong>diminu\u00edram<\/strong>.<\/p>\n<p>A recomenda\u00e7\u00e3o dos m\u00e9dicos, por\u00e9m, \u00e9 expressa: Pel\u00e9 deve fazer fisioterapia diariamente e por tempo indeterminado. Detentor de in\u00fameros trof\u00e9us individuais, eleito &#8220;Atleta do S\u00e9culo&#8221;, em vota\u00e7\u00e3o da revista francesa &#8220;L\u00b4Equipe&#8221;, em 1981, Pel\u00e9, hoje, n\u00e3o \u00e9 dos mais disciplinados nos exerc\u00edcios fisioter\u00e1picos.<\/p>\n<figure id=\"attachment_28705\" aria-describedby=\"caption-attachment-28705\" style=\"width: 984px\" class=\"wp-caption aligncenter\"><a href=\"https:\/\/i0.wp.com\/blogdoeloiltoncajuhy.com.br\/site\/wp-content\/uploads\/2018\/10\/pele_78-anos_02.jpg\"><img data-recalc-dims=\"1\" decoding=\"async\" class=\"wp-image-28705 size-full\" src=\"https:\/\/i0.wp.com\/blogdoeloiltoncajuhy.com.br\/site\/wp-content\/uploads\/2018\/10\/pele_78-anos_02.jpg?resize=800%2C453\" alt=\"\" width=\"800\" height=\"453\" srcset=\"https:\/\/i0.wp.com\/blogdoeloiltoncajuhy.com.br\/site\/wp-content\/uploads\/2018\/10\/pele_78-anos_02.jpg?w=984&amp;ssl=1 984w, https:\/\/i0.wp.com\/blogdoeloiltoncajuhy.com.br\/site\/wp-content\/uploads\/2018\/10\/pele_78-anos_02.jpg?resize=300%2C170&amp;ssl=1 300w, https:\/\/i0.wp.com\/blogdoeloiltoncajuhy.com.br\/site\/wp-content\/uploads\/2018\/10\/pele_78-anos_02.jpg?resize=768%2C435&amp;ssl=1 768w, https:\/\/i0.wp.com\/blogdoeloiltoncajuhy.com.br\/site\/wp-content\/uploads\/2018\/10\/pele_78-anos_02.jpg?resize=250%2C142&amp;ssl=1 250w\" sizes=\"(max-width: 800px) 100vw, 800px\" \/><\/a><figcaption id=\"caption-attachment-28705\" class=\"wp-caption-text\">Pel\u00e9 autografa a camisa de um f\u00e3 na \u00cdndia \u2014 Foto: Reprodu\u00e7\u00e3o Instagram<\/figcaption><\/figure>\n<p>No dia a dia, ele ainda usa andador e cadeira de rodas para se locomover em dist\u00e2ncias maiores &#8211; ou eventos mais longos. Em casa, costuma dispensar o aux\u00edlio dos equipamentos. <strong>As apari\u00e7\u00f5es p\u00fablicas s\u00e3o cada vez mais raras<\/strong> tamb\u00e9m por causa da dificuldade de locomo\u00e7\u00e3o.<\/p>\n<p><strong>&#8211; Ele n\u00e3o pode sair correndo (risos)<\/strong>. Mas ele usa andador, \u00e0s vezes cadeira de rodas. Precisa fazer fisioterapia sempre. S\u00e3o tr\u00eas cirurgias que ele j\u00e1 passou, n\u00e9 &#8211; conta Jos\u00e9 Fornos Rodrigues, mais conhecido como Pepito, antigo assessor de Pel\u00e9.<\/p>\n<p><strong>Pel\u00e9 diminuiu a agenda de compromissos comerciais<\/strong>. Recentemente, al\u00e9m de Barcelona, fez viagem para a \u00c1sia, visitando a \u00cdndia para um congresso internacional. Conheceu e autografou camisa da sele\u00e7\u00e3o brasileira para o ator Will Smith.<\/p>\n<p>Nas redes sociais, se n\u00e3o \u00e9 um fen\u00f4meno como os atuais astros do esporte, <strong>Pel\u00e9 (@pel\u00e9) soma mais de 11 milh\u00f5es de seguidores entre Twitter, Instagram e Facebook<\/strong>. Nas contas, lembran\u00e7as, fotos antigas e propagandas do Rei, com mensagens bil\u00edngues.<\/p>\n<figure id=\"attachment_28706\" aria-describedby=\"caption-attachment-28706\" style=\"width: 984px\" class=\"wp-caption aligncenter\"><a href=\"https:\/\/i0.wp.com\/blogdoeloiltoncajuhy.com.br\/site\/wp-content\/uploads\/2018\/10\/pele_78-anos_03.jpg\"><img data-recalc-dims=\"1\" decoding=\"async\" class=\"wp-image-28706 size-full\" src=\"https:\/\/i0.wp.com\/blogdoeloiltoncajuhy.com.br\/site\/wp-content\/uploads\/2018\/10\/pele_78-anos_03.jpg?resize=800%2C574\" alt=\"\" width=\"800\" height=\"574\" srcset=\"https:\/\/i0.wp.com\/blogdoeloiltoncajuhy.com.br\/site\/wp-content\/uploads\/2018\/10\/pele_78-anos_03.jpg?w=984&amp;ssl=1 984w, https:\/\/i0.wp.com\/blogdoeloiltoncajuhy.com.br\/site\/wp-content\/uploads\/2018\/10\/pele_78-anos_03.jpg?resize=300%2C215&amp;ssl=1 300w, https:\/\/i0.wp.com\/blogdoeloiltoncajuhy.com.br\/site\/wp-content\/uploads\/2018\/10\/pele_78-anos_03.jpg?resize=768%2C551&amp;ssl=1 768w, https:\/\/i0.wp.com\/blogdoeloiltoncajuhy.com.br\/site\/wp-content\/uploads\/2018\/10\/pele_78-anos_03.jpg?resize=250%2C179&amp;ssl=1 250w\" sizes=\"(max-width: 800px) 100vw, 800px\" \/><\/a><figcaption id=\"caption-attachment-28706\" class=\"wp-caption-text\">Com o presidente da R\u00fassia, Vladimir Putin, e Maradona, em r\u00e1pida apari\u00e7\u00e3o antes da Mundial de 2018 \u2014 Foto: Sputnik\/Alexey Nikolsky\/Kremlin via Reuters<\/figcaption><\/figure>\n<p><em><strong>*GloboEsporte.com<\/strong><\/em><\/p>\n","protected":false},"excerpt":{"rendered":"<p>Rei do Futebol vai comemorar anivers\u00e1rio em festa familiar dentro de casa em Santos. Rotina inclui tratamento m\u00e9dico e locomo\u00e7\u00e3o, na maior parte do tempo, com andador Edson Arantes do Nascimento completa 78 anos nesta ter\u00e7a-feira, dia 23 de outubro. Pel\u00e9, o Rei do Futebol, vai passar o anivers\u00e1rio sem festan\u00e7a: vai ficar em casa [&hellip;]<\/p>\n","protected":false},"author":2,"featured_media":28706,"comment_status":"open","ping_status":"open","sticky":false,"template":"","format":"standard","meta":{"_acf_changed":false,"_monsterinsights_skip_tracking":false,"_monsterinsights_sitenote_active":false,"_monsterinsights_sitenote_note":"","_monsterinsights_sitenote_category":0,"_jetpack_memberships_contains_paid_content":false,"footnotes":"","jetpack_publicize_message":"","jetpack_publicize_feature_enabled":true,"jetpack_social_post_already_shared":true,"jetpack_social_options":{"image_generator_settings":{"template":"highway","default_image_id":0,"font":"","enabled":false},"version":2}},"categories":[6,12,1],"tags":[],"class_list":["post-28703","post","type-post","status-publish","format-standard","has-post-thumbnail","hentry","category-esportes","category-gente-que-faz-a-nossa-historia","category-noticias"],"acf":[],"jetpack_publicize_connections":[],"jetpack_featured_media_url":"https:\/\/i0.wp.com\/blogdoeloiltoncajuhy.com.br\/site\/wp-content\/uploads\/2018\/10\/pele_78-anos_03.jpg?fit=984%2C706&ssl=1","jetpack_sharing_enabled":true,"publishpress_future_workflow_manual_trigger":{"enabledWorkflows":[]},"_links":{"self":[{"href":"https:\/\/blogdoeloiltoncajuhy.com.br\/site\/wp-json\/wp\/v2\/posts\/28703","targetHints":{"allow":["GET"]}}],"collection":[{"href":"https:\/\/blogdoeloiltoncajuhy.com.br\/site\/wp-json\/wp\/v2\/posts"}],"about":[{"href":"https:\/\/blogdoeloiltoncajuhy.com.br\/site\/wp-json\/wp\/v2\/types\/post"}],"author":[{"embeddable":true,"href":"https:\/\/blogdoeloiltoncajuhy.com.br\/site\/wp-json\/wp\/v2\/users\/2"}],"replies":[{"embeddable":true,"href":"https:\/\/blogdoeloiltoncajuhy.com.br\/site\/wp-json\/wp\/v2\/comments?post=28703"}],"version-history":[{"count":1,"href":"https:\/\/blogdoeloiltoncajuhy.com.br\/site\/wp-json\/wp\/v2\/posts\/28703\/revisions"}],"predecessor-version":[{"id":28707,"href":"https:\/\/blogdoeloiltoncajuhy.com.br\/site\/wp-json\/wp\/v2\/posts\/28703\/revisions\/28707"}],"wp:featuredmedia":[{"embeddable":true,"href":"https:\/\/blogdoeloiltoncajuhy.com.br\/site\/wp-json\/wp\/v2\/media\/28706"}],"wp:attachment":[{"href":"https:\/\/blogdoeloiltoncajuhy.com.br\/site\/wp-json\/wp\/v2\/media?parent=28703"}],"wp:term":[{"taxonomy":"category","embeddable":true,"href":"https:\/\/blogdoeloiltoncajuhy.com.br\/site\/wp-json\/wp\/v2\/categories?post=28703"},{"taxonomy":"post_tag","embeddable":true,"href":"https:\/\/blogdoeloiltoncajuhy.com.br\/site\/wp-json\/wp\/v2\/tags?post=28703"}],"curies":[{"name":"wp","href":"https:\/\/api.w.org\/{rel}","templated":true}]}}