{"id":28699,"date":"2018-10-23T09:39:00","date_gmt":"2018-10-23T12:39:00","guid":{"rendered":"http:\/\/blogdoeloiltoncajuhy.com.br\/site\/?p=28699"},"modified":"2018-10-23T09:39:00","modified_gmt":"2018-10-23T12:39:00","slug":"esportes-atletas-bonfinenses-participam-do-brasil-ride-de-ciclismo","status":"publish","type":"post","link":"https:\/\/blogdoeloiltoncajuhy.com.br\/site\/esportes-atletas-bonfinenses-participam-do-brasil-ride-de-ciclismo\/","title":{"rendered":"ESPORTES: Atletas bonfinenses participam do Brasil Ride de Ciclismo"},"content":{"rendered":"<figure id=\"attachment_28700\" aria-describedby=\"caption-attachment-28700\" style=\"width: 512px\" class=\"wp-caption aligncenter\"><a href=\"https:\/\/i0.wp.com\/blogdoeloiltoncajuhy.com.br\/site\/wp-content\/uploads\/2018\/10\/lazaro_brasil-ride.jpeg\"><img data-recalc-dims=\"1\" fetchpriority=\"high\" decoding=\"async\" class=\"wp-image-28700 size-full\" src=\"https:\/\/i0.wp.com\/blogdoeloiltoncajuhy.com.br\/site\/wp-content\/uploads\/2018\/10\/lazaro_brasil-ride.jpeg?resize=512%2C341\" alt=\"\" width=\"512\" height=\"341\" srcset=\"https:\/\/i0.wp.com\/blogdoeloiltoncajuhy.com.br\/site\/wp-content\/uploads\/2018\/10\/lazaro_brasil-ride.jpeg?w=512&amp;ssl=1 512w, https:\/\/i0.wp.com\/blogdoeloiltoncajuhy.com.br\/site\/wp-content\/uploads\/2018\/10\/lazaro_brasil-ride.jpeg?resize=300%2C200&amp;ssl=1 300w, https:\/\/i0.wp.com\/blogdoeloiltoncajuhy.com.br\/site\/wp-content\/uploads\/2018\/10\/lazaro_brasil-ride.jpeg?resize=250%2C167&amp;ssl=1 250w\" sizes=\"(max-width: 512px) 100vw, 512px\" \/><\/a><figcaption id=\"caption-attachment-28700\" class=\"wp-caption-text\">L\u00e1zaro Macedo disputa o Brasil Ride pela equipe Bonfim Race Team<\/figcaption><\/figure>\n<p>Os ciclistas bonfinenses <strong>Regivaldo Moreira<\/strong>, <strong>&#8220;Regi&#8221;<\/strong>, e <strong>L\u00e1zaro Macedo<\/strong>\u00a0est\u00e3o participando da 9\u00aa edi\u00e7\u00e3o do <em><strong>Brasil Ride<\/strong><\/em>, maior ultra maratona de Mountain Bike das Am\u00e9ricas e uma das principais do mundo.<\/p>\n<p>O evento acontece durante esta semana em Arraial D&#8217;Ajuda, extremo sul do estado, e est\u00e1 sendo disputado por ciclistas de 22 pa\u00edses, totalizando 540 participantes.<\/p>\n<p>Estamos na torcida pelos nossos campe\u00f5es que representam Senhor do Bonfim com muita garra e orgulho.<\/p>\n<figure id=\"attachment_28701\" aria-describedby=\"caption-attachment-28701\" style=\"width: 304px\" class=\"wp-caption aligncenter\"><a href=\"https:\/\/i0.wp.com\/blogdoeloiltoncajuhy.com.br\/site\/wp-content\/uploads\/2018\/10\/regi-brasil-ride.jpg\"><img data-recalc-dims=\"1\" decoding=\"async\" class=\"wp-image-28701 size-full\" src=\"https:\/\/i0.wp.com\/blogdoeloiltoncajuhy.com.br\/site\/wp-content\/uploads\/2018\/10\/regi-brasil-ride.jpg?resize=304%2C512\" alt=\"\" width=\"304\" height=\"512\" srcset=\"https:\/\/i0.wp.com\/blogdoeloiltoncajuhy.com.br\/site\/wp-content\/uploads\/2018\/10\/regi-brasil-ride.jpg?w=304&amp;ssl=1 304w, https:\/\/i0.wp.com\/blogdoeloiltoncajuhy.com.br\/site\/wp-content\/uploads\/2018\/10\/regi-brasil-ride.jpg?resize=178%2C300&amp;ssl=1 178w, https:\/\/i0.wp.com\/blogdoeloiltoncajuhy.com.br\/site\/wp-content\/uploads\/2018\/10\/regi-brasil-ride.jpg?resize=148%2C250&amp;ssl=1 148w\" sizes=\"(max-width: 304px) 100vw, 304px\" \/><\/a><figcaption id=\"caption-attachment-28701\" class=\"wp-caption-text\">Regivaldo Moreira tamb\u00e9m representa o ciclismo bonfinense no Brasil Ride em Arraial D&#8217;Ajuda<\/figcaption><\/figure>\n<p><em><strong>*BLOG DO ELOILTON CAJUHY<\/strong><\/em><\/p>\n","protected":false},"excerpt":{"rendered":"<p>Os ciclistas bonfinenses Regivaldo Moreira, &#8220;Regi&#8221;, e L\u00e1zaro Macedo\u00a0est\u00e3o participando da 9\u00aa edi\u00e7\u00e3o do Brasil Ride, maior ultra maratona de Mountain Bike das Am\u00e9ricas e uma das principais do mundo. O evento acontece durante esta semana em Arraial D&#8217;Ajuda, extremo sul do estado, e est\u00e1 sendo disputado por ciclistas de 22 pa\u00edses, totalizando 540 participantes. [&hellip;]<\/p>\n","protected":false},"author":2,"featured_media":28701,"comment_status":"open","ping_status":"open","sticky":false,"template":"","format":"standard","meta":{"_acf_changed":false,"_monsterinsights_skip_tracking":false,"_monsterinsights_sitenote_active":false,"_monsterinsights_sitenote_note":"","_monsterinsights_sitenote_category":0,"_jetpack_memberships_contains_paid_content":false,"footnotes":"","jetpack_publicize_message":"","jetpack_publicize_feature_enabled":true,"jetpack_social_post_already_shared":true,"jetpack_social_options":{"image_generator_settings":{"template":"highway","default_image_id":0,"font":"","enabled":false},"version":2}},"categories":[6,1,4],"tags":[],"class_list":["post-28699","post","type-post","status-publish","format-standard","has-post-thumbnail","hentry","category-esportes","category-noticias","category-local"],"acf":[],"jetpack_publicize_connections":[],"jetpack_featured_media_url":"https:\/\/i0.wp.com\/blogdoeloiltoncajuhy.com.br\/site\/wp-content\/uploads\/2018\/10\/regi-brasil-ride.jpg?fit=304%2C512&ssl=1","jetpack_sharing_enabled":true,"publishpress_future_workflow_manual_trigger":{"enabledWorkflows":[]},"_links":{"self":[{"href":"https:\/\/blogdoeloiltoncajuhy.com.br\/site\/wp-json\/wp\/v2\/posts\/28699","targetHints":{"allow":["GET"]}}],"collection":[{"href":"https:\/\/blogdoeloiltoncajuhy.com.br\/site\/wp-json\/wp\/v2\/posts"}],"about":[{"href":"https:\/\/blogdoeloiltoncajuhy.com.br\/site\/wp-json\/wp\/v2\/types\/post"}],"author":[{"embeddable":true,"href":"https:\/\/blogdoeloiltoncajuhy.com.br\/site\/wp-json\/wp\/v2\/users\/2"}],"replies":[{"embeddable":true,"href":"https:\/\/blogdoeloiltoncajuhy.com.br\/site\/wp-json\/wp\/v2\/comments?post=28699"}],"version-history":[{"count":1,"href":"https:\/\/blogdoeloiltoncajuhy.com.br\/site\/wp-json\/wp\/v2\/posts\/28699\/revisions"}],"predecessor-version":[{"id":28702,"href":"https:\/\/blogdoeloiltoncajuhy.com.br\/site\/wp-json\/wp\/v2\/posts\/28699\/revisions\/28702"}],"wp:featuredmedia":[{"embeddable":true,"href":"https:\/\/blogdoeloiltoncajuhy.com.br\/site\/wp-json\/wp\/v2\/media\/28701"}],"wp:attachment":[{"href":"https:\/\/blogdoeloiltoncajuhy.com.br\/site\/wp-json\/wp\/v2\/media?parent=28699"}],"wp:term":[{"taxonomy":"category","embeddable":true,"href":"https:\/\/blogdoeloiltoncajuhy.com.br\/site\/wp-json\/wp\/v2\/categories?post=28699"},{"taxonomy":"post_tag","embeddable":true,"href":"https:\/\/blogdoeloiltoncajuhy.com.br\/site\/wp-json\/wp\/v2\/tags?post=28699"}],"curies":[{"name":"wp","href":"https:\/\/api.w.org\/{rel}","templated":true}]}}