{"id":28696,"date":"2018-10-22T22:39:01","date_gmt":"2018-10-23T01:39:01","guid":{"rendered":"http:\/\/blogdoeloiltoncajuhy.com.br\/site\/?p=28696"},"modified":"2018-10-22T22:39:01","modified_gmt":"2018-10-23T01:39:01","slug":"prefeitura-de-andorinha-proibe-retirada-de-agua-do-acude-de-caldeirao-da-vaca","status":"publish","type":"post","link":"https:\/\/blogdoeloiltoncajuhy.com.br\/site\/prefeitura-de-andorinha-proibe-retirada-de-agua-do-acude-de-caldeirao-da-vaca\/","title":{"rendered":"Prefeitura de Andorinha pro\u00edbe retirada de \u00e1gua do a\u00e7ude de Caldeir\u00e3o da Vaca"},"content":{"rendered":"<p><a href=\"https:\/\/i0.wp.com\/blogdoeloiltoncajuhy.com.br\/site\/wp-content\/uploads\/2018\/10\/a%C3%A7ude-caldeirao-vaca.jpg\"><img data-recalc-dims=\"1\" fetchpriority=\"high\" decoding=\"async\" class=\"aligncenter wp-image-28697\" src=\"https:\/\/i0.wp.com\/blogdoeloiltoncajuhy.com.br\/site\/wp-content\/uploads\/2018\/10\/a%C3%A7ude-caldeirao-vaca.jpg?resize=500%2C375\" alt=\"\" width=\"500\" height=\"375\" srcset=\"https:\/\/i0.wp.com\/blogdoeloiltoncajuhy.com.br\/site\/wp-content\/uploads\/2018\/10\/a%C3%A7ude-caldeirao-vaca.jpg?w=700&amp;ssl=1 700w, https:\/\/i0.wp.com\/blogdoeloiltoncajuhy.com.br\/site\/wp-content\/uploads\/2018\/10\/a%C3%A7ude-caldeirao-vaca.jpg?resize=300%2C225&amp;ssl=1 300w, https:\/\/i0.wp.com\/blogdoeloiltoncajuhy.com.br\/site\/wp-content\/uploads\/2018\/10\/a%C3%A7ude-caldeirao-vaca.jpg?resize=250%2C188&amp;ssl=1 250w\" sizes=\"(max-width: 500px) 100vw, 500px\" \/><\/a>A Secretaria de Desenvolvimento Rural e Meio Ambiente de Andorinha pro\u00edbe retirada de \u00e1gua por meio de carros-pipa do A\u00e7ude da localidade de Caldeir\u00e3o da Vaca, localizado no interior do munic\u00edpio.<\/p>\n<p>A medida leva em considera\u00e7\u00e3o a escassez de chuvas na regi\u00e3o. \u201c<em>A forte estiagem deixou o a\u00e7ude com menos de 10% da capacidade de armazenamento. Com isso, a \u00e1gua restante est\u00e1 impr\u00f3pria para o consumo humano<\/em>\u201d, destaca o secret\u00e1rio Valt\u00f4nio Guimar\u00e3es.<\/p>\n<p>A Portaria 2.914, de dezembro 2011, do Minist\u00e9rio da Sa\u00fade, diz que toda \u00e1gua destinada ao consumo humano, distribu\u00edda coletivamente por meio de sistema ou solu\u00e7\u00e3o alternativa coletiva de abastecimento, deve ser objeto de controle da vigil\u00e2ncia da qualidade.<\/p>\n<p><em><strong>*Ascom Prefeitura Municipal de Andorinha-BA<\/strong><\/em><\/p>\n","protected":false},"excerpt":{"rendered":"<p>A Secretaria de Desenvolvimento Rural e Meio Ambiente de Andorinha pro\u00edbe retirada de \u00e1gua por meio de carros-pipa do A\u00e7ude da localidade de Caldeir\u00e3o da Vaca, localizado no interior do munic\u00edpio. A medida leva em considera\u00e7\u00e3o a escassez de chuvas na regi\u00e3o. \u201cA forte estiagem deixou o a\u00e7ude com menos de 10% da capacidade de [&hellip;]<\/p>\n","protected":false},"author":2,"featured_media":28697,"comment_status":"open","ping_status":"open","sticky":false,"template":"","format":"standard","meta":{"_acf_changed":false,"_monsterinsights_skip_tracking":false,"_monsterinsights_sitenote_active":false,"_monsterinsights_sitenote_note":"","_monsterinsights_sitenote_category":0,"_jetpack_memberships_contains_paid_content":false,"footnotes":"","jetpack_publicize_message":"","jetpack_publicize_feature_enabled":true,"jetpack_social_post_already_shared":true,"jetpack_social_options":{"image_generator_settings":{"template":"highway","default_image_id":0,"font":"","enabled":false},"version":2}},"categories":[1,11],"tags":[],"class_list":["post-28696","post","type-post","status-publish","format-standard","has-post-thumbnail","hentry","category-noticias","category-regional"],"acf":[],"jetpack_publicize_connections":[],"jetpack_featured_media_url":"https:\/\/i0.wp.com\/blogdoeloiltoncajuhy.com.br\/site\/wp-content\/uploads\/2018\/10\/a%C3%A7ude-caldeirao-vaca.jpg?fit=700%2C525&ssl=1","jetpack_sharing_enabled":true,"publishpress_future_workflow_manual_trigger":{"enabledWorkflows":[]},"_links":{"self":[{"href":"https:\/\/blogdoeloiltoncajuhy.com.br\/site\/wp-json\/wp\/v2\/posts\/28696","targetHints":{"allow":["GET"]}}],"collection":[{"href":"https:\/\/blogdoeloiltoncajuhy.com.br\/site\/wp-json\/wp\/v2\/posts"}],"about":[{"href":"https:\/\/blogdoeloiltoncajuhy.com.br\/site\/wp-json\/wp\/v2\/types\/post"}],"author":[{"embeddable":true,"href":"https:\/\/blogdoeloiltoncajuhy.com.br\/site\/wp-json\/wp\/v2\/users\/2"}],"replies":[{"embeddable":true,"href":"https:\/\/blogdoeloiltoncajuhy.com.br\/site\/wp-json\/wp\/v2\/comments?post=28696"}],"version-history":[{"count":1,"href":"https:\/\/blogdoeloiltoncajuhy.com.br\/site\/wp-json\/wp\/v2\/posts\/28696\/revisions"}],"predecessor-version":[{"id":28698,"href":"https:\/\/blogdoeloiltoncajuhy.com.br\/site\/wp-json\/wp\/v2\/posts\/28696\/revisions\/28698"}],"wp:featuredmedia":[{"embeddable":true,"href":"https:\/\/blogdoeloiltoncajuhy.com.br\/site\/wp-json\/wp\/v2\/media\/28697"}],"wp:attachment":[{"href":"https:\/\/blogdoeloiltoncajuhy.com.br\/site\/wp-json\/wp\/v2\/media?parent=28696"}],"wp:term":[{"taxonomy":"category","embeddable":true,"href":"https:\/\/blogdoeloiltoncajuhy.com.br\/site\/wp-json\/wp\/v2\/categories?post=28696"},{"taxonomy":"post_tag","embeddable":true,"href":"https:\/\/blogdoeloiltoncajuhy.com.br\/site\/wp-json\/wp\/v2\/tags?post=28696"}],"curies":[{"name":"wp","href":"https:\/\/api.w.org\/{rel}","templated":true}]}}