{"id":28686,"date":"2018-10-22T19:47:53","date_gmt":"2018-10-22T22:47:53","guid":{"rendered":"http:\/\/blogdoeloiltoncajuhy.com.br\/site\/?p=28686"},"modified":"2018-10-22T19:47:53","modified_gmt":"2018-10-22T22:47:53","slug":"enem-2018-locais-de-prova-estao-disponiveis-para-consulta-no-cartao-de-confirmacao","status":"publish","type":"post","link":"https:\/\/blogdoeloiltoncajuhy.com.br\/site\/enem-2018-locais-de-prova-estao-disponiveis-para-consulta-no-cartao-de-confirmacao\/","title":{"rendered":"Enem 2018: locais de prova est\u00e3o dispon\u00edveis para consulta no cart\u00e3o de confirma\u00e7\u00e3o"},"content":{"rendered":"<h5 style=\"text-align: center;\"><em>Para acessar a informa\u00e7\u00e3o, \u00e9 necess\u00e1rio n\u00famero do CPF e senha. Exame acontece nos dias 4 e 11 de novembro<\/em><\/h5>\n<figure id=\"attachment_28687\" aria-describedby=\"caption-attachment-28687\" style=\"width: 984px\" class=\"wp-caption aligncenter\"><a href=\"https:\/\/i0.wp.com\/blogdoeloiltoncajuhy.com.br\/site\/wp-content\/uploads\/2018\/10\/enem-2018_cartao.jpg\"><img data-recalc-dims=\"1\" fetchpriority=\"high\" decoding=\"async\" class=\"wp-image-28687 size-full\" src=\"https:\/\/i0.wp.com\/blogdoeloiltoncajuhy.com.br\/site\/wp-content\/uploads\/2018\/10\/enem-2018_cartao.jpg?resize=800%2C244\" alt=\"\" width=\"800\" height=\"244\" srcset=\"https:\/\/i0.wp.com\/blogdoeloiltoncajuhy.com.br\/site\/wp-content\/uploads\/2018\/10\/enem-2018_cartao.jpg?w=984&amp;ssl=1 984w, https:\/\/i0.wp.com\/blogdoeloiltoncajuhy.com.br\/site\/wp-content\/uploads\/2018\/10\/enem-2018_cartao.jpg?resize=300%2C91&amp;ssl=1 300w, https:\/\/i0.wp.com\/blogdoeloiltoncajuhy.com.br\/site\/wp-content\/uploads\/2018\/10\/enem-2018_cartao.jpg?resize=768%2C234&amp;ssl=1 768w, https:\/\/i0.wp.com\/blogdoeloiltoncajuhy.com.br\/site\/wp-content\/uploads\/2018\/10\/enem-2018_cartao.jpg?resize=250%2C76&amp;ssl=1 250w\" sizes=\"(max-width: 800px) 100vw, 800px\" \/><\/a><figcaption id=\"caption-attachment-28687\" class=\"wp-caption-text\">Cart\u00e3o de confirma\u00e7\u00e3o j\u00e1 est\u00e1 dispon\u00edvel \u2014 Foto: Reprodu\u00e7\u00e3o<\/figcaption><\/figure>\n<p>Os candidatos que ir\u00e3o realizar o Exame Nacional do Ensino M\u00e9dio 2018 podem consultar a partir desta segunda-feira (22), o cart\u00e3o de confirma\u00e7\u00e3o com o local e o hor\u00e1rio das provas. Para acessar o documento, \u00e9 necess\u00e1rio digitar o CPF e a senha cadastrada na inscri\u00e7\u00e3o na p\u00e1gina do participante.<\/p>\n<p>As provas acontecem nos dias 4 e 11 de novembro, dois domingos consecutivos em 1.725 munic\u00edpios. <strong>Veja abaixo as perguntas e respostas sobre o cart\u00e3o de confirma\u00e7\u00e3o:<\/strong><\/p>\n<p><strong>Para que serve o cart\u00e3o de confirma\u00e7\u00e3o?<\/strong><br \/>\n\u00c9 o documento que confirma a inscri\u00e7\u00e3o de cada candidato no Enem, e traz os detalhes sobre o local de provas. Al\u00e9m do nome da rua e n\u00famero do edif\u00edcio, o cart\u00e3o tamb\u00e9m informa, por exemplo, o n\u00famero da sala em que cada estudante far\u00e1 o exame.<\/p>\n<p><strong>Como posso acessar o cart\u00e3o de confirma\u00e7\u00e3o?<\/strong><br \/>\nApenas pela internet. O cart\u00e3o de confirma\u00e7\u00e3o ficar\u00e1 dispon\u00edvel para consulta a partir de segunda pelo site: https:\/\/enem.inep.gov.br\/participante<\/p>\n<p>O acesso \u00e9 individual, ou seja, \u00e9 preciso inserir os dados pessoais e a senha para poder verificar o local de provas.<\/p>\n<p><strong>Preciso levar o cart\u00e3o de confirma\u00e7\u00e3o no dia do Enem?<\/strong><br \/>\nO Inep afirma que n\u00e3o \u00e9 obrigat\u00f3rio apresentar o cart\u00e3o de confirma\u00e7\u00e3o no dia do exame, mas ele recomenda que todos os candidatos imprimam e levem o documento, porque ele facilita o acesso \u00e0s informa\u00e7\u00f5es e evita confus\u00f5es com o endere\u00e7o e os hor\u00e1rios da prova.<\/p>\n<p><em><strong>*Por G1<\/strong><\/em><\/p>\n","protected":false},"excerpt":{"rendered":"<p>Para acessar a informa\u00e7\u00e3o, \u00e9 necess\u00e1rio n\u00famero do CPF e senha. Exame acontece nos dias 4 e 11 de novembro Os candidatos que ir\u00e3o realizar o Exame Nacional do Ensino M\u00e9dio 2018 podem consultar a partir desta segunda-feira (22), o cart\u00e3o de confirma\u00e7\u00e3o com o local e o hor\u00e1rio das provas. Para acessar o documento, [&hellip;]<\/p>\n","protected":false},"author":2,"featured_media":28687,"comment_status":"open","ping_status":"open","sticky":false,"template":"","format":"standard","meta":{"_acf_changed":false,"_monsterinsights_skip_tracking":false,"_monsterinsights_sitenote_active":false,"_monsterinsights_sitenote_note":"","_monsterinsights_sitenote_category":0,"_jetpack_memberships_contains_paid_content":false,"footnotes":"","jetpack_publicize_message":"","jetpack_publicize_feature_enabled":true,"jetpack_social_post_already_shared":true,"jetpack_social_options":{"image_generator_settings":{"template":"highway","default_image_id":0,"font":"","enabled":false},"version":2}},"categories":[14,1],"tags":[],"class_list":["post-28686","post","type-post","status-publish","format-standard","has-post-thumbnail","hentry","category-educacao","category-noticias"],"acf":[],"jetpack_publicize_connections":[],"jetpack_featured_media_url":"https:\/\/i0.wp.com\/blogdoeloiltoncajuhy.com.br\/site\/wp-content\/uploads\/2018\/10\/enem-2018_cartao.jpg?fit=984%2C300&ssl=1","jetpack_sharing_enabled":true,"publishpress_future_workflow_manual_trigger":{"enabledWorkflows":[]},"_links":{"self":[{"href":"https:\/\/blogdoeloiltoncajuhy.com.br\/site\/wp-json\/wp\/v2\/posts\/28686","targetHints":{"allow":["GET"]}}],"collection":[{"href":"https:\/\/blogdoeloiltoncajuhy.com.br\/site\/wp-json\/wp\/v2\/posts"}],"about":[{"href":"https:\/\/blogdoeloiltoncajuhy.com.br\/site\/wp-json\/wp\/v2\/types\/post"}],"author":[{"embeddable":true,"href":"https:\/\/blogdoeloiltoncajuhy.com.br\/site\/wp-json\/wp\/v2\/users\/2"}],"replies":[{"embeddable":true,"href":"https:\/\/blogdoeloiltoncajuhy.com.br\/site\/wp-json\/wp\/v2\/comments?post=28686"}],"version-history":[{"count":1,"href":"https:\/\/blogdoeloiltoncajuhy.com.br\/site\/wp-json\/wp\/v2\/posts\/28686\/revisions"}],"predecessor-version":[{"id":28688,"href":"https:\/\/blogdoeloiltoncajuhy.com.br\/site\/wp-json\/wp\/v2\/posts\/28686\/revisions\/28688"}],"wp:featuredmedia":[{"embeddable":true,"href":"https:\/\/blogdoeloiltoncajuhy.com.br\/site\/wp-json\/wp\/v2\/media\/28687"}],"wp:attachment":[{"href":"https:\/\/blogdoeloiltoncajuhy.com.br\/site\/wp-json\/wp\/v2\/media?parent=28686"}],"wp:term":[{"taxonomy":"category","embeddable":true,"href":"https:\/\/blogdoeloiltoncajuhy.com.br\/site\/wp-json\/wp\/v2\/categories?post=28686"},{"taxonomy":"post_tag","embeddable":true,"href":"https:\/\/blogdoeloiltoncajuhy.com.br\/site\/wp-json\/wp\/v2\/tags?post=28686"}],"curies":[{"name":"wp","href":"https:\/\/api.w.org\/{rel}","templated":true}]}}