{"id":28683,"date":"2018-10-22T19:41:31","date_gmt":"2018-10-22T22:41:31","guid":{"rendered":"http:\/\/blogdoeloiltoncajuhy.com.br\/site\/?p=28683"},"modified":"2018-10-22T19:41:31","modified_gmt":"2018-10-22T22:41:31","slug":"if-baiano-de-senhor-do-bonfim-abre-inscricoes-para-processo-seletivo-para-ingresso-no-curso-de-pos-graduacao-lato-sensu-em-desenvolvimento-sustentavel-no-semiarido","status":"publish","type":"post","link":"https:\/\/blogdoeloiltoncajuhy.com.br\/site\/if-baiano-de-senhor-do-bonfim-abre-inscricoes-para-processo-seletivo-para-ingresso-no-curso-de-pos-graduacao-lato-sensu-em-desenvolvimento-sustentavel-no-semiarido\/","title":{"rendered":"IF Baiano de Senhor do Bonfim abre inscri\u00e7\u00f5es para Processo Seletivo para ingresso no Curso de P\u00f3s-gradua\u00e7\u00e3o Lato Sensu em Desenvolvimento Sustent\u00e1vel no Semi\u00e1rido"},"content":{"rendered":"<p><a href=\"https:\/\/i0.wp.com\/blogdoeloiltoncajuhy.com.br\/site\/wp-content\/uploads\/2017\/09\/if-baiano-bonfim1.jpg\"><img data-recalc-dims=\"1\" fetchpriority=\"high\" decoding=\"async\" class=\"aligncenter wp-image-20023\" src=\"https:\/\/i0.wp.com\/blogdoeloiltoncajuhy.com.br\/site\/wp-content\/uploads\/2017\/09\/if-baiano-bonfim1.jpg?resize=400%2C206\" alt=\"\" width=\"400\" height=\"206\" srcset=\"https:\/\/i0.wp.com\/blogdoeloiltoncajuhy.com.br\/site\/wp-content\/uploads\/2017\/09\/if-baiano-bonfim1.jpg?w=600&amp;ssl=1 600w, https:\/\/i0.wp.com\/blogdoeloiltoncajuhy.com.br\/site\/wp-content\/uploads\/2017\/09\/if-baiano-bonfim1.jpg?resize=300%2C155&amp;ssl=1 300w, https:\/\/i0.wp.com\/blogdoeloiltoncajuhy.com.br\/site\/wp-content\/uploads\/2017\/09\/if-baiano-bonfim1.jpg?resize=250%2C129&amp;ssl=1 250w\" sizes=\"(max-width: 400px) 100vw, 400px\" \/><\/a>O Instituto Federal de Educa\u00e7\u00e3o, Ci\u00eancia e Tecnologia Baiano \u2013 IF Baiano, abriu inscri\u00e7\u00f5es para o Processo Seletivo para ingresso no Curso de P\u00f3s-gradua\u00e7\u00e3o Lato Sensu em Desenvolvimento Sustent\u00e1vel no Semi\u00e1rido com \u00canfase em Recursos H\u00eddricos (DSSERH), turma 2019-2020, oferecido pelo Campus Senhor do Bonfim.<\/p>\n<p>As inscri\u00e7\u00f5es ser\u00e3o realizadas, exclusivamente, no per\u00edodo de <strong>16 de outubro a 09 de novembro de 2018<\/strong>, em tr\u00eas modalidades diferentes: presencialmente, por procura\u00e7\u00e3o e pelos Correios.<\/p>\n<p>Os interessados devem solicitar informa\u00e7\u00f5es e esclarecimentos relativos a este processo seletivo diretamente \u00e0 Coordena\u00e7\u00e3o do Curso por meio do telefone <em><strong>(74) 3542-4016<\/strong><\/em> ou atrav\u00e9s do e-mail <em><strong>pgrecursoshidricos@gmail.com<\/strong><\/em>.<\/p>\n<p>Para\u00a0ter acesso ao edital,\u00a0<a href=\"http:\/\/www.ifbaiano.edu.br\/unidades\/bonfim\/files\/2018\/10\/Edital-Propes-n%C2%BA-95.pdf\">clique aqui<\/a>.<\/p>\n<p><strong>*BLOG DO ELOILTON CAJUHY &#8211; Com informa\u00e7\u00f5es do IF Baiano &#8211; Campus Senhor do Bonfim<\/strong><\/p>\n","protected":false},"excerpt":{"rendered":"<p>O Instituto Federal de Educa\u00e7\u00e3o, Ci\u00eancia e Tecnologia Baiano \u2013 IF Baiano, abriu inscri\u00e7\u00f5es para o Processo Seletivo para ingresso no Curso de P\u00f3s-gradua\u00e7\u00e3o Lato Sensu em Desenvolvimento Sustent\u00e1vel no Semi\u00e1rido com \u00canfase em Recursos H\u00eddricos (DSSERH), turma 2019-2020, oferecido pelo Campus Senhor do Bonfim. As inscri\u00e7\u00f5es ser\u00e3o realizadas, exclusivamente, no per\u00edodo de 16 de [&hellip;]<\/p>\n","protected":false},"author":2,"featured_media":0,"comment_status":"open","ping_status":"open","sticky":false,"template":"","format":"standard","meta":{"_acf_changed":false,"_monsterinsights_skip_tracking":false,"_monsterinsights_sitenote_active":false,"_monsterinsights_sitenote_note":"","_monsterinsights_sitenote_category":0,"_jetpack_memberships_contains_paid_content":false,"footnotes":"","jetpack_publicize_message":"","jetpack_publicize_feature_enabled":true,"jetpack_social_post_already_shared":true,"jetpack_social_options":{"image_generator_settings":{"template":"highway","default_image_id":0,"font":"","enabled":false},"version":2}},"categories":[14,1,4],"tags":[],"class_list":["post-28683","post","type-post","status-publish","format-standard","hentry","category-educacao","category-noticias","category-local"],"acf":[],"jetpack_publicize_connections":[],"jetpack_featured_media_url":"","jetpack_sharing_enabled":true,"publishpress_future_workflow_manual_trigger":{"enabledWorkflows":[]},"_links":{"self":[{"href":"https:\/\/blogdoeloiltoncajuhy.com.br\/site\/wp-json\/wp\/v2\/posts\/28683","targetHints":{"allow":["GET"]}}],"collection":[{"href":"https:\/\/blogdoeloiltoncajuhy.com.br\/site\/wp-json\/wp\/v2\/posts"}],"about":[{"href":"https:\/\/blogdoeloiltoncajuhy.com.br\/site\/wp-json\/wp\/v2\/types\/post"}],"author":[{"embeddable":true,"href":"https:\/\/blogdoeloiltoncajuhy.com.br\/site\/wp-json\/wp\/v2\/users\/2"}],"replies":[{"embeddable":true,"href":"https:\/\/blogdoeloiltoncajuhy.com.br\/site\/wp-json\/wp\/v2\/comments?post=28683"}],"version-history":[{"count":2,"href":"https:\/\/blogdoeloiltoncajuhy.com.br\/site\/wp-json\/wp\/v2\/posts\/28683\/revisions"}],"predecessor-version":[{"id":28685,"href":"https:\/\/blogdoeloiltoncajuhy.com.br\/site\/wp-json\/wp\/v2\/posts\/28683\/revisions\/28685"}],"wp:attachment":[{"href":"https:\/\/blogdoeloiltoncajuhy.com.br\/site\/wp-json\/wp\/v2\/media?parent=28683"}],"wp:term":[{"taxonomy":"category","embeddable":true,"href":"https:\/\/blogdoeloiltoncajuhy.com.br\/site\/wp-json\/wp\/v2\/categories?post=28683"},{"taxonomy":"post_tag","embeddable":true,"href":"https:\/\/blogdoeloiltoncajuhy.com.br\/site\/wp-json\/wp\/v2\/tags?post=28683"}],"curies":[{"name":"wp","href":"https:\/\/api.w.org\/{rel}","templated":true}]}}