{"id":28673,"date":"2018-10-22T18:34:36","date_gmt":"2018-10-22T21:34:36","guid":{"rendered":"http:\/\/blogdoeloiltoncajuhy.com.br\/site\/?p=28673"},"modified":"2018-10-22T18:34:36","modified_gmt":"2018-10-22T21:34:36","slug":"obras-da-policlinica-regional-de-senhor-bonfim-avancam-e-inauguracao-esta-prevista-para-maio-de-2019","status":"publish","type":"post","link":"https:\/\/blogdoeloiltoncajuhy.com.br\/site\/obras-da-policlinica-regional-de-senhor-bonfim-avancam-e-inauguracao-esta-prevista-para-maio-de-2019\/","title":{"rendered":"Obras da Policl\u00ednica Regional de Senhor Bonfim avan\u00e7am e inaugura\u00e7\u00e3o est\u00e1 prevista para maio de 2019"},"content":{"rendered":"<p><a href=\"https:\/\/i0.wp.com\/blogdoeloiltoncajuhy.com.br\/site\/wp-content\/uploads\/2018\/10\/policl%C3%ADnica_out-2018_01.jpg\"><img data-recalc-dims=\"1\" fetchpriority=\"high\" decoding=\"async\" class=\"aligncenter size-full wp-image-28674\" src=\"https:\/\/i0.wp.com\/blogdoeloiltoncajuhy.com.br\/site\/wp-content\/uploads\/2018\/10\/policl%C3%ADnica_out-2018_01.jpg?resize=700%2C467\" alt=\"\" width=\"700\" height=\"467\" srcset=\"https:\/\/i0.wp.com\/blogdoeloiltoncajuhy.com.br\/site\/wp-content\/uploads\/2018\/10\/policl%C3%ADnica_out-2018_01.jpg?w=700&amp;ssl=1 700w, https:\/\/i0.wp.com\/blogdoeloiltoncajuhy.com.br\/site\/wp-content\/uploads\/2018\/10\/policl%C3%ADnica_out-2018_01.jpg?resize=300%2C200&amp;ssl=1 300w, https:\/\/i0.wp.com\/blogdoeloiltoncajuhy.com.br\/site\/wp-content\/uploads\/2018\/10\/policl%C3%ADnica_out-2018_01.jpg?resize=250%2C167&amp;ssl=1 250w\" sizes=\"(max-width: 700px) 100vw, 700px\" \/><\/a>As obras para constru\u00e7\u00e3o da futura Policl\u00ednica Regional de Senhor do Bonfim seguem em ritmo intenso de trabalho. O equipamento p\u00fablico faz parte do programa Bonfim em Desenvolvimento e tem um investimento de aproximadamente R$ 25 milh\u00f5es para edifica\u00e7\u00e3o e compra de modernos equipamentos.<\/p>\n<p>Mais de trinta profissionais (em sua maioria m\u00e3o de obra local) est\u00e3o trabalhando na constru\u00e7\u00e3o. \u201c<em>Agrade\u00e7o a Deus por essa porta aberta. Eu sou muito grato por essa oportunidade e pelo bem que essa obra vai fazer ao nosso povo<\/em>\u201d, disse o eletricista Eduardo Jos\u00e9 &#8211; contratado para trabalhar no setor de instala\u00e7\u00f5es el\u00e9tricas.<\/p>\n<p>A constru\u00e7\u00e3o da Policl\u00ednica deve ser finalizada em maio de 2019 e vai oferecer atendimento para moradores dos munic\u00edpios de Andorinha, Ant\u00f4nio Gon\u00e7alves, Campo Formoso, Filad\u00e9lfia, Iti\u00faba, Jaguarari, Ponto Novo, Queimadas, Nordestina, Pindoba\u00e7u, Cansan\u00e7\u00e3o e Senhor do Bonfim.<\/p>\n<p>\u201c<em>Gra\u00e7as as obras do governo do Estado e as obras do munic\u00edpio, temos gerado dezenas de empregos e com isso aquecido tamb\u00e9m a nossa economia<\/em>\u201d, destacou o prefeito Carlos Brasileiro durante visita ao canteiro de obras.<\/p>\n<p><a href=\"https:\/\/i0.wp.com\/blogdoeloiltoncajuhy.com.br\/site\/wp-content\/uploads\/2018\/10\/policl%C3%ADnica_out-2018_02.jpg\"><img data-recalc-dims=\"1\" decoding=\"async\" class=\"aligncenter size-full wp-image-28675\" src=\"https:\/\/i0.wp.com\/blogdoeloiltoncajuhy.com.br\/site\/wp-content\/uploads\/2018\/10\/policl%C3%ADnica_out-2018_02.jpg?resize=700%2C394\" alt=\"\" width=\"700\" height=\"394\" srcset=\"https:\/\/i0.wp.com\/blogdoeloiltoncajuhy.com.br\/site\/wp-content\/uploads\/2018\/10\/policl%C3%ADnica_out-2018_02.jpg?w=700&amp;ssl=1 700w, https:\/\/i0.wp.com\/blogdoeloiltoncajuhy.com.br\/site\/wp-content\/uploads\/2018\/10\/policl%C3%ADnica_out-2018_02.jpg?resize=300%2C169&amp;ssl=1 300w, https:\/\/i0.wp.com\/blogdoeloiltoncajuhy.com.br\/site\/wp-content\/uploads\/2018\/10\/policl%C3%ADnica_out-2018_02.jpg?resize=250%2C141&amp;ssl=1 250w\" sizes=\"(max-width: 700px) 100vw, 700px\" \/><\/a>A Policl\u00ednica est\u00e1 sendo constru\u00edda no bairro Olaria \u2013 nas margens da BA -220 &#8211; em uma \u00e1rea de cerca de 10 mil metros quadrados doada pelo empres\u00e1rio Paulo Braga.<\/p>\n<p>\u201c<em>Estamos seguindo todos os crit\u00e9rios t\u00e9cnicos para que a obra saia com qualidade e seja entregue no prazo correto<\/em>\u201d, enfatizou Jess\u00e9 Ara\u00fajo, Mestre de Obras.<\/p>\n<p>Quando estiver funcionando a policl\u00ednica oferecer\u00e1 consultas, exames e procedimentos em at\u00e9 18 especialidades m\u00e9dicas, a exemplo de angiologista, cardiologista, endocrinologista, gastroenterologista, mastologista e neurologista.<\/p>\n<p>Exames e servi\u00e7os como ecocardiograma, eletrocardiograma, endoscopia digestiva, colonoscopia, tomografias e resson\u00e2ncias tamb\u00e9m poder\u00e3o ser realizados na unidade.<\/p>\n<p><em><strong>*ASCOM &#8211; Prefeitura Municipal de Senhor do Bonfim &#8211; BA<\/strong><\/em><\/p>\n","protected":false},"excerpt":{"rendered":"<p>As obras para constru\u00e7\u00e3o da futura Policl\u00ednica Regional de Senhor do Bonfim seguem em ritmo intenso de trabalho. O equipamento p\u00fablico faz parte do programa Bonfim em Desenvolvimento e tem um investimento de aproximadamente R$ 25 milh\u00f5es para edifica\u00e7\u00e3o e compra de modernos equipamentos. Mais de trinta profissionais (em sua maioria m\u00e3o de obra local) [&hellip;]<\/p>\n","protected":false},"author":2,"featured_media":28675,"comment_status":"open","ping_status":"open","sticky":false,"template":"","format":"standard","meta":{"_acf_changed":false,"_monsterinsights_skip_tracking":false,"_monsterinsights_sitenote_active":false,"_monsterinsights_sitenote_note":"","_monsterinsights_sitenote_category":0,"_jetpack_memberships_contains_paid_content":false,"footnotes":"","jetpack_publicize_message":"","jetpack_publicize_feature_enabled":true,"jetpack_social_post_already_shared":true,"jetpack_social_options":{"image_generator_settings":{"template":"highway","default_image_id":0,"font":"","enabled":false},"version":2}},"categories":[1,7,4],"tags":[],"class_list":["post-28673","post","type-post","status-publish","format-standard","has-post-thumbnail","hentry","category-noticias","category-saude","category-local"],"acf":[],"jetpack_publicize_connections":[],"jetpack_featured_media_url":"https:\/\/i0.wp.com\/blogdoeloiltoncajuhy.com.br\/site\/wp-content\/uploads\/2018\/10\/policl%C3%ADnica_out-2018_02.jpg?fit=700%2C394&ssl=1","jetpack_sharing_enabled":true,"publishpress_future_workflow_manual_trigger":{"enabledWorkflows":[]},"_links":{"self":[{"href":"https:\/\/blogdoeloiltoncajuhy.com.br\/site\/wp-json\/wp\/v2\/posts\/28673","targetHints":{"allow":["GET"]}}],"collection":[{"href":"https:\/\/blogdoeloiltoncajuhy.com.br\/site\/wp-json\/wp\/v2\/posts"}],"about":[{"href":"https:\/\/blogdoeloiltoncajuhy.com.br\/site\/wp-json\/wp\/v2\/types\/post"}],"author":[{"embeddable":true,"href":"https:\/\/blogdoeloiltoncajuhy.com.br\/site\/wp-json\/wp\/v2\/users\/2"}],"replies":[{"embeddable":true,"href":"https:\/\/blogdoeloiltoncajuhy.com.br\/site\/wp-json\/wp\/v2\/comments?post=28673"}],"version-history":[{"count":1,"href":"https:\/\/blogdoeloiltoncajuhy.com.br\/site\/wp-json\/wp\/v2\/posts\/28673\/revisions"}],"predecessor-version":[{"id":28676,"href":"https:\/\/blogdoeloiltoncajuhy.com.br\/site\/wp-json\/wp\/v2\/posts\/28673\/revisions\/28676"}],"wp:featuredmedia":[{"embeddable":true,"href":"https:\/\/blogdoeloiltoncajuhy.com.br\/site\/wp-json\/wp\/v2\/media\/28675"}],"wp:attachment":[{"href":"https:\/\/blogdoeloiltoncajuhy.com.br\/site\/wp-json\/wp\/v2\/media?parent=28673"}],"wp:term":[{"taxonomy":"category","embeddable":true,"href":"https:\/\/blogdoeloiltoncajuhy.com.br\/site\/wp-json\/wp\/v2\/categories?post=28673"},{"taxonomy":"post_tag","embeddable":true,"href":"https:\/\/blogdoeloiltoncajuhy.com.br\/site\/wp-json\/wp\/v2\/tags?post=28673"}],"curies":[{"name":"wp","href":"https:\/\/api.w.org\/{rel}","templated":true}]}}