{"id":28669,"date":"2018-10-22T07:57:13","date_gmt":"2018-10-22T10:57:13","guid":{"rendered":"http:\/\/blogdoeloiltoncajuhy.com.br\/site\/?p=28669"},"modified":"2018-10-22T07:57:13","modified_gmt":"2018-10-22T10:57:13","slug":"brasil-registra-34-mil-mortes-violentas-em-agosto-ja-sao-mais-de-34-mil-no-ano","status":"publish","type":"post","link":"https:\/\/blogdoeloiltoncajuhy.com.br\/site\/brasil-registra-34-mil-mortes-violentas-em-agosto-ja-sao-mais-de-34-mil-no-ano\/","title":{"rendered":"Brasil registra 3,4 mil mortes violentas em agosto; j\u00e1 s\u00e3o mais de 34 mil no ano"},"content":{"rendered":"<h5 style=\"text-align: center;\"><em>Dado \u00e9 ainda maior, j\u00e1 que quatro estados n\u00e3o divulgam os dados de agosto e um deles tamb\u00e9m n\u00e3o informa os de julho; \u00edndice nacional de homic\u00eddios criado pelo <strong>G1<\/strong> acompanha m\u00eas a m\u00eas os dados de v\u00edtimas de crimes violentos no pa\u00eds. O objetivo \u00e9 possibilitar um diagn\u00f3stico em tempo real da viol\u00eancia e cobrar transpar\u00eancia por parte dos governos<\/em><\/h5>\n<figure id=\"attachment_28670\" aria-describedby=\"caption-attachment-28670\" style=\"width: 800px\" class=\"wp-caption aligncenter\"><a href=\"https:\/\/i0.wp.com\/blogdoeloiltoncajuhy.com.br\/site\/wp-content\/uploads\/2018\/10\/mapa-agosto.jpg\"><img data-recalc-dims=\"1\" fetchpriority=\"high\" decoding=\"async\" class=\"wp-image-28670 size-full\" src=\"https:\/\/i0.wp.com\/blogdoeloiltoncajuhy.com.br\/site\/wp-content\/uploads\/2018\/10\/mapa-agosto.jpg?resize=800%2C543\" alt=\"\" width=\"800\" height=\"543\" srcset=\"https:\/\/i0.wp.com\/blogdoeloiltoncajuhy.com.br\/site\/wp-content\/uploads\/2018\/10\/mapa-agosto.jpg?w=800&amp;ssl=1 800w, https:\/\/i0.wp.com\/blogdoeloiltoncajuhy.com.br\/site\/wp-content\/uploads\/2018\/10\/mapa-agosto.jpg?resize=300%2C204&amp;ssl=1 300w, https:\/\/i0.wp.com\/blogdoeloiltoncajuhy.com.br\/site\/wp-content\/uploads\/2018\/10\/mapa-agosto.jpg?resize=768%2C521&amp;ssl=1 768w, https:\/\/i0.wp.com\/blogdoeloiltoncajuhy.com.br\/site\/wp-content\/uploads\/2018\/10\/mapa-agosto.jpg?resize=250%2C170&amp;ssl=1 250w\" sizes=\"(max-width: 800px) 100vw, 800px\" \/><\/a><figcaption id=\"caption-attachment-28670\" class=\"wp-caption-text\">Mapa mostra as mortes em agosto no Brasil \u2014 Foto: G1<\/figcaption><\/figure>\n<p>Pelo menos 3.444 pessoas foram assassinadas no m\u00eas de agosto deste ano no Brasil. O n\u00famero, por\u00e9m, \u00e9 ainda maior, j\u00e1 que quatro estados n\u00e3o divulgam os dados.<\/p>\n<p>O \u00edndice nacional de homic\u00eddios, ferramenta criada pelo <strong>G1<\/strong>, permite o acompanhamento dos dados de v\u00edtimas de crimes violentos m\u00eas a m\u00eas no pa\u00eds. J\u00e1 s\u00e3o 34.305 v\u00edtimas registradas nos primeiros oito meses deste ano.<\/p>\n<p>O n\u00famero consolidado at\u00e9 agora contabiliza todos os homic\u00eddios dolosos, latroc\u00ednios e les\u00f5es corporais seguidas de morte, que, juntos, comp\u00f5em os chamados crimes violentos letais e intencionais.<\/p>\n<p>O mapa faz parte do Monitor da Viol\u00eancia, uma parceria do G1 com o N\u00facleo de Estudos da Viol\u00eancia da USP e o F\u00f3rum Brasileiro de Seguran\u00e7a P\u00fablica.<\/p>\n<p><strong>Transpar\u00eancia<\/strong><\/p>\n<p>Quatro estados (Amazonas, Maranh\u00e3o, Paran\u00e1 e Tocantins), entretanto, dizem ainda n\u00e3o ter os dados referentes a agosto \u2013 o Paran\u00e1 tamb\u00e9m n\u00e3o informa os n\u00fameros de julho. Veja a justificativa de cada um:<\/p>\n<p><strong>Amazonas:<\/strong> A Secretaria da Seguran\u00e7a diz apenas que as estat\u00edsticas do m\u00eas de agosto est\u00e3o sendo consolidadas.<\/p>\n<p><strong>Maranh\u00e3o:<\/strong> De acordo com a Secretaria de Seguran\u00e7a P\u00fablica, os dados de agosto ainda est\u00e3o sendo consolidados.<\/p>\n<p><strong>Paran\u00e1:<\/strong> Segundo a Secretaria de Seguran\u00e7a P\u00fablica, os dados (tanto de julho como de agosto) ainda est\u00e3o sendo tabulados para posterior homologa\u00e7\u00e3o e divulga\u00e7\u00e3o.<\/p>\n<p><strong>Tocantins:<\/strong> A Secretaria de Seguran\u00e7a P\u00fablica diz que o setor de estat\u00edstica ainda n\u00e3o tem os n\u00fameros devido \u00e0 dificuldade de algumas delegacias em enviar os dados.<\/p>\n<p><em><strong>*Por G1<\/strong><\/em><\/p>\n","protected":false},"excerpt":{"rendered":"<p>Dado \u00e9 ainda maior, j\u00e1 que quatro estados n\u00e3o divulgam os dados de agosto e um deles tamb\u00e9m n\u00e3o informa os de julho; \u00edndice nacional de homic\u00eddios criado pelo G1 acompanha m\u00eas a m\u00eas os dados de v\u00edtimas de crimes violentos no pa\u00eds. O objetivo \u00e9 possibilitar um diagn\u00f3stico em tempo real da viol\u00eancia e [&hellip;]<\/p>\n","protected":false},"author":2,"featured_media":28670,"comment_status":"open","ping_status":"open","sticky":false,"template":"","format":"standard","meta":{"_acf_changed":false,"_monsterinsights_skip_tracking":false,"_monsterinsights_sitenote_active":false,"_monsterinsights_sitenote_note":"","_monsterinsights_sitenote_category":0,"_jetpack_memberships_contains_paid_content":false,"footnotes":"","jetpack_publicize_message":"","jetpack_publicize_feature_enabled":true,"jetpack_social_post_already_shared":true,"jetpack_social_options":{"image_generator_settings":{"template":"highway","default_image_id":0,"font":"","enabled":false},"version":2}},"categories":[5,1],"tags":[],"class_list":["post-28669","post","type-post","status-publish","format-standard","has-post-thumbnail","hentry","category-cotidiano","category-noticias"],"acf":[],"jetpack_publicize_connections":[],"jetpack_featured_media_url":"https:\/\/i0.wp.com\/blogdoeloiltoncajuhy.com.br\/site\/wp-content\/uploads\/2018\/10\/mapa-agosto.jpg?fit=800%2C543&ssl=1","jetpack_sharing_enabled":true,"publishpress_future_workflow_manual_trigger":{"enabledWorkflows":[]},"_links":{"self":[{"href":"https:\/\/blogdoeloiltoncajuhy.com.br\/site\/wp-json\/wp\/v2\/posts\/28669","targetHints":{"allow":["GET"]}}],"collection":[{"href":"https:\/\/blogdoeloiltoncajuhy.com.br\/site\/wp-json\/wp\/v2\/posts"}],"about":[{"href":"https:\/\/blogdoeloiltoncajuhy.com.br\/site\/wp-json\/wp\/v2\/types\/post"}],"author":[{"embeddable":true,"href":"https:\/\/blogdoeloiltoncajuhy.com.br\/site\/wp-json\/wp\/v2\/users\/2"}],"replies":[{"embeddable":true,"href":"https:\/\/blogdoeloiltoncajuhy.com.br\/site\/wp-json\/wp\/v2\/comments?post=28669"}],"version-history":[{"count":1,"href":"https:\/\/blogdoeloiltoncajuhy.com.br\/site\/wp-json\/wp\/v2\/posts\/28669\/revisions"}],"predecessor-version":[{"id":28671,"href":"https:\/\/blogdoeloiltoncajuhy.com.br\/site\/wp-json\/wp\/v2\/posts\/28669\/revisions\/28671"}],"wp:featuredmedia":[{"embeddable":true,"href":"https:\/\/blogdoeloiltoncajuhy.com.br\/site\/wp-json\/wp\/v2\/media\/28670"}],"wp:attachment":[{"href":"https:\/\/blogdoeloiltoncajuhy.com.br\/site\/wp-json\/wp\/v2\/media?parent=28669"}],"wp:term":[{"taxonomy":"category","embeddable":true,"href":"https:\/\/blogdoeloiltoncajuhy.com.br\/site\/wp-json\/wp\/v2\/categories?post=28669"},{"taxonomy":"post_tag","embeddable":true,"href":"https:\/\/blogdoeloiltoncajuhy.com.br\/site\/wp-json\/wp\/v2\/tags?post=28669"}],"curies":[{"name":"wp","href":"https:\/\/api.w.org\/{rel}","templated":true}]}}