{"id":28666,"date":"2018-10-22T06:31:59","date_gmt":"2018-10-22T09:31:59","guid":{"rendered":"http:\/\/blogdoeloiltoncajuhy.com.br\/site\/?p=28666"},"modified":"2018-10-22T06:31:59","modified_gmt":"2018-10-22T09:31:59","slug":"bonfim-homem-quebra-vidro-da-porta-da-delegacia-apos-ser-preso-por-ameacar-o-proprio-pai","status":"publish","type":"post","link":"https:\/\/blogdoeloiltoncajuhy.com.br\/site\/bonfim-homem-quebra-vidro-da-porta-da-delegacia-apos-ser-preso-por-ameacar-o-proprio-pai\/","title":{"rendered":"BONFIM: Homem quebra vidro da porta da delegacia ap\u00f3s ser preso por amea\u00e7ar o pr\u00f3prio pai"},"content":{"rendered":"<p><a href=\"https:\/\/i0.wp.com\/blogdoeloiltoncajuhy.com.br\/site\/wp-content\/uploads\/2018\/10\/porta-delegacia-bonfim.jpeg\"><img data-recalc-dims=\"1\" fetchpriority=\"high\" decoding=\"async\" class=\"aligncenter size-full wp-image-28667\" src=\"https:\/\/i0.wp.com\/blogdoeloiltoncajuhy.com.br\/site\/wp-content\/uploads\/2018\/10\/porta-delegacia-bonfim.jpeg?resize=225%2C400\" alt=\"\" width=\"225\" height=\"400\" srcset=\"https:\/\/i0.wp.com\/blogdoeloiltoncajuhy.com.br\/site\/wp-content\/uploads\/2018\/10\/porta-delegacia-bonfim.jpeg?w=225&amp;ssl=1 225w, https:\/\/i0.wp.com\/blogdoeloiltoncajuhy.com.br\/site\/wp-content\/uploads\/2018\/10\/porta-delegacia-bonfim.jpeg?resize=169%2C300&amp;ssl=1 169w, https:\/\/i0.wp.com\/blogdoeloiltoncajuhy.com.br\/site\/wp-content\/uploads\/2018\/10\/porta-delegacia-bonfim.jpeg?resize=141%2C250&amp;ssl=1 141w\" sizes=\"(max-width: 225px) 100vw, 225px\" \/><\/a>Na noite da \u00faltima sexta-feira (19), a Pol\u00edcia Militar apresentou no Complexo Policial de Senhor do Bonfim um homem, identificado como\u00a0<strong>Marcos Raimundo<\/strong>, por ter amea\u00e7ado o pr\u00f3prio pai com uma faca, tipo peixeira, no Bairro Luiz Eduardo Magalh\u00e3es, Alto do Cigano.<\/p>\n<p>Mesmo tendo fugido, o autor foi alcan\u00e7ado pela PM que o apresentou na Delegacia Territorial de Bonfim. J\u00e1 na delegacia, o homem come\u00e7ou a bater com sua cabe\u00e7a na porta da recep\u00e7\u00e3o, quebrando assim a parte de vidro e ocasionando-lhe ferimentos.<\/p>\n<p>Uma unidade do SAMU foi acionada e conduziu Marcos at\u00e9 a UPA 24h, onde passou por avalia\u00e7\u00e3o m\u00e9dica. Retornando para o Complexo Policial, ele foi autuado por danos, Injuria e porte de arma branca.<\/p>\n<p><em><strong>*Blog do Netto Maravilha<\/strong><\/em><\/p>\n","protected":false},"excerpt":{"rendered":"<p>Na noite da \u00faltima sexta-feira (19), a Pol\u00edcia Militar apresentou no Complexo Policial de Senhor do Bonfim um homem, identificado como\u00a0Marcos Raimundo, por ter amea\u00e7ado o pr\u00f3prio pai com uma faca, tipo peixeira, no Bairro Luiz Eduardo Magalh\u00e3es, Alto do Cigano. Mesmo tendo fugido, o autor foi alcan\u00e7ado pela PM que o apresentou na Delegacia [&hellip;]<\/p>\n","protected":false},"author":2,"featured_media":28667,"comment_status":"open","ping_status":"open","sticky":false,"template":"","format":"standard","meta":{"_acf_changed":false,"_monsterinsights_skip_tracking":false,"_monsterinsights_sitenote_active":false,"_monsterinsights_sitenote_note":"","_monsterinsights_sitenote_category":0,"_jetpack_memberships_contains_paid_content":false,"footnotes":"","jetpack_publicize_message":"","jetpack_publicize_feature_enabled":true,"jetpack_social_post_already_shared":true,"jetpack_social_options":{"image_generator_settings":{"template":"highway","default_image_id":0,"font":"","enabled":false},"version":2}},"categories":[1,4],"tags":[],"class_list":["post-28666","post","type-post","status-publish","format-standard","has-post-thumbnail","hentry","category-noticias","category-local"],"acf":[],"jetpack_publicize_connections":[],"jetpack_featured_media_url":"https:\/\/i0.wp.com\/blogdoeloiltoncajuhy.com.br\/site\/wp-content\/uploads\/2018\/10\/porta-delegacia-bonfim.jpeg?fit=225%2C400&ssl=1","jetpack_sharing_enabled":true,"publishpress_future_workflow_manual_trigger":{"enabledWorkflows":[]},"_links":{"self":[{"href":"https:\/\/blogdoeloiltoncajuhy.com.br\/site\/wp-json\/wp\/v2\/posts\/28666","targetHints":{"allow":["GET"]}}],"collection":[{"href":"https:\/\/blogdoeloiltoncajuhy.com.br\/site\/wp-json\/wp\/v2\/posts"}],"about":[{"href":"https:\/\/blogdoeloiltoncajuhy.com.br\/site\/wp-json\/wp\/v2\/types\/post"}],"author":[{"embeddable":true,"href":"https:\/\/blogdoeloiltoncajuhy.com.br\/site\/wp-json\/wp\/v2\/users\/2"}],"replies":[{"embeddable":true,"href":"https:\/\/blogdoeloiltoncajuhy.com.br\/site\/wp-json\/wp\/v2\/comments?post=28666"}],"version-history":[{"count":1,"href":"https:\/\/blogdoeloiltoncajuhy.com.br\/site\/wp-json\/wp\/v2\/posts\/28666\/revisions"}],"predecessor-version":[{"id":28668,"href":"https:\/\/blogdoeloiltoncajuhy.com.br\/site\/wp-json\/wp\/v2\/posts\/28666\/revisions\/28668"}],"wp:featuredmedia":[{"embeddable":true,"href":"https:\/\/blogdoeloiltoncajuhy.com.br\/site\/wp-json\/wp\/v2\/media\/28667"}],"wp:attachment":[{"href":"https:\/\/blogdoeloiltoncajuhy.com.br\/site\/wp-json\/wp\/v2\/media?parent=28666"}],"wp:term":[{"taxonomy":"category","embeddable":true,"href":"https:\/\/blogdoeloiltoncajuhy.com.br\/site\/wp-json\/wp\/v2\/categories?post=28666"},{"taxonomy":"post_tag","embeddable":true,"href":"https:\/\/blogdoeloiltoncajuhy.com.br\/site\/wp-json\/wp\/v2\/tags?post=28666"}],"curies":[{"name":"wp","href":"https:\/\/api.w.org\/{rel}","templated":true}]}}