{"id":28652,"date":"2018-10-21T15:37:00","date_gmt":"2018-10-21T18:37:00","guid":{"rendered":"http:\/\/blogdoeloiltoncajuhy.com.br\/site\/?p=28652"},"modified":"2018-10-21T15:37:00","modified_gmt":"2018-10-21T18:37:00","slug":"divisao-de-base-palmeirinhas-no-sub-09-e-igarense-no-sub-11-sao-campeoes-neste-domingo-21-em-bonfim","status":"publish","type":"post","link":"https:\/\/blogdoeloiltoncajuhy.com.br\/site\/divisao-de-base-palmeirinhas-no-sub-09-e-igarense-no-sub-11-sao-campeoes-neste-domingo-21-em-bonfim\/","title":{"rendered":"Divis\u00e3o de Base: Palmeirinhas no Sub-09 e Igarense no Sub-11 s\u00e3o campe\u00f5es neste domingo (21) em Bonfim"},"content":{"rendered":"<p><a href=\"https:\/\/i0.wp.com\/blogdoeloiltoncajuhy.com.br\/site\/wp-content\/uploads\/2018\/10\/Solenidade.jpg\"><img data-recalc-dims=\"1\" fetchpriority=\"high\" decoding=\"async\" class=\"aligncenter size-full wp-image-28655\" src=\"https:\/\/i0.wp.com\/blogdoeloiltoncajuhy.com.br\/site\/wp-content\/uploads\/2018\/10\/Solenidade.jpg?resize=764%2C509\" alt=\"\" width=\"764\" height=\"509\" srcset=\"https:\/\/i0.wp.com\/blogdoeloiltoncajuhy.com.br\/site\/wp-content\/uploads\/2018\/10\/Solenidade.jpg?w=764&amp;ssl=1 764w, https:\/\/i0.wp.com\/blogdoeloiltoncajuhy.com.br\/site\/wp-content\/uploads\/2018\/10\/Solenidade.jpg?resize=300%2C200&amp;ssl=1 300w, https:\/\/i0.wp.com\/blogdoeloiltoncajuhy.com.br\/site\/wp-content\/uploads\/2018\/10\/Solenidade.jpg?resize=250%2C167&amp;ssl=1 250w\" sizes=\"(max-width: 764px) 100vw, 764px\" \/><\/a>A Arena Cigan\u00e3o, no Alto do Cigano, ficou lotada na manh\u00e3 deste domingo (21) para a final do Campeonato Bonfinense das Divis\u00f5es de Base, nas categorias Sub-09 (Fraldinha) e Sub-11 (Pr\u00e9 Mirim).<\/p>\n<p>No primeiro jogo, que come\u00e7ou por volta das 9h20, o Palmeirinhas Jovem venceu o Im\u00e3, por 3&#215;1, e levantou a ta\u00e7a. O segundo jogo, que teve in\u00edcio uma hora depois, teve o Igarense como vencedor pelo placar 1&#215;0.<\/p>\n<p>No final, os atletas foram agraciados com trof\u00e9us e medalhas. Pela categoria Sub-09, Mois\u00e9s Yago, do Palmeirinhas Jovem recebeu o trof\u00e9u de goleiro menos vazado. Ele sofreu apenas dois gols. Vin\u00edcius Gabriel do Im\u00e3, ficou com o trof\u00e9u de artilheiro por ter marcado 11 gols.<\/p>\n<p>J\u00e1 na categoria Sub-11, o goleiro menos vazado foi J\u00falio C\u00e9sar, do Igarense &#8211; filho de Edimar. Ele sofreu somente dois gols. O artilheiro foi Breno de Castro, tamb\u00e9m do Igarense, com 9 gols.<\/p>\n<p>O evento contou com a presen\u00e7a do Prefeito Carlos Brasileiro e v\u00e1rios assessores. O campeonato prossegue, nas categorias Sub-13 e Sub-15, com jogos no Est\u00e1dio Pedro Amorim, devendo se encerrar na segunda quinzena de dezembro.<\/p>\n<figure id=\"attachment_28654\" aria-describedby=\"caption-attachment-28654\" style=\"width: 700px\" class=\"wp-caption aligncenter\"><a href=\"https:\/\/i0.wp.com\/blogdoeloiltoncajuhy.com.br\/site\/wp-content\/uploads\/2018\/10\/Palmeirinhas-Jovem_Camoe%C3%A3o2018.jpg\"><img data-recalc-dims=\"1\" decoding=\"async\" class=\"wp-image-28654 size-full\" src=\"https:\/\/i0.wp.com\/blogdoeloiltoncajuhy.com.br\/site\/wp-content\/uploads\/2018\/10\/Palmeirinhas-Jovem_Camoe%C3%A3o2018.jpg?resize=700%2C525\" alt=\"\" width=\"700\" height=\"525\" srcset=\"https:\/\/i0.wp.com\/blogdoeloiltoncajuhy.com.br\/site\/wp-content\/uploads\/2018\/10\/Palmeirinhas-Jovem_Camoe%C3%A3o2018.jpg?w=700&amp;ssl=1 700w, https:\/\/i0.wp.com\/blogdoeloiltoncajuhy.com.br\/site\/wp-content\/uploads\/2018\/10\/Palmeirinhas-Jovem_Camoe%C3%A3o2018.jpg?resize=300%2C225&amp;ssl=1 300w, https:\/\/i0.wp.com\/blogdoeloiltoncajuhy.com.br\/site\/wp-content\/uploads\/2018\/10\/Palmeirinhas-Jovem_Camoe%C3%A3o2018.jpg?resize=250%2C188&amp;ssl=1 250w\" sizes=\"(max-width: 700px) 100vw, 700px\" \/><\/a><figcaption id=\"caption-attachment-28654\" class=\"wp-caption-text\">Palmeirinhas Jovem &#8211; Campe\u00e3o Bonfinense das Divis\u00f5es de Base 2018. Categoria Sub-09<\/figcaption><\/figure>\n<figure id=\"attachment_28653\" aria-describedby=\"caption-attachment-28653\" style=\"width: 525px\" class=\"wp-caption aligncenter\"><a href=\"https:\/\/i0.wp.com\/blogdoeloiltoncajuhy.com.br\/site\/wp-content\/uploads\/2018\/10\/Mois%C3%A9s_Ta%C3%A7as.jpg\"><img data-recalc-dims=\"1\" decoding=\"async\" class=\"wp-image-28653 size-full\" src=\"https:\/\/i0.wp.com\/blogdoeloiltoncajuhy.com.br\/site\/wp-content\/uploads\/2018\/10\/Mois%C3%A9s_Ta%C3%A7as.jpg?resize=525%2C700\" alt=\"\" width=\"525\" height=\"700\" srcset=\"https:\/\/i0.wp.com\/blogdoeloiltoncajuhy.com.br\/site\/wp-content\/uploads\/2018\/10\/Mois%C3%A9s_Ta%C3%A7as.jpg?w=525&amp;ssl=1 525w, https:\/\/i0.wp.com\/blogdoeloiltoncajuhy.com.br\/site\/wp-content\/uploads\/2018\/10\/Mois%C3%A9s_Ta%C3%A7as.jpg?resize=225%2C300&amp;ssl=1 225w, https:\/\/i0.wp.com\/blogdoeloiltoncajuhy.com.br\/site\/wp-content\/uploads\/2018\/10\/Mois%C3%A9s_Ta%C3%A7as.jpg?resize=188%2C250&amp;ssl=1 188w\" sizes=\"(max-width: 525px) 100vw, 525px\" \/><\/a><figcaption id=\"caption-attachment-28653\" class=\"wp-caption-text\">Mois\u00e9s Yago, do Palmeirinhas Jovem, capit\u00e3o da equipe, levou o trof\u00e9u de goleiro menos vazado da competi\u00e7\u00e3o<\/figcaption><\/figure>\n<p><em><strong> *BLOG DO ELOILTON CAJUHY<\/strong><\/em><\/p>\n","protected":false},"excerpt":{"rendered":"<p>A Arena Cigan\u00e3o, no Alto do Cigano, ficou lotada na manh\u00e3 deste domingo (21) para a final do Campeonato Bonfinense das Divis\u00f5es de Base, nas categorias Sub-09 (Fraldinha) e Sub-11 (Pr\u00e9 Mirim). No primeiro jogo, que come\u00e7ou por volta das 9h20, o Palmeirinhas Jovem venceu o Im\u00e3, por 3&#215;1, e levantou a ta\u00e7a. O segundo [&hellip;]<\/p>\n","protected":false},"author":2,"featured_media":28655,"comment_status":"open","ping_status":"open","sticky":false,"template":"","format":"standard","meta":{"_acf_changed":false,"_monsterinsights_skip_tracking":false,"_monsterinsights_sitenote_active":false,"_monsterinsights_sitenote_note":"","_monsterinsights_sitenote_category":0,"_jetpack_memberships_contains_paid_content":false,"footnotes":"","jetpack_publicize_message":"","jetpack_publicize_feature_enabled":true,"jetpack_social_post_already_shared":true,"jetpack_social_options":{"image_generator_settings":{"template":"highway","default_image_id":0,"font":"","enabled":false},"version":2}},"categories":[6,1,4],"tags":[],"class_list":["post-28652","post","type-post","status-publish","format-standard","has-post-thumbnail","hentry","category-esportes","category-noticias","category-local"],"acf":[],"jetpack_publicize_connections":[],"jetpack_featured_media_url":"https:\/\/i0.wp.com\/blogdoeloiltoncajuhy.com.br\/site\/wp-content\/uploads\/2018\/10\/Solenidade.jpg?fit=764%2C509&ssl=1","jetpack_sharing_enabled":true,"publishpress_future_workflow_manual_trigger":{"enabledWorkflows":[]},"_links":{"self":[{"href":"https:\/\/blogdoeloiltoncajuhy.com.br\/site\/wp-json\/wp\/v2\/posts\/28652","targetHints":{"allow":["GET"]}}],"collection":[{"href":"https:\/\/blogdoeloiltoncajuhy.com.br\/site\/wp-json\/wp\/v2\/posts"}],"about":[{"href":"https:\/\/blogdoeloiltoncajuhy.com.br\/site\/wp-json\/wp\/v2\/types\/post"}],"author":[{"embeddable":true,"href":"https:\/\/blogdoeloiltoncajuhy.com.br\/site\/wp-json\/wp\/v2\/users\/2"}],"replies":[{"embeddable":true,"href":"https:\/\/blogdoeloiltoncajuhy.com.br\/site\/wp-json\/wp\/v2\/comments?post=28652"}],"version-history":[{"count":1,"href":"https:\/\/blogdoeloiltoncajuhy.com.br\/site\/wp-json\/wp\/v2\/posts\/28652\/revisions"}],"predecessor-version":[{"id":28656,"href":"https:\/\/blogdoeloiltoncajuhy.com.br\/site\/wp-json\/wp\/v2\/posts\/28652\/revisions\/28656"}],"wp:featuredmedia":[{"embeddable":true,"href":"https:\/\/blogdoeloiltoncajuhy.com.br\/site\/wp-json\/wp\/v2\/media\/28655"}],"wp:attachment":[{"href":"https:\/\/blogdoeloiltoncajuhy.com.br\/site\/wp-json\/wp\/v2\/media?parent=28652"}],"wp:term":[{"taxonomy":"category","embeddable":true,"href":"https:\/\/blogdoeloiltoncajuhy.com.br\/site\/wp-json\/wp\/v2\/categories?post=28652"},{"taxonomy":"post_tag","embeddable":true,"href":"https:\/\/blogdoeloiltoncajuhy.com.br\/site\/wp-json\/wp\/v2\/tags?post=28652"}],"curies":[{"name":"wp","href":"https:\/\/api.w.org\/{rel}","templated":true}]}}