{"id":28635,"date":"2018-10-20T10:25:14","date_gmt":"2018-10-20T13:25:14","guid":{"rendered":"http:\/\/blogdoeloiltoncajuhy.com.br\/site\/?p=28635"},"modified":"2018-10-20T10:25:14","modified_gmt":"2018-10-20T13:25:14","slug":"dia-mundial-de-combate-a-osteoporose-conscientiza-sobre-os-cuidados-que-se-deve-ter-para-prevenir-a-doenca","status":"publish","type":"post","link":"https:\/\/blogdoeloiltoncajuhy.com.br\/site\/dia-mundial-de-combate-a-osteoporose-conscientiza-sobre-os-cuidados-que-se-deve-ter-para-prevenir-a-doenca\/","title":{"rendered":"Dia Mundial de Combate \u00e0 Osteoporose conscientiza sobre os cuidados que se deve ter para prevenir a doen\u00e7a"},"content":{"rendered":"<p><a href=\"https:\/\/i0.wp.com\/blogdoeloiltoncajuhy.com.br\/site\/wp-content\/uploads\/2018\/10\/osteoporose.jpg\"><img data-recalc-dims=\"1\" fetchpriority=\"high\" decoding=\"async\" class=\"aligncenter size-full wp-image-28636\" src=\"https:\/\/i0.wp.com\/blogdoeloiltoncajuhy.com.br\/site\/wp-content\/uploads\/2018\/10\/osteoporose.jpg?resize=470%2C474\" alt=\"\" width=\"470\" height=\"474\" srcset=\"https:\/\/i0.wp.com\/blogdoeloiltoncajuhy.com.br\/site\/wp-content\/uploads\/2018\/10\/osteoporose.jpg?w=470&amp;ssl=1 470w, https:\/\/i0.wp.com\/blogdoeloiltoncajuhy.com.br\/site\/wp-content\/uploads\/2018\/10\/osteoporose.jpg?resize=150%2C150&amp;ssl=1 150w, https:\/\/i0.wp.com\/blogdoeloiltoncajuhy.com.br\/site\/wp-content\/uploads\/2018\/10\/osteoporose.jpg?resize=297%2C300&amp;ssl=1 297w, https:\/\/i0.wp.com\/blogdoeloiltoncajuhy.com.br\/site\/wp-content\/uploads\/2018\/10\/osteoporose.jpg?resize=248%2C250&amp;ssl=1 248w, https:\/\/i0.wp.com\/blogdoeloiltoncajuhy.com.br\/site\/wp-content\/uploads\/2018\/10\/osteoporose.jpg?resize=48%2C48&amp;ssl=1 48w\" sizes=\"(max-width: 470px) 100vw, 470px\" \/><\/a>O <strong>Dia Mundial de Combate \u00e0 Osteoporose<\/strong> \u00e9 celebrado anualmente em 20 de outubro.\u00a0Esta data serve para conscientizar as pessoas sobre os cuidados que se deve ter para prevenir a doen\u00e7a, que j\u00e1 \u00e9 considerada o segundo maior mal ao n\u00edvel mundial, ficando atr\u00e1s apenas das doen\u00e7as cardiovasculares.<\/p>\n<p>A osteoporose enfraquece a massa \u00f3ssea, tornando o osso muito fr\u00e1gil, como se fosse um vidro, em muitos casos. A doen\u00e7a \u00e9 predominante em idosos e, como n\u00e3o possui sintomas que alarmem (assintom\u00e1tico), devem ser feitos exames rotineiros para verificar a densidade \u00f3ssea das pessoas de mais idade.<\/p>\n<p>A principal causa da osteoporose \u00e9 a aus\u00eancia ou d\u00e9ficit de vitamina D nos ossos. De acordo com a Organiza\u00e7\u00e3o Mundial da Sa\u00fade (OMS), cerca de 40% das pessoas acima dos 65 anos apresentam n\u00edveis de vitamina D no organismo abaixo do normal.<\/p>\n<p>Fazer atividades f\u00edsicas, ingerir alimentos ricos em c\u00e1lcio (como o leite, por exemplo) e comer adequadamente s\u00e3o algumas dicas para prevenir a doen\u00e7a e n\u00e3o comprometer a sua qualidade de vida.<\/p>\n<p><strong>Osteoporose no Brasil<\/strong><\/p>\n<p>De acordo com dados da Federa\u00e7\u00e3o Internacional de Osteoporose (IOF \u2013 International Osteoporosis Foundation), aproximadamente 10 milh\u00f5es de brasileiros t\u00eam essa doen\u00e7a nos ossos.<\/p>\n<p>Ainda segundo informa\u00e7\u00f5es da Sociedade Brasileira de Endocrinologia e Metabologia, o n\u00famero de casos de osteoporose \u00e9 maior em mulheres durante a p\u00f3s-menopausa, sendo em m\u00e9dia um caso para cada tr\u00eas mulheres.<\/p>\n<p><strong>Origem do Dia Mundial da Osteoporose<\/strong><\/p>\n<p>A Sociedade Brit\u00e2nica de Osteoporose instituiu a data em 1996 e no ano seguinte, 1997, a Internacional Osteoporosis Foundation adotou o dia como Dia Mundial e Nacional de Combate \u00e0 Osteoporose.<\/p>\n<p><em><strong>*Calendarr Brasil<\/strong><\/em><\/p>\n","protected":false},"excerpt":{"rendered":"<p>O Dia Mundial de Combate \u00e0 Osteoporose \u00e9 celebrado anualmente em 20 de outubro.\u00a0Esta data serve para conscientizar as pessoas sobre os cuidados que se deve ter para prevenir a doen\u00e7a, que j\u00e1 \u00e9 considerada o segundo maior mal ao n\u00edvel mundial, ficando atr\u00e1s apenas das doen\u00e7as cardiovasculares. A osteoporose enfraquece a massa \u00f3ssea, tornando [&hellip;]<\/p>\n","protected":false},"author":2,"featured_media":28636,"comment_status":"open","ping_status":"open","sticky":false,"template":"","format":"standard","meta":{"_acf_changed":false,"_monsterinsights_skip_tracking":false,"_monsterinsights_sitenote_active":false,"_monsterinsights_sitenote_note":"","_monsterinsights_sitenote_category":0,"_jetpack_memberships_contains_paid_content":false,"footnotes":"","jetpack_publicize_message":"","jetpack_publicize_feature_enabled":true,"jetpack_social_post_already_shared":true,"jetpack_social_options":{"image_generator_settings":{"template":"highway","default_image_id":0,"font":"","enabled":false},"version":2}},"categories":[1,7],"tags":[],"class_list":["post-28635","post","type-post","status-publish","format-standard","has-post-thumbnail","hentry","category-noticias","category-saude"],"acf":[],"jetpack_publicize_connections":[],"jetpack_featured_media_url":"https:\/\/i0.wp.com\/blogdoeloiltoncajuhy.com.br\/site\/wp-content\/uploads\/2018\/10\/osteoporose.jpg?fit=470%2C474&ssl=1","jetpack_sharing_enabled":true,"publishpress_future_workflow_manual_trigger":{"enabledWorkflows":[]},"_links":{"self":[{"href":"https:\/\/blogdoeloiltoncajuhy.com.br\/site\/wp-json\/wp\/v2\/posts\/28635","targetHints":{"allow":["GET"]}}],"collection":[{"href":"https:\/\/blogdoeloiltoncajuhy.com.br\/site\/wp-json\/wp\/v2\/posts"}],"about":[{"href":"https:\/\/blogdoeloiltoncajuhy.com.br\/site\/wp-json\/wp\/v2\/types\/post"}],"author":[{"embeddable":true,"href":"https:\/\/blogdoeloiltoncajuhy.com.br\/site\/wp-json\/wp\/v2\/users\/2"}],"replies":[{"embeddable":true,"href":"https:\/\/blogdoeloiltoncajuhy.com.br\/site\/wp-json\/wp\/v2\/comments?post=28635"}],"version-history":[{"count":1,"href":"https:\/\/blogdoeloiltoncajuhy.com.br\/site\/wp-json\/wp\/v2\/posts\/28635\/revisions"}],"predecessor-version":[{"id":28637,"href":"https:\/\/blogdoeloiltoncajuhy.com.br\/site\/wp-json\/wp\/v2\/posts\/28635\/revisions\/28637"}],"wp:featuredmedia":[{"embeddable":true,"href":"https:\/\/blogdoeloiltoncajuhy.com.br\/site\/wp-json\/wp\/v2\/media\/28636"}],"wp:attachment":[{"href":"https:\/\/blogdoeloiltoncajuhy.com.br\/site\/wp-json\/wp\/v2\/media?parent=28635"}],"wp:term":[{"taxonomy":"category","embeddable":true,"href":"https:\/\/blogdoeloiltoncajuhy.com.br\/site\/wp-json\/wp\/v2\/categories?post=28635"},{"taxonomy":"post_tag","embeddable":true,"href":"https:\/\/blogdoeloiltoncajuhy.com.br\/site\/wp-json\/wp\/v2\/tags?post=28635"}],"curies":[{"name":"wp","href":"https:\/\/api.w.org\/{rel}","templated":true}]}}