{"id":28626,"date":"2018-10-20T09:26:00","date_gmt":"2018-10-20T12:26:00","guid":{"rendered":"http:\/\/blogdoeloiltoncajuhy.com.br\/site\/?p=28626"},"modified":"2018-10-20T09:26:00","modified_gmt":"2018-10-20T12:26:00","slug":"20-de-outubro-dia-do-poeta","status":"publish","type":"post","link":"https:\/\/blogdoeloiltoncajuhy.com.br\/site\/20-de-outubro-dia-do-poeta\/","title":{"rendered":"20 de outubro &#8211; Dia do Poeta"},"content":{"rendered":"<p><a href=\"https:\/\/i0.wp.com\/blogdoeloiltoncajuhy.com.br\/site\/wp-content\/uploads\/2018\/10\/dia-do-poeta.jpg\"><img data-recalc-dims=\"1\" fetchpriority=\"high\" decoding=\"async\" class=\"aligncenter wp-image-28627\" src=\"https:\/\/i0.wp.com\/blogdoeloiltoncajuhy.com.br\/site\/wp-content\/uploads\/2018\/10\/dia-do-poeta.jpg?resize=460%2C307\" alt=\"\" width=\"460\" height=\"307\" srcset=\"https:\/\/i0.wp.com\/blogdoeloiltoncajuhy.com.br\/site\/wp-content\/uploads\/2018\/10\/dia-do-poeta.jpg?w=400&amp;ssl=1 400w, https:\/\/i0.wp.com\/blogdoeloiltoncajuhy.com.br\/site\/wp-content\/uploads\/2018\/10\/dia-do-poeta.jpg?resize=300%2C200&amp;ssl=1 300w, https:\/\/i0.wp.com\/blogdoeloiltoncajuhy.com.br\/site\/wp-content\/uploads\/2018\/10\/dia-do-poeta.jpg?resize=250%2C167&amp;ssl=1 250w\" sizes=\"(max-width: 460px) 100vw, 460px\" \/><\/a>Esta data celebra o profissional, que pode (e deve) ser reconhecido como um artista escritor que usa de sua criatividade, imagina\u00e7\u00e3o e sensibilidade para escrever, em versos, as poesias que faz.<\/p>\n<p>O principal prop\u00f3sito desta data \u00e9 incentivar a leitura, escrita e publica\u00e7\u00e3o de obras po\u00e9ticas nacionais.<\/p>\n<p>H\u00e1 s\u00e9culos as pessoas se emocionam, riem e choram com essas belas produ\u00e7\u00e3o art\u00edsticas, consideradas como uma das Sete Artes Tradicionais.<\/p>\n<p><strong>Origem do Dia do Poeta<\/strong><\/p>\n<p>O Dia Nacional do Poeta \u00e9 comemorado a n\u00edvel extraoficial, ou seja, n\u00e3o h\u00e1 uma lei que oficialize o 20 de outubro como Dia do Poeta no pa\u00eds.<\/p>\n<p>Mas, a data foi escolhida por uma raz\u00e3o bastante especial para os poetas brasileiros. No dia 20 de outubro de 1976, em S\u00e3o Paulo, surgia o Movimento Po\u00e9tico Nacional, na casa do jornalista, romancista, advogado e pintor brasileiro Paulo Menotti Del Picchia.\u00a0A data homenageia e lembra este momento \u00edmpar para os poetas do Brasil.<\/p>\n<p><strong>Curiosidades sobre o Dia da Poesia<\/strong><\/p>\n<p>Antigamente, a poesia era cantada e acompanhada pela lira, um instrumento musical t\u00edpico da Gr\u00e9cia. Por isso, a poesia \u00e9 classificada como pertencente ao g\u00eanero l\u00edrico da literatura.<\/p>\n<p>Os poetas ainda celebram o 31 de outubro como o Dia Nacional da Poesia, oficializado atrav\u00e9s da lei 13.131, de 3 de janeiro de 2015. A escolha desta data \u00e9 uma homenagem ao nascimento do poeta brasileiro Carlos Drummond de Andrade.<\/p>\n<p><em><strong>*Calendarr\u00a0<\/strong><\/em><b><i>Brasil<\/i><\/b><\/p>\n","protected":false},"excerpt":{"rendered":"<p>Esta data celebra o profissional, que pode (e deve) ser reconhecido como um artista escritor que usa de sua criatividade, imagina\u00e7\u00e3o e sensibilidade para escrever, em versos, as poesias que faz. O principal prop\u00f3sito desta data \u00e9 incentivar a leitura, escrita e publica\u00e7\u00e3o de obras po\u00e9ticas nacionais. H\u00e1 s\u00e9culos as pessoas se emocionam, riem e [&hellip;]<\/p>\n","protected":false},"author":2,"featured_media":28627,"comment_status":"open","ping_status":"open","sticky":false,"template":"","format":"standard","meta":{"_acf_changed":false,"_monsterinsights_skip_tracking":false,"_monsterinsights_sitenote_active":false,"_monsterinsights_sitenote_note":"","_monsterinsights_sitenote_category":0,"_jetpack_memberships_contains_paid_content":false,"footnotes":"","jetpack_publicize_message":"","jetpack_publicize_feature_enabled":true,"jetpack_social_post_already_shared":true,"jetpack_social_options":{"image_generator_settings":{"template":"highway","default_image_id":0,"font":"","enabled":false},"version":2}},"categories":[8,1],"tags":[],"class_list":["post-28626","post","type-post","status-publish","format-standard","has-post-thumbnail","hentry","category-cultura","category-noticias"],"acf":[],"jetpack_publicize_connections":[],"jetpack_featured_media_url":"https:\/\/i0.wp.com\/blogdoeloiltoncajuhy.com.br\/site\/wp-content\/uploads\/2018\/10\/dia-do-poeta.jpg?fit=400%2C267&ssl=1","jetpack_sharing_enabled":true,"publishpress_future_workflow_manual_trigger":{"enabledWorkflows":[]},"_links":{"self":[{"href":"https:\/\/blogdoeloiltoncajuhy.com.br\/site\/wp-json\/wp\/v2\/posts\/28626","targetHints":{"allow":["GET"]}}],"collection":[{"href":"https:\/\/blogdoeloiltoncajuhy.com.br\/site\/wp-json\/wp\/v2\/posts"}],"about":[{"href":"https:\/\/blogdoeloiltoncajuhy.com.br\/site\/wp-json\/wp\/v2\/types\/post"}],"author":[{"embeddable":true,"href":"https:\/\/blogdoeloiltoncajuhy.com.br\/site\/wp-json\/wp\/v2\/users\/2"}],"replies":[{"embeddable":true,"href":"https:\/\/blogdoeloiltoncajuhy.com.br\/site\/wp-json\/wp\/v2\/comments?post=28626"}],"version-history":[{"count":1,"href":"https:\/\/blogdoeloiltoncajuhy.com.br\/site\/wp-json\/wp\/v2\/posts\/28626\/revisions"}],"predecessor-version":[{"id":28628,"href":"https:\/\/blogdoeloiltoncajuhy.com.br\/site\/wp-json\/wp\/v2\/posts\/28626\/revisions\/28628"}],"wp:featuredmedia":[{"embeddable":true,"href":"https:\/\/blogdoeloiltoncajuhy.com.br\/site\/wp-json\/wp\/v2\/media\/28627"}],"wp:attachment":[{"href":"https:\/\/blogdoeloiltoncajuhy.com.br\/site\/wp-json\/wp\/v2\/media?parent=28626"}],"wp:term":[{"taxonomy":"category","embeddable":true,"href":"https:\/\/blogdoeloiltoncajuhy.com.br\/site\/wp-json\/wp\/v2\/categories?post=28626"},{"taxonomy":"post_tag","embeddable":true,"href":"https:\/\/blogdoeloiltoncajuhy.com.br\/site\/wp-json\/wp\/v2\/tags?post=28626"}],"curies":[{"name":"wp","href":"https:\/\/api.w.org\/{rel}","templated":true}]}}