{"id":28615,"date":"2018-10-19T19:26:46","date_gmt":"2018-10-19T22:26:46","guid":{"rendered":"http:\/\/blogdoeloiltoncajuhy.com.br\/site\/?p=28615"},"modified":"2018-10-19T19:35:09","modified_gmt":"2018-10-19T22:35:09","slug":"senhor-do-bonfim-prefeito-carlos-brasileiro-nomeia-gestao-provisoria-para-o-hospital-dom-antonio-monteiro","status":"publish","type":"post","link":"https:\/\/blogdoeloiltoncajuhy.com.br\/site\/senhor-do-bonfim-prefeito-carlos-brasileiro-nomeia-gestao-provisoria-para-o-hospital-dom-antonio-monteiro\/","title":{"rendered":"Senhor do Bonfim: Prefeito Carlos Brasileiro nomeia gest\u00e3o provis\u00f3ria para o Hospital Dom Antonio Monteiro"},"content":{"rendered":"<p><a href=\"https:\/\/i0.wp.com\/blogdoeloiltoncajuhy.com.br\/site\/wp-content\/uploads\/2018\/06\/HDAM_jun18.jpg\"><img data-recalc-dims=\"1\" fetchpriority=\"high\" decoding=\"async\" class=\"aligncenter size-full wp-image-26012\" src=\"https:\/\/i0.wp.com\/blogdoeloiltoncajuhy.com.br\/site\/wp-content\/uploads\/2018\/06\/HDAM_jun18.jpg?resize=550%2C366\" alt=\"\" width=\"550\" height=\"366\" srcset=\"https:\/\/i0.wp.com\/blogdoeloiltoncajuhy.com.br\/site\/wp-content\/uploads\/2018\/06\/HDAM_jun18.jpg?w=550&amp;ssl=1 550w, https:\/\/i0.wp.com\/blogdoeloiltoncajuhy.com.br\/site\/wp-content\/uploads\/2018\/06\/HDAM_jun18.jpg?resize=300%2C200&amp;ssl=1 300w, https:\/\/i0.wp.com\/blogdoeloiltoncajuhy.com.br\/site\/wp-content\/uploads\/2018\/06\/HDAM_jun18.jpg?resize=250%2C166&amp;ssl=1 250w\" sizes=\"(max-width: 550px) 100vw, 550px\" \/><\/a>O Prefeito de Senhor do Bonfim, Carlos Brasileiro, assinou nesta sexta-feira (19), o Decreto N\u00ba 176\/2018, criando uma comiss\u00e3o provis\u00f3ria para administrar o Hospital Dom Antonio Monteiro. No \u00faltimo dia 11, o Prefeito havia assinado uma portaria suspendendo o contrato entre o munic\u00edpio e o Instituto Caminhada, de Feira de Santana, que era a gestora daquela casa de sa\u00fade, em face de v\u00e1rias reclama\u00e7\u00f5es sobre o trabalho da entidade.<\/p>\n<p>No decreto desta sexta-feira, o Prefeito nomeia o Vice-prefeito Z\u00e9 Antonio para o cargo de Diretor Administrativo do hospital, e Dr. Francisco Lustiago como Diretor M\u00e9dico. No mesmo decreto, Brasileiro\u00a0autoriza o Diretor Administrativo &#8220;<em>a nomear Comiss\u00e3o, a ser integrada por t\u00e9cnicos lotados na Secretaria Municipal de\u00a0Sa\u00fade<\/em>&#8220;, para &#8220;<em>proceder levantamento dos valores devidos aos m\u00e9dicos\u00a0e outros prestadores de servi\u00e7os em prol do Hospital Dom Ant\u00f4nio Monteiro<\/em>&#8220;.<\/p>\n<p><strong>Confira abaixo a \u00edntegra do decreto assinado pelo Prefeito Carlos Brasileiro:<\/strong><\/p>\n<p><span style=\"color: #3366ff;\"><em><strong>PREFEITURA MUNICIPAL DE SENHOR DO BONFIM \u2014 BAHIA GABINETE DO PREFEITO<\/strong><\/em><\/span><br \/>\n<span style=\"color: #3366ff;\"><em><strong>DECRETO N\u00b0 176\/2018 De 19 de outubro de 2018<\/strong><\/em><\/span><\/p>\n<p><span style=\"color: #3366ff;\"><em><strong>&#8220;Disp\u00f5e sobre a gest\u00e3o provis\u00f3ria do Hospital Dom Ant\u00f4nio Monteiro, durante o per\u00edodo de suspens\u00e3o do Contrato de Gest\u00e3o n\u00b0 2153\/2017, determinando o pagamento direto de contrapresta\u00e7\u00f5es de servi\u00e7os m\u00e9dicos e outros prestados \u00e0quele nosoc\u00f4mio p\u00fablico, dando outras provid\u00eancias, na forma que indica&#8221;<\/strong><\/em><\/span><\/p>\n<p><span style=\"color: #3366ff;\"><em><strong>O PREFEITO DO MUNIC\u00cdPIO DE SENHOR DO BONFIM, ESTADO DA BAHIA, no uso de suas atribui\u00e7\u00f5es legais, especialmente amparado no artigo 65, inciso VII, da Lei Org\u00e2nica do munic\u00edpio, e <\/strong><\/em><\/span><\/p>\n<p><span style=\"color: #3366ff;\"><em><strong>CONSIDERANDO,<\/strong><\/em><\/span><\/p>\n<p><span style=\"color: #3366ff;\"><em><strong>Que, por for\u00e7a dos motivos e circunst\u00e2ncias elencados na Portaria Municipal n\u00b0 134\/2018, de 11 de outubro de 2018, a Administra\u00e7\u00e3o Municipal viu-se compelida a proceder \u00e0 suspens\u00e3o do Contrato de Gest\u00e3o n\u00b0 2153\/2017, firmado entre a Comuna e o Instituto Caminhada, tendo por objeto a gest\u00e3o do Hospital Municipal Dom Ant\u00f4nio Monteiro;<\/strong><\/em><\/span><\/p>\n<p><span style=\"color: #3366ff;\"><em><strong>Que, malgrado n\u00e3o expressamente assinalado no ato administrativo em refer\u00eancia, uma das causas subjacentes da suspens\u00e3o ali referida tem sede no fato de o Instituto Caminhada, n\u00e3o obstante os repasses de numer\u00e1rios ajustados no aludido pacto administrativo, n\u00e3o vir procedendo, de forma regular e na sua inteireza, os pagamentos dos m\u00e9dicos que v\u00eam prestando servi\u00e7os naquela casa de sa\u00fade;<\/strong><\/em><\/span><\/p>\n<p><span style=\"color: #3366ff;\"><em><strong>Que, eventuais a\u00e7\u00f5es judiciais, manejadas pelos profissionais da medicina que\u00a0<\/strong><\/em><\/span><span style=\"color: #3366ff;\"><em><strong>vinham e v\u00eam prestando servi\u00e7os no Hospital Dom Ant\u00f4nio Monteiro, ter\u00e3o seus\u00a0<\/strong><\/em><\/span><span style=\"color: #3366ff;\"><em><strong>poios passivos ocupados pela municipalidade, o que pode redundar nas edi\u00e7\u00f5es de\u00a0<\/strong><\/em><\/span><span style=\"color: #3366ff;\"><em><strong>comandos determinando o adimplemento de obriga\u00e7\u00f5es pecuni\u00e1rias impagas, o que\u00a0<\/strong><\/em><\/span><span style=\"color: #3366ff;\"><em><strong>poder\u00e1 ensejar, em tese, transtornos e preju\u00edzos de grande monta para o er\u00e1rio\u00a0<\/strong><\/em><\/span><span style=\"color: #3366ff;\"><em><strong>municipal;<\/strong><\/em><\/span><\/p>\n<p><span style=\"color: #3366ff;\"><em><strong>Que, finalmente, muito embora n\u00e3o se possa quantificar com precis\u00e3o, h\u00e1\u00a0<\/strong><\/em><\/span><span style=\"color: #3366ff;\"><em><strong>remanesc\u00eancia de numer\u00e1rios a serem repassados pela Administra\u00e7\u00e3o Municipal,\u00a0<\/strong><\/em><\/span><span style=\"color: #3366ff;\"><em><strong>em prol do Instituto Caminhada, alusiva a meses pret\u00e9ritos de execu\u00e7\u00e3o do contrato\u00a0<\/strong><\/em><\/span><span style=\"color: #3366ff;\"><em><strong>objeto da suspens\u00e3o, revelando-se imperioso, como medida de cautela e\u00a0<\/strong><\/em><\/span><span style=\"color: #3366ff;\"><em><strong>parcim\u00f4nia, que parte, ou o todo, de sobredita remanesc\u00eancia seja alocada para fins\u00a0<\/strong><\/em><\/span><span style=\"color: #3366ff;\"><em><strong>de pagamentos de m\u00e9dicos e outros prestadores de servi\u00e7os do nosoc\u00f4mio p\u00fablico,<\/strong><\/em><\/span><\/p>\n<p><span style=\"color: #3366ff;\"><em><strong>DECRETA:<\/strong><\/em><\/span><\/p>\n<p><span style=\"color: #3366ff;\"><em><strong>Art. 1\u00b0 &#8211; Ficam, a partir da data de publica\u00e7\u00e3o deste decreto, nomeados, para\u00a0<\/strong><\/em><\/span><span style=\"color: #3366ff;\"><em><strong>exercerem cargos de gest\u00e3o no Hospital Dom Ant\u00f4nio Monteiro, as pessoas abaixo\u00a0<\/strong><\/em><\/span><span style=\"color: #3366ff;\"><em><strong>relacionadas:<\/strong><\/em><\/span><\/p>\n<p><span style=\"color: #3366ff;\"><em><strong>1 &#8211; Jos\u00e9 Ant\u00f4nio Souza de Oliveira, brasileiro, casado, no exerc\u00edcio do munus de<\/strong><\/em><\/span><br \/>\n<span style=\"color: #3366ff;\"><em><b style=\"color: #3366ff;\">Vice-Prefeito do <\/b><span style=\"color: #3366ff;\"><strong><span style=\"color: #3366ff;\">munic\u00edpio<\/span><\/strong><\/span><b style=\"color: #3366ff;\">, para o cargo de Diretor Administrativo;<\/b><\/em><\/span><\/p>\n<p><span style=\"color: #3366ff;\"><em><strong>2 &#8211; Dr. Francisco Carlos Lustiago, brasileiro, casado, m\u00e9dico, para o cargo de\u00a0<\/strong><\/em><\/span><span style=\"color: #3366ff;\"><em><strong>Diretor M\u00e9dico;<\/strong><\/em><\/span><\/p>\n<p><span style=\"color: #3366ff;\"><em><strong>Art. 2\u00b0 &#8211; Fica o Diretor Administrativo, nomeado no artigo antecedente, autorizado a\u00a0<\/strong><\/em><\/span><span style=\"color: #3366ff;\"><em><strong>nomear Comiss\u00e3o, a ser integrada por t\u00e9cnicos lotados na Secretaria Municipal de\u00a0<\/strong><\/em><\/span><span style=\"color: #3366ff;\"><em><strong>Sa\u00fade, encarregada de proceder ao levantamento dos valores devidos aos m\u00e9dicos\u00a0<\/strong><\/em><\/span><span style=\"color: #3366ff;\"><em><strong>e outros prestadores de servi\u00e7os em prol do Hospital Dom Ant\u00f4nio Monteiro.<\/strong><\/em><\/span><\/p>\n<p><span style=\"color: #3366ff;\"><em><strong>Art. 3\u00ba &#8211; Apurados e quantificados os valores devidos aos prestadores de servi\u00e7os\u00a0<\/strong><\/em><\/span><span style=\"color: #3366ff;\"><em><strong>mencionados no artigo antecedente, a Administra\u00e7\u00e3o Municipal proceder\u00e1, de forma\u00a0<\/strong><\/em><\/span><span style=\"color: #3366ff;\"><em><strong>direta, aos pagamentos junto aos credores respectivos, cujos valores dever\u00e3o ser\u00a0<\/strong><\/em><\/span><span style=\"color: #3366ff;\"><em><strong>deduzidos das import\u00e2ncias a guisa de repasses pret\u00e9ritos devidos ao Instituto\u00a0<\/strong><\/em><\/span><span style=\"color: #3366ff;\"><em><strong>Caminhada.<\/strong><\/em><\/span><\/p>\n<p><span style=\"color: #3366ff;\"><em><strong>Art. 4\u00ba &#8211; As despesas decorrentes dos atos de gest\u00e3o provis\u00f3ria do Hospital Dom\u00a0<\/strong><\/em><\/span><span style=\"color: #3366ff;\"><em><strong>Ant\u00f3nio Monteiro dever\u00e3o ser alocadas nas rubricas apropriadas do or\u00e7amento da\u00a0<\/strong><\/em><\/span><span style=\"color: #3366ff;\"><em><strong>municipalidade, sendo que as despesas pret\u00e9ritas \u00e0 data da suspens\u00e3o do Contrato\u00a0<\/strong><\/em><\/span><span style=\"color: #3366ff;\"><em><strong>de Gest\u00e3o ser\u00e3o pagas no elemento 93 &#8211; Indeniza\u00e7\u00f5es e Restitui\u00e7\u00f5es, e as despesas\u00a0<\/strong><\/em><\/span><span style=\"color: #3366ff;\"><em><strong>executadas a partir desta data ser\u00e3o alocadas nos elementos 36 &#8211; Outros servi\u00e7os\u00a0<\/strong><\/em><\/span><span style=\"color: #3366ff;\"><em><strong>de terceiros Pessoa F\u00edsica, ou, se for o caso, 39 &#8211; Outros Servi\u00e7os de Terceiro\u00a0<\/strong><\/em><\/span><span style=\"color: #3366ff;\"><em><strong>Pessoa Jur\u00eddica, conforme disposto na Portaria Interministerial n\u00b0 163, de 04 de\u00a0<\/strong><\/em><\/span><span style=\"color: #3366ff;\"><em><strong>Maio de 2001.<\/strong><\/em><\/span><\/p>\n<p><span style=\"color: #3366ff;\"><em><strong>Art. 5\u00ba &#8211; Este Decreto entra em vigor na data da sua publica\u00e7\u00e3o, revogando\u00a0<\/strong><\/em><\/span><span style=\"color: #3366ff;\"><em><strong>eventuais disposi\u00e7\u00f5es em contr\u00e1rio.<\/strong><\/em><\/span><\/p>\n<p><span style=\"color: #3366ff;\"><em><strong>Gabinete do Prefeito Municipal de Senhor do Bonfim, Bahia, 19 de outubro de 2018.<\/strong><\/em><\/span><\/p>\n<p><span style=\"color: #3366ff;\"><em><strong>CARLOS ALBERTO LOPES BRASILEIRO<\/strong><\/em><\/span><br \/>\n<span style=\"color: #3366ff;\"><em><strong>Prefeito Municipal<\/strong><\/em><\/span><\/p>\n<p><strong>*BLOG DO ELOILTON CAJUHY<\/strong><\/p>\n","protected":false},"excerpt":{"rendered":"<p>O Prefeito de Senhor do Bonfim, Carlos Brasileiro, assinou nesta sexta-feira (19), o Decreto N\u00ba 176\/2018, criando uma comiss\u00e3o provis\u00f3ria para administrar o Hospital Dom Antonio Monteiro. No \u00faltimo dia 11, o Prefeito havia assinado uma portaria suspendendo o contrato entre o munic\u00edpio e o Instituto Caminhada, de Feira de Santana, que era a gestora [&hellip;]<\/p>\n","protected":false},"author":2,"featured_media":0,"comment_status":"open","ping_status":"open","sticky":false,"template":"","format":"standard","meta":{"_acf_changed":false,"_monsterinsights_skip_tracking":false,"_monsterinsights_sitenote_active":false,"_monsterinsights_sitenote_note":"","_monsterinsights_sitenote_category":0,"_jetpack_memberships_contains_paid_content":false,"footnotes":"","jetpack_publicize_message":"","jetpack_publicize_feature_enabled":true,"jetpack_social_post_already_shared":true,"jetpack_social_options":{"image_generator_settings":{"template":"highway","default_image_id":0,"font":"","enabled":false},"version":2}},"categories":[1,7,4],"tags":[],"class_list":["post-28615","post","type-post","status-publish","format-standard","hentry","category-noticias","category-saude","category-local"],"acf":[],"jetpack_publicize_connections":[],"jetpack_featured_media_url":"","jetpack_sharing_enabled":true,"publishpress_future_workflow_manual_trigger":{"enabledWorkflows":[]},"_links":{"self":[{"href":"https:\/\/blogdoeloiltoncajuhy.com.br\/site\/wp-json\/wp\/v2\/posts\/28615","targetHints":{"allow":["GET"]}}],"collection":[{"href":"https:\/\/blogdoeloiltoncajuhy.com.br\/site\/wp-json\/wp\/v2\/posts"}],"about":[{"href":"https:\/\/blogdoeloiltoncajuhy.com.br\/site\/wp-json\/wp\/v2\/types\/post"}],"author":[{"embeddable":true,"href":"https:\/\/blogdoeloiltoncajuhy.com.br\/site\/wp-json\/wp\/v2\/users\/2"}],"replies":[{"embeddable":true,"href":"https:\/\/blogdoeloiltoncajuhy.com.br\/site\/wp-json\/wp\/v2\/comments?post=28615"}],"version-history":[{"count":4,"href":"https:\/\/blogdoeloiltoncajuhy.com.br\/site\/wp-json\/wp\/v2\/posts\/28615\/revisions"}],"predecessor-version":[{"id":28619,"href":"https:\/\/blogdoeloiltoncajuhy.com.br\/site\/wp-json\/wp\/v2\/posts\/28615\/revisions\/28619"}],"wp:attachment":[{"href":"https:\/\/blogdoeloiltoncajuhy.com.br\/site\/wp-json\/wp\/v2\/media?parent=28615"}],"wp:term":[{"taxonomy":"category","embeddable":true,"href":"https:\/\/blogdoeloiltoncajuhy.com.br\/site\/wp-json\/wp\/v2\/categories?post=28615"},{"taxonomy":"post_tag","embeddable":true,"href":"https:\/\/blogdoeloiltoncajuhy.com.br\/site\/wp-json\/wp\/v2\/tags?post=28615"}],"curies":[{"name":"wp","href":"https:\/\/api.w.org\/{rel}","templated":true}]}}