{"id":28598,"date":"2018-10-19T11:36:55","date_gmt":"2018-10-19T14:36:55","guid":{"rendered":"http:\/\/blogdoeloiltoncajuhy.com.br\/site\/?p=28598"},"modified":"2018-10-19T11:36:55","modified_gmt":"2018-10-19T14:36:55","slug":"acusada-de-maus-tratos-em-filho-de-11-meses-mulher-de-itiuba-e-apresentada-na-delegacia-de-policia-de-senhor-do-bonfim","status":"publish","type":"post","link":"https:\/\/blogdoeloiltoncajuhy.com.br\/site\/acusada-de-maus-tratos-em-filho-de-11-meses-mulher-de-itiuba-e-apresentada-na-delegacia-de-policia-de-senhor-do-bonfim\/","title":{"rendered":"Acusada de maus tratos em filho de 11 meses, mulher de Iti\u00faba \u00e9 apresentada na Delegacia de Pol\u00edcia de Senhor do Bonfim"},"content":{"rendered":"<p><a href=\"https:\/\/i0.wp.com\/blogdoeloiltoncajuhy.com.br\/site\/wp-content\/uploads\/2018\/03\/policia_500x400.jpg\"><img data-recalc-dims=\"1\" fetchpriority=\"high\" decoding=\"async\" class=\"aligncenter wp-image-24026\" src=\"https:\/\/i0.wp.com\/blogdoeloiltoncajuhy.com.br\/site\/wp-content\/uploads\/2018\/03\/policia_500x400.jpg?resize=400%2C300\" alt=\"\" width=\"400\" height=\"300\" srcset=\"https:\/\/i0.wp.com\/blogdoeloiltoncajuhy.com.br\/site\/wp-content\/uploads\/2018\/03\/policia_500x400.jpg?w=259&amp;ssl=1 259w, https:\/\/i0.wp.com\/blogdoeloiltoncajuhy.com.br\/site\/wp-content\/uploads\/2018\/03\/policia_500x400.jpg?resize=250%2C187&amp;ssl=1 250w\" sizes=\"(max-width: 400px) 100vw, 400px\" \/><\/a>Foi apresentada no Complexo Policial de Senhor do Bonfim, nesta quinta-feira (18), uma mulher identificada como <strong>Marilce de Souza Santos<\/strong>, residente no munic\u00edpio de Iti\u00faba.<\/p>\n<p>De acordo com informa\u00e7\u00f5es do <strong>Blog do Netto Maravilha<\/strong>, ela foi conduzida \u00e0 delegacia de nossa cidade pela Pol\u00edcia Militar e Conselho Tutelar de Iti\u00faba, acusada de agredir uma crian\u00e7a de apenas 11 meses, fato ocorrido na casa onde moram.<\/p>\n<p>Ainda conforme informa\u00e7\u00f5es do Blog, o Conselho Tutelar tomou conhecimento depois que o beb\u00ea foi levado para atendimento no Hospital Municipal da cidade. Com o aux\u00edlio da PM, os conselheiros localizaram a m\u00e3e da crian\u00e7a e ela foi conduzida para a Delegacia de Pol\u00edcia de Senhor do Bonfim, onde foi autuada por tortura de menor. N\u00e3o h\u00e1 informa\u00e7\u00e3o sobre o estado de sa\u00fade da crian\u00e7a.<\/p>\n<p><em><strong>*BLOG DO ELOILTON CAJUHY<\/strong><\/em><\/p>\n","protected":false},"excerpt":{"rendered":"<p>Foi apresentada no Complexo Policial de Senhor do Bonfim, nesta quinta-feira (18), uma mulher identificada como Marilce de Souza Santos, residente no munic\u00edpio de Iti\u00faba. De acordo com informa\u00e7\u00f5es do Blog do Netto Maravilha, ela foi conduzida \u00e0 delegacia de nossa cidade pela Pol\u00edcia Militar e Conselho Tutelar de Iti\u00faba, acusada de agredir uma crian\u00e7a [&hellip;]<\/p>\n","protected":false},"author":2,"featured_media":0,"comment_status":"open","ping_status":"open","sticky":false,"template":"","format":"standard","meta":{"_acf_changed":false,"_monsterinsights_skip_tracking":false,"_monsterinsights_sitenote_active":false,"_monsterinsights_sitenote_note":"","_monsterinsights_sitenote_category":0,"_jetpack_memberships_contains_paid_content":false,"footnotes":"","jetpack_publicize_message":"","jetpack_publicize_feature_enabled":true,"jetpack_social_post_already_shared":true,"jetpack_social_options":{"image_generator_settings":{"template":"highway","default_image_id":0,"font":"","enabled":false},"version":2}},"categories":[5,1,11],"tags":[],"class_list":["post-28598","post","type-post","status-publish","format-standard","hentry","category-cotidiano","category-noticias","category-regional"],"acf":[],"jetpack_publicize_connections":[],"jetpack_featured_media_url":"","jetpack_sharing_enabled":true,"publishpress_future_workflow_manual_trigger":{"enabledWorkflows":[]},"_links":{"self":[{"href":"https:\/\/blogdoeloiltoncajuhy.com.br\/site\/wp-json\/wp\/v2\/posts\/28598","targetHints":{"allow":["GET"]}}],"collection":[{"href":"https:\/\/blogdoeloiltoncajuhy.com.br\/site\/wp-json\/wp\/v2\/posts"}],"about":[{"href":"https:\/\/blogdoeloiltoncajuhy.com.br\/site\/wp-json\/wp\/v2\/types\/post"}],"author":[{"embeddable":true,"href":"https:\/\/blogdoeloiltoncajuhy.com.br\/site\/wp-json\/wp\/v2\/users\/2"}],"replies":[{"embeddable":true,"href":"https:\/\/blogdoeloiltoncajuhy.com.br\/site\/wp-json\/wp\/v2\/comments?post=28598"}],"version-history":[{"count":1,"href":"https:\/\/blogdoeloiltoncajuhy.com.br\/site\/wp-json\/wp\/v2\/posts\/28598\/revisions"}],"predecessor-version":[{"id":28599,"href":"https:\/\/blogdoeloiltoncajuhy.com.br\/site\/wp-json\/wp\/v2\/posts\/28598\/revisions\/28599"}],"wp:attachment":[{"href":"https:\/\/blogdoeloiltoncajuhy.com.br\/site\/wp-json\/wp\/v2\/media?parent=28598"}],"wp:term":[{"taxonomy":"category","embeddable":true,"href":"https:\/\/blogdoeloiltoncajuhy.com.br\/site\/wp-json\/wp\/v2\/categories?post=28598"},{"taxonomy":"post_tag","embeddable":true,"href":"https:\/\/blogdoeloiltoncajuhy.com.br\/site\/wp-json\/wp\/v2\/tags?post=28598"}],"curies":[{"name":"wp","href":"https:\/\/api.w.org\/{rel}","templated":true}]}}