{"id":28594,"date":"2018-10-19T08:19:37","date_gmt":"2018-10-19T11:19:37","guid":{"rendered":"http:\/\/blogdoeloiltoncajuhy.com.br\/site\/?p=28594"},"modified":"2018-10-19T08:19:37","modified_gmt":"2018-10-19T11:19:37","slug":"comunidade-catolica-do-derba-festeja-sua-padroeira-mae-rainha","status":"publish","type":"post","link":"https:\/\/blogdoeloiltoncajuhy.com.br\/site\/comunidade-catolica-do-derba-festeja-sua-padroeira-mae-rainha\/","title":{"rendered":"Comunidade Cat\u00f3lica do Derba festeja sua padroeira M\u00e3e Rainha"},"content":{"rendered":"<p><a href=\"https:\/\/i0.wp.com\/blogdoeloiltoncajuhy.com.br\/site\/wp-content\/uploads\/2018\/10\/mae-rainha-derba-2018_capa.jpg\"><img data-recalc-dims=\"1\" fetchpriority=\"high\" decoding=\"async\" class=\"aligncenter wp-image-28595\" src=\"https:\/\/i0.wp.com\/blogdoeloiltoncajuhy.com.br\/site\/wp-content\/uploads\/2018\/10\/mae-rainha-derba-2018_capa.jpg?resize=321%2C460\" alt=\"\" width=\"321\" height=\"460\" srcset=\"https:\/\/i0.wp.com\/blogdoeloiltoncajuhy.com.br\/site\/wp-content\/uploads\/2018\/10\/mae-rainha-derba-2018_capa.jpg?w=447&amp;ssl=1 447w, https:\/\/i0.wp.com\/blogdoeloiltoncajuhy.com.br\/site\/wp-content\/uploads\/2018\/10\/mae-rainha-derba-2018_capa.jpg?resize=210%2C300&amp;ssl=1 210w, https:\/\/i0.wp.com\/blogdoeloiltoncajuhy.com.br\/site\/wp-content\/uploads\/2018\/10\/mae-rainha-derba-2018_capa.jpg?resize=175%2C250&amp;ssl=1 175w\" sizes=\"(max-width: 321px) 100vw, 321px\" \/><\/a>A Comunidade Cat\u00f3lica do Bairro do Derba, em Senhor do Bonfim, vai celebrar neste domingo (21), sua padroeira M\u00e3e Rainha. O clico de homenagens teve in\u00edcio com a visita\u00e7\u00e3o da imagem pelas ruas do bairro de 1\u00ba a 09 de outubro. A abertura solene aconteceu na \u00faltima quarta-feira, 17.<\/p>\n<p><strong>Confira a programa\u00e7\u00e3o desta sexta-feira, 19:<\/strong><\/p>\n<p><a href=\"https:\/\/i0.wp.com\/blogdoeloiltoncajuhy.com.br\/site\/wp-content\/uploads\/2018\/10\/mae-rainha-derba-2018_sexta.jpg\"><img data-recalc-dims=\"1\" decoding=\"async\" class=\"aligncenter size-full wp-image-28596\" src=\"https:\/\/i0.wp.com\/blogdoeloiltoncajuhy.com.br\/site\/wp-content\/uploads\/2018\/10\/mae-rainha-derba-2018_sexta.jpg?resize=438%2C258\" alt=\"\" width=\"438\" height=\"258\" srcset=\"https:\/\/i0.wp.com\/blogdoeloiltoncajuhy.com.br\/site\/wp-content\/uploads\/2018\/10\/mae-rainha-derba-2018_sexta.jpg?w=438&amp;ssl=1 438w, https:\/\/i0.wp.com\/blogdoeloiltoncajuhy.com.br\/site\/wp-content\/uploads\/2018\/10\/mae-rainha-derba-2018_sexta.jpg?resize=300%2C177&amp;ssl=1 300w, https:\/\/i0.wp.com\/blogdoeloiltoncajuhy.com.br\/site\/wp-content\/uploads\/2018\/10\/mae-rainha-derba-2018_sexta.jpg?resize=250%2C147&amp;ssl=1 250w\" sizes=\"(max-width: 438px) 100vw, 438px\" \/><\/a><\/p>\n<p><strong>*BLOG DO ELOILTON CAJUHY<\/strong><\/p>\n","protected":false},"excerpt":{"rendered":"<p>A Comunidade Cat\u00f3lica do Bairro do Derba, em Senhor do Bonfim, vai celebrar neste domingo (21), sua padroeira M\u00e3e Rainha. O clico de homenagens teve in\u00edcio com a visita\u00e7\u00e3o da imagem pelas ruas do bairro de 1\u00ba a 09 de outubro. A abertura solene aconteceu na \u00faltima quarta-feira, 17. Confira a programa\u00e7\u00e3o desta sexta-feira, 19: [&hellip;]<\/p>\n","protected":false},"author":2,"featured_media":28596,"comment_status":"open","ping_status":"open","sticky":false,"template":"","format":"standard","meta":{"_acf_changed":false,"_monsterinsights_skip_tracking":false,"_monsterinsights_sitenote_active":false,"_monsterinsights_sitenote_note":"","_monsterinsights_sitenote_category":0,"_jetpack_memberships_contains_paid_content":false,"footnotes":"","jetpack_publicize_message":"","jetpack_publicize_feature_enabled":true,"jetpack_social_post_already_shared":true,"jetpack_social_options":{"image_generator_settings":{"template":"highway","default_image_id":0,"font":"","enabled":false},"version":2}},"categories":[1,4],"tags":[],"class_list":["post-28594","post","type-post","status-publish","format-standard","has-post-thumbnail","hentry","category-noticias","category-local"],"acf":[],"jetpack_publicize_connections":[],"jetpack_featured_media_url":"https:\/\/i0.wp.com\/blogdoeloiltoncajuhy.com.br\/site\/wp-content\/uploads\/2018\/10\/mae-rainha-derba-2018_sexta.jpg?fit=438%2C258&ssl=1","jetpack_sharing_enabled":true,"publishpress_future_workflow_manual_trigger":{"enabledWorkflows":[]},"_links":{"self":[{"href":"https:\/\/blogdoeloiltoncajuhy.com.br\/site\/wp-json\/wp\/v2\/posts\/28594","targetHints":{"allow":["GET"]}}],"collection":[{"href":"https:\/\/blogdoeloiltoncajuhy.com.br\/site\/wp-json\/wp\/v2\/posts"}],"about":[{"href":"https:\/\/blogdoeloiltoncajuhy.com.br\/site\/wp-json\/wp\/v2\/types\/post"}],"author":[{"embeddable":true,"href":"https:\/\/blogdoeloiltoncajuhy.com.br\/site\/wp-json\/wp\/v2\/users\/2"}],"replies":[{"embeddable":true,"href":"https:\/\/blogdoeloiltoncajuhy.com.br\/site\/wp-json\/wp\/v2\/comments?post=28594"}],"version-history":[{"count":1,"href":"https:\/\/blogdoeloiltoncajuhy.com.br\/site\/wp-json\/wp\/v2\/posts\/28594\/revisions"}],"predecessor-version":[{"id":28597,"href":"https:\/\/blogdoeloiltoncajuhy.com.br\/site\/wp-json\/wp\/v2\/posts\/28594\/revisions\/28597"}],"wp:featuredmedia":[{"embeddable":true,"href":"https:\/\/blogdoeloiltoncajuhy.com.br\/site\/wp-json\/wp\/v2\/media\/28596"}],"wp:attachment":[{"href":"https:\/\/blogdoeloiltoncajuhy.com.br\/site\/wp-json\/wp\/v2\/media?parent=28594"}],"wp:term":[{"taxonomy":"category","embeddable":true,"href":"https:\/\/blogdoeloiltoncajuhy.com.br\/site\/wp-json\/wp\/v2\/categories?post=28594"},{"taxonomy":"post_tag","embeddable":true,"href":"https:\/\/blogdoeloiltoncajuhy.com.br\/site\/wp-json\/wp\/v2\/tags?post=28594"}],"curies":[{"name":"wp","href":"https:\/\/api.w.org\/{rel}","templated":true}]}}