{"id":28591,"date":"2018-10-19T07:51:45","date_gmt":"2018-10-19T10:51:45","guid":{"rendered":"http:\/\/blogdoeloiltoncajuhy.com.br\/site\/?p=28591"},"modified":"2018-10-19T07:54:14","modified_gmt":"2018-10-19T10:54:14","slug":"mp-ba-denuncia-barbeiro-que-assassinou-mestre-moa-e-pede-que-caso-va-a-juri-popular","status":"publish","type":"post","link":"https:\/\/blogdoeloiltoncajuhy.com.br\/site\/mp-ba-denuncia-barbeiro-que-assassinou-mestre-moa-e-pede-que-caso-va-a-juri-popular\/","title":{"rendered":"MP-BA denuncia barbeiro que assassinou mestre Moa e pede que caso v\u00e1 a j\u00fari popular"},"content":{"rendered":"<figure id=\"attachment_28394\" aria-describedby=\"caption-attachment-28394\" style=\"width: 640px\" class=\"wp-caption aligncenter\"><a href=\"https:\/\/i0.wp.com\/blogdoeloiltoncajuhy.com.br\/site\/wp-content\/uploads\/2018\/10\/moa-katende.jpg\"><img data-recalc-dims=\"1\" fetchpriority=\"high\" decoding=\"async\" class=\"wp-image-28394 size-full\" src=\"https:\/\/i0.wp.com\/blogdoeloiltoncajuhy.com.br\/site\/wp-content\/uploads\/2018\/10\/moa-katende.jpg?resize=640%2C360\" alt=\"\" width=\"640\" height=\"360\" srcset=\"https:\/\/i0.wp.com\/blogdoeloiltoncajuhy.com.br\/site\/wp-content\/uploads\/2018\/10\/moa-katende.jpg?w=640&amp;ssl=1 640w, https:\/\/i0.wp.com\/blogdoeloiltoncajuhy.com.br\/site\/wp-content\/uploads\/2018\/10\/moa-katende.jpg?resize=300%2C169&amp;ssl=1 300w, https:\/\/i0.wp.com\/blogdoeloiltoncajuhy.com.br\/site\/wp-content\/uploads\/2018\/10\/moa-katende.jpg?resize=250%2C141&amp;ssl=1 250w\" sizes=\"(max-width: 640px) 100vw, 640px\" \/><\/a><figcaption id=\"caption-attachment-28394\" class=\"wp-caption-text\">Moa do Katend\u00ea foi morto com 13 facadas<\/figcaption><\/figure>\n<p><strong>Paulo S\u00e9rgio Ferreira de Santana<\/strong>, o barbeiro acusado de assassinar o mestre de capoeira <strong>Moa do Katend\u00ea<\/strong>, ap\u00f3s uma discuss\u00e3o pol\u00edtica no fim do primeiro turno das elei\u00e7\u00f5es presidenciais deste ano, foi denunciado pelo Minist\u00e9rio P\u00fablico estadual (MP-BA) nesta quinta-feira (18). O \u00f3rg\u00e3o vai pedir que o caso v\u00e1 a j\u00fari popular.<\/p>\n<p>O promotor de Justi\u00e7a Davi Gallo, autor da den\u00fancia, afirmou que o mestre Romualdo Ros\u00e1rio da Costa foi assassinado por Paulo S\u00e9rgio por uma \u201c<em>discuss\u00e3o f\u00fatil<\/em>\u201d e que os 63 anos de Moa dever\u00e3o agravar a pena. \u201c<em>Por uma discuss\u00e3o banal foi cometido um crime brutal contra uma pessoa idosa. A idade da v\u00edtima vai agravar a pena que deve partir de 25 anos no m\u00ednimo e, se depender de mim, ele vai aguardar o procedimento todo preso<\/em>\u201d, comentou o promotor.<\/p>\n<p>O barbeiro, com pris\u00e3o preventiva decretada, ainda foi denunciado pela tentativa de homic\u00eddio contra Germino do Amor Divino Pereira, que tentou defender o capoeirista e tamb\u00e9m foi ferido. Oito testemunhas acompanharam o caso e, de acordo com Gallo, boa parte delas confirma as vers\u00f5es do inqu\u00e9rito policial e do MP-BA.<\/p>\n<p>O Departamento de Homic\u00eddios e Prote\u00e7\u00e3o \u00e0 Pessoa (DHPP) concluiu que a morte do compositor e capoeirista foi motivada por discuss\u00e3o pol\u00edtico-partid\u00e1ria. Moa foi agredido com 13 facadas ap\u00f3s, supostamente, defender seu voto no PT no primeiro turno. O acusado, suposto eleitor de Jair Bolsonaro (PSL), teria cometido o crime pela diverg\u00eancia. O crime aconteceu no Bar do Jo\u00e3o, na comunidade do Dique Pequeno, pr\u00f3ximo ao Dique do Toror\u00f3.<\/p>\n<p><em><strong>*Bahia Not\u00edcias<\/strong><\/em><\/p>\n","protected":false},"excerpt":{"rendered":"<p>Paulo S\u00e9rgio Ferreira de Santana, o barbeiro acusado de assassinar o mestre de capoeira Moa do Katend\u00ea, ap\u00f3s uma discuss\u00e3o pol\u00edtica no fim do primeiro turno das elei\u00e7\u00f5es presidenciais deste ano, foi denunciado pelo Minist\u00e9rio P\u00fablico estadual (MP-BA) nesta quinta-feira (18). O \u00f3rg\u00e3o vai pedir que o caso v\u00e1 a j\u00fari popular. O promotor de [&hellip;]<\/p>\n","protected":false},"author":2,"featured_media":0,"comment_status":"open","ping_status":"open","sticky":false,"template":"","format":"standard","meta":{"_acf_changed":false,"_monsterinsights_skip_tracking":false,"_monsterinsights_sitenote_active":false,"_monsterinsights_sitenote_note":"","_monsterinsights_sitenote_category":0,"_jetpack_memberships_contains_paid_content":false,"footnotes":"","jetpack_publicize_message":"","jetpack_publicize_feature_enabled":true,"jetpack_social_post_already_shared":true,"jetpack_social_options":{"image_generator_settings":{"template":"highway","default_image_id":0,"font":"","enabled":false},"version":2}},"categories":[5,1],"tags":[],"class_list":["post-28591","post","type-post","status-publish","format-standard","hentry","category-cotidiano","category-noticias"],"acf":[],"jetpack_publicize_connections":[],"jetpack_featured_media_url":"","jetpack_sharing_enabled":true,"publishpress_future_workflow_manual_trigger":{"enabledWorkflows":[]},"_links":{"self":[{"href":"https:\/\/blogdoeloiltoncajuhy.com.br\/site\/wp-json\/wp\/v2\/posts\/28591","targetHints":{"allow":["GET"]}}],"collection":[{"href":"https:\/\/blogdoeloiltoncajuhy.com.br\/site\/wp-json\/wp\/v2\/posts"}],"about":[{"href":"https:\/\/blogdoeloiltoncajuhy.com.br\/site\/wp-json\/wp\/v2\/types\/post"}],"author":[{"embeddable":true,"href":"https:\/\/blogdoeloiltoncajuhy.com.br\/site\/wp-json\/wp\/v2\/users\/2"}],"replies":[{"embeddable":true,"href":"https:\/\/blogdoeloiltoncajuhy.com.br\/site\/wp-json\/wp\/v2\/comments?post=28591"}],"version-history":[{"count":2,"href":"https:\/\/blogdoeloiltoncajuhy.com.br\/site\/wp-json\/wp\/v2\/posts\/28591\/revisions"}],"predecessor-version":[{"id":28593,"href":"https:\/\/blogdoeloiltoncajuhy.com.br\/site\/wp-json\/wp\/v2\/posts\/28591\/revisions\/28593"}],"wp:attachment":[{"href":"https:\/\/blogdoeloiltoncajuhy.com.br\/site\/wp-json\/wp\/v2\/media?parent=28591"}],"wp:term":[{"taxonomy":"category","embeddable":true,"href":"https:\/\/blogdoeloiltoncajuhy.com.br\/site\/wp-json\/wp\/v2\/categories?post=28591"},{"taxonomy":"post_tag","embeddable":true,"href":"https:\/\/blogdoeloiltoncajuhy.com.br\/site\/wp-json\/wp\/v2\/tags?post=28591"}],"curies":[{"name":"wp","href":"https:\/\/api.w.org\/{rel}","templated":true}]}}