{"id":28588,"date":"2018-10-19T07:32:05","date_gmt":"2018-10-19T10:32:05","guid":{"rendered":"http:\/\/blogdoeloiltoncajuhy.com.br\/site\/?p=28588"},"modified":"2018-10-19T07:32:05","modified_gmt":"2018-10-19T10:32:05","slug":"saude-estrabismo-pode-ser-operado-em-adultos","status":"publish","type":"post","link":"https:\/\/blogdoeloiltoncajuhy.com.br\/site\/saude-estrabismo-pode-ser-operado-em-adultos\/","title":{"rendered":"SA\u00daDE: Estrabismo pode ser operado em adultos?"},"content":{"rendered":"<p><a href=\"https:\/\/i0.wp.com\/blogdoeloiltoncajuhy.com.br\/site\/wp-content\/uploads\/2018\/10\/estrabismo-1.jpg\"><img data-recalc-dims=\"1\" fetchpriority=\"high\" decoding=\"async\" class=\"wp-image-28589 alignleft\" src=\"https:\/\/i0.wp.com\/blogdoeloiltoncajuhy.com.br\/site\/wp-content\/uploads\/2018\/10\/estrabismo-1.jpg?resize=420%2C288\" alt=\"\" width=\"420\" height=\"288\" srcset=\"https:\/\/i0.wp.com\/blogdoeloiltoncajuhy.com.br\/site\/wp-content\/uploads\/2018\/10\/estrabismo-1.jpg?w=280&amp;ssl=1 280w, https:\/\/i0.wp.com\/blogdoeloiltoncajuhy.com.br\/site\/wp-content\/uploads\/2018\/10\/estrabismo-1.jpg?resize=250%2C171&amp;ssl=1 250w\" sizes=\"(max-width: 420px) 100vw, 420px\" \/><\/a>Essa \u00e9 uma pergunta muito frequente nos consult\u00f3rios dos oftalmologistas especialistas em Estrabismo. E a resposta \u00e9 sim! O estrabismo tamb\u00e9m pode ser corrigido por meio de cirurgia em adultos e a boa not\u00edcia \u00e9 que o procedimento em adultos n\u00e3o \u00e9 meramente est\u00e9tico.<\/p>\n<p>Segundo um estudo, a cirurgia para corrigir o estrabismo em adultos alcan\u00e7a um alinhamento dos olhos satisfat\u00f3rio em 80% dos casos. Outra revela\u00e7\u00e3o da pesquisa \u00e9 que a maioria dos adultos que passa pela corre\u00e7\u00e3o do desvio dos olhos, experimenta melhora na fun\u00e7\u00e3o binocular, respons\u00e1vel por ver os objetos em 3D pela vis\u00e3o de profundidade, por exemplo.<\/p>\n<p><strong>Opini\u00e3o da especialista<\/strong><\/p>\n<p>De acordo com a <strong>Dr\u00aa Marcela Barreira, oftalmopediatra, especialista em Estrabismo e Chefe do Servi\u00e7o do Neuroftalmologia do Banco de Olhos de Sorocaba<\/strong>, estudos mais recentes mostram que al\u00e9m dos benef\u00edcios psicossociais da cirurgia de estrabismo em adultos, h\u00e1 tamb\u00e9m melhora na expans\u00e3o do campo visual binocular ou ainda a recupera\u00e7\u00e3o da vis\u00e3o binocular (estereopsia).<\/p>\n<p>\u201c<em>A vis\u00e3o binocular \u00e9 aquela respons\u00e1vel pela sensa\u00e7\u00e3o espacial das imagens e pela profundidade. \u00c9 a vis\u00e3o que usamos para ver em 3D. Ela se forma a partir da capta\u00e7\u00e3o da imagem de forma individual pelos olhos, que depois \u00e9 fundida em uma s\u00f3 pelo c\u00e9rebro. O estrabismo, quando n\u00e3o tratado, pode resultar na perda dessa capacidade<\/em>\u201d, explica Dr\u00aa Marcela.<\/p>\n<p>\u201c<em>Por isso, a recomenda\u00e7\u00e3o \u00e9 fazer a cirurgia ainda na inf\u00e2ncia, per\u00edodo de matura\u00e7\u00e3o do sistema visual. Entretanto, os estudos ao longo dos anos mostraram que mesmo quando a corre\u00e7\u00e3o do estrabismo \u00e9 feita na vida adulta, resulta em melhora no campo visual binocular e, em alguns casos, ocorre a recupera\u00e7\u00e3o da binocularidade, conhecida pelo termo m\u00e9dico estereopsia<\/em>\u201d, comenta a especialista.<\/p>\n<p><strong>Impactos da perda da vis\u00e3o binocular<\/strong><\/p>\n<p>A perda da vis\u00e3o binocular pode ser um impedimento para exercer algumas profiss\u00f5es. Uma pessoa com estrabismo n\u00e3o corrigido n\u00e3o poder\u00e1 exercer fun\u00e7\u00f5es como pilotar um avi\u00e3o, um trem ou ainda ser um m\u00e9dico cirurgi\u00e3o. Ler livros em 3D ou ver um filme em 3D tamb\u00e9m n\u00e3o ser\u00e1 poss\u00edvel, por exemplo.<\/p>\n<p><strong>Vis\u00e3o dupla e estrabismo<\/strong><\/p>\n<p>Uma outra condi\u00e7\u00e3o que tamb\u00e9m apresenta melhora com a cirurgia de estrabismo \u00e9 a diplopia, mais conhecida como vis\u00e3o dupla. \u201c<em>O que ocorre \u00e9 que quando o estrabismo se desenvolve depois da maturidade visual, a pessoa ir\u00e1 apresentar vis\u00e3o dupla, porque n\u00e3o tem mais a capacidade de suprimir uma das imagens captadas pelos olhos. Na inf\u00e2ncia, como a vis\u00e3o est\u00e1 em desenvolvimento, o c\u00e9rebro inibe a imagem do olho saud\u00e1vel, levando \u00e0 ambliopia, conhecida como olho pregui\u00e7oso<\/em>\u201d, diz Dr\u00aa Marcela.<\/p>\n<p><strong>Estrabismo: quando operar?<\/strong><\/p>\n<p>De acordo com a Dr\u00aa Marcela, a indica\u00e7\u00e3o da cirurgia \u00e9 feita de forma individualizada e n\u00e3o s\u00e3o todos os tipos de estrabismo que podem ser corrigidos por meio da cirurgia. \u201c<em>O estrabismo causado pela hipermetropia, por exemplo, n\u00e3o tem indica\u00e7\u00e3o cir\u00fargica. Mas, nos estrabismos com indica\u00e7\u00e3o, teremos casos em que ser\u00e1 preciso operar precocemente, ainda no primeiro ano de vida. Quanto antes for feita a cirurgia, menor o risco de ocorrer danos no desenvolvimento visual<\/em>\u201d.<\/p>\n<p>J\u00e1 em adultos, o estrabismo pode ser corrigido a qualquer momento, desde que n\u00e3o haja contraindica\u00e7\u00f5es nos exames pr\u00e9-operat\u00f3rios ou outras condi\u00e7\u00f5es de sa\u00fade que impe\u00e7am a cirurgia.<\/p>\n<p><em><strong>*Leda Sangiorgio<\/strong><\/em><br \/>\n<em>Assessoria de Imprensa<\/em><br \/>\n<em>(11) 98902-0053<\/em><br \/>\n<em>leda@agenciahealth.com.br<\/em><\/p>\n","protected":false},"excerpt":{"rendered":"<p>Essa \u00e9 uma pergunta muito frequente nos consult\u00f3rios dos oftalmologistas especialistas em Estrabismo. E a resposta \u00e9 sim! O estrabismo tamb\u00e9m pode ser corrigido por meio de cirurgia em adultos e a boa not\u00edcia \u00e9 que o procedimento em adultos n\u00e3o \u00e9 meramente est\u00e9tico. Segundo um estudo, a cirurgia para corrigir o estrabismo em adultos [&hellip;]<\/p>\n","protected":false},"author":2,"featured_media":28589,"comment_status":"open","ping_status":"open","sticky":false,"template":"","format":"standard","meta":{"_acf_changed":false,"_monsterinsights_skip_tracking":false,"_monsterinsights_sitenote_active":false,"_monsterinsights_sitenote_note":"","_monsterinsights_sitenote_category":0,"_jetpack_memberships_contains_paid_content":false,"footnotes":"","jetpack_publicize_message":"","jetpack_publicize_feature_enabled":true,"jetpack_social_post_already_shared":true,"jetpack_social_options":{"image_generator_settings":{"template":"highway","default_image_id":0,"font":"","enabled":false},"version":2}},"categories":[1,7],"tags":[],"class_list":["post-28588","post","type-post","status-publish","format-standard","has-post-thumbnail","hentry","category-noticias","category-saude"],"acf":[],"jetpack_publicize_connections":[],"jetpack_featured_media_url":"https:\/\/i0.wp.com\/blogdoeloiltoncajuhy.com.br\/site\/wp-content\/uploads\/2018\/10\/estrabismo-1.jpg?fit=280%2C192&ssl=1","jetpack_sharing_enabled":true,"publishpress_future_workflow_manual_trigger":{"enabledWorkflows":[]},"_links":{"self":[{"href":"https:\/\/blogdoeloiltoncajuhy.com.br\/site\/wp-json\/wp\/v2\/posts\/28588","targetHints":{"allow":["GET"]}}],"collection":[{"href":"https:\/\/blogdoeloiltoncajuhy.com.br\/site\/wp-json\/wp\/v2\/posts"}],"about":[{"href":"https:\/\/blogdoeloiltoncajuhy.com.br\/site\/wp-json\/wp\/v2\/types\/post"}],"author":[{"embeddable":true,"href":"https:\/\/blogdoeloiltoncajuhy.com.br\/site\/wp-json\/wp\/v2\/users\/2"}],"replies":[{"embeddable":true,"href":"https:\/\/blogdoeloiltoncajuhy.com.br\/site\/wp-json\/wp\/v2\/comments?post=28588"}],"version-history":[{"count":1,"href":"https:\/\/blogdoeloiltoncajuhy.com.br\/site\/wp-json\/wp\/v2\/posts\/28588\/revisions"}],"predecessor-version":[{"id":28590,"href":"https:\/\/blogdoeloiltoncajuhy.com.br\/site\/wp-json\/wp\/v2\/posts\/28588\/revisions\/28590"}],"wp:featuredmedia":[{"embeddable":true,"href":"https:\/\/blogdoeloiltoncajuhy.com.br\/site\/wp-json\/wp\/v2\/media\/28589"}],"wp:attachment":[{"href":"https:\/\/blogdoeloiltoncajuhy.com.br\/site\/wp-json\/wp\/v2\/media?parent=28588"}],"wp:term":[{"taxonomy":"category","embeddable":true,"href":"https:\/\/blogdoeloiltoncajuhy.com.br\/site\/wp-json\/wp\/v2\/categories?post=28588"},{"taxonomy":"post_tag","embeddable":true,"href":"https:\/\/blogdoeloiltoncajuhy.com.br\/site\/wp-json\/wp\/v2\/tags?post=28588"}],"curies":[{"name":"wp","href":"https:\/\/api.w.org\/{rel}","templated":true}]}}