{"id":28561,"date":"2018-10-17T20:40:34","date_gmt":"2018-10-17T23:40:34","guid":{"rendered":"http:\/\/blogdoeloiltoncajuhy.com.br\/site\/?p=28561"},"modified":"2018-10-17T20:40:34","modified_gmt":"2018-10-17T23:40:34","slug":"uneb-prorroga-inscricoes-para-o-vestibular-2019","status":"publish","type":"post","link":"https:\/\/blogdoeloiltoncajuhy.com.br\/site\/uneb-prorroga-inscricoes-para-o-vestibular-2019\/","title":{"rendered":"Uneb prorroga inscri\u00e7\u00f5es para o vestibular 2019"},"content":{"rendered":"<h5 style=\"text-align: center;\"><em>Interessados t\u00eam at\u00e9 o domingo (21) para se candidatar. Taxa custa R$ 90. Provas ser\u00e3o nos dias 2 e 3 de dezembro<\/em><\/h5>\n<div class=\"mc-column content-text active-extra-styles active-capital-letter\" data-block-type=\"unstyled\" data-block-weight=\"41\" data-block-id=\"2\">\n<p class=\"content-text__container theme-color-primary-first-letter\" data-track-category=\"Link no Texto\" data-track-links=\"\"><a href=\"https:\/\/i0.wp.com\/blogdoeloiltoncajuhy.com.br\/site\/wp-content\/uploads\/2017\/07\/uneb-001-e1500682376809.jpg\"><img data-recalc-dims=\"1\" fetchpriority=\"high\" decoding=\"async\" class=\"aligncenter size-full wp-image-18904\" src=\"https:\/\/i0.wp.com\/blogdoeloiltoncajuhy.com.br\/site\/wp-content\/uploads\/2017\/07\/uneb-001-e1500682376809.jpg?resize=420%2C314\" alt=\"\" width=\"420\" height=\"314\" \/><\/a>As inscri\u00e7\u00f5es para o\u00a0<strong><a href=\"https:\/\/g1.globo.com\/ba\/bahia\/noticia\/2018\/09\/26\/uneb-abre-inscricoes-para-o-vestibular-2019.ghtml\">Vestibular 2019 da Universidade Estadual da Bahia (Uneb)<\/a><\/strong>\u00a0foram prorrogadas at\u00e9 o domingo (21). O prazo inicial foi encerrado na segunda-feira (15). Os interessados devem acessar o\u00a0<strong><a href=\"http:\/\/vestibular2019.uneb.br\/\" target=\"_blank\" rel=\"noopener\">site do processo seletivo<\/a><\/strong>\u00a0da institui\u00e7\u00e3o para fazer a inscri\u00e7\u00e3o.<\/p>\n<\/div>\n<div class=\"wall\">\n<div class=\"mc-column content-text active-extra-styles \" data-block-type=\"unstyled\" data-block-weight=\"20\" data-block-id=\"3\">\n<p class=\"content-text__container \" data-track-category=\"Link no Texto\" data-track-links=\"\">S\u00e3o oferecidas 4.074 vagas, distribu\u00eddas em cursos de gradua\u00e7\u00e3o presencial oferecidos nos campi de Salvador e outras 24 cidades baianas.<\/p>\n<\/div>\n<div class=\"mc-column content-text active-extra-styles \" data-block-type=\"unstyled\" data-block-weight=\"43\" data-block-id=\"4\">\n<p class=\"content-text__container \" data-track-category=\"Link no Texto\" data-track-links=\"\">Haver\u00e1 reserva de 40% das vagas para negros e direito a 5% de sobrevagas para ind\u00edgenas, quilombolas, ciganos, transexuais, travestis, transg\u00eaneros, pessoas com defici\u00eancia, com transtorno do espectro autista e com altas habilidades. Cada grupo contar\u00e1 com essa porcentagem em todos os cursos.<\/p>\n<\/div>\n<div class=\"mc-column content-text active-extra-styles \" data-block-type=\"unstyled\" data-block-weight=\"37\" data-block-id=\"5\">\n<p class=\"content-text__container \" data-track-category=\"Link no Texto\" data-track-links=\"\">Os optantes pelo sistema de reserva de vagas precisar\u00e3o, no ato da matr\u00edcula, apresentar os comprovantes de escolaridade dos Ensinos Fundamental II e M\u00e9dio em institui\u00e7\u00e3o das redes p\u00fablicas de Educa\u00e7\u00e3o, conforme prev\u00ea o edital de sele\u00e7\u00e3o.<\/p>\n<\/div>\n<\/div>\n<div data-track-category=\"fim do conteudo\" data-track-action=\"ultimo chunk conteudo\" data-track-noninteraction=\"false\" data-track-scroll=\"entrada completa viewport\">\n<div class=\"mc-column content-text active-extra-styles \" data-block-type=\"unstyled\" data-block-weight=\"48\" data-block-id=\"6\">\n<p class=\"content-text__container \" data-track-category=\"Link no Texto\" data-track-links=\"\">A taxa de inscri\u00e7\u00e3o \u00e9 de R$ 90. As provas est\u00e3o previstas para serem aplicadas nos dias 2 e 3 de dezembro. A rela\u00e7\u00e3o de cursos, quadro de vagas, provas, normas e cronograma da sele\u00e7\u00e3o constam no\u00a0<strong><a href=\"http:\/\/vestibular2019.uneb.br\/wp-content\/uploads\/2018\/10\/Edital-n%C2%BA-105_2018-Aviso-n%C2%BA-180_2018-Processo-Seletivo-Vestibular-2019_ret_prorrogacao.pdf\" target=\"_blank\" rel=\"noopener\">edital do Vestibular Uneb 2019, dispon\u00edvel no portal do processo seletivo<\/a><\/strong>.<\/p>\n<p data-track-category=\"Link no Texto\" data-track-links=\"\"><em><strong>*G1 BA<\/strong><\/em><\/p>\n<\/div>\n<\/div>\n","protected":false},"excerpt":{"rendered":"<p>Interessados t\u00eam at\u00e9 o domingo (21) para se candidatar. Taxa custa R$ 90. Provas ser\u00e3o nos dias 2 e 3 de dezembro As inscri\u00e7\u00f5es para o\u00a0Vestibular 2019 da Universidade Estadual da Bahia (Uneb)\u00a0foram prorrogadas at\u00e9 o domingo (21). O prazo inicial foi encerrado na segunda-feira (15). Os interessados devem acessar o\u00a0site do processo seletivo\u00a0da institui\u00e7\u00e3o [&hellip;]<\/p>\n","protected":false},"author":2,"featured_media":0,"comment_status":"open","ping_status":"open","sticky":false,"template":"","format":"standard","meta":{"_acf_changed":false,"_monsterinsights_skip_tracking":false,"_monsterinsights_sitenote_active":false,"_monsterinsights_sitenote_note":"","_monsterinsights_sitenote_category":0,"_jetpack_memberships_contains_paid_content":false,"footnotes":"","jetpack_publicize_message":"","jetpack_publicize_feature_enabled":true,"jetpack_social_post_already_shared":true,"jetpack_social_options":{"image_generator_settings":{"template":"highway","default_image_id":0,"font":"","enabled":false},"version":2}},"categories":[14,1],"tags":[],"class_list":["post-28561","post","type-post","status-publish","format-standard","hentry","category-educacao","category-noticias"],"acf":[],"jetpack_publicize_connections":[],"jetpack_featured_media_url":"","jetpack_sharing_enabled":true,"publishpress_future_workflow_manual_trigger":{"enabledWorkflows":[]},"_links":{"self":[{"href":"https:\/\/blogdoeloiltoncajuhy.com.br\/site\/wp-json\/wp\/v2\/posts\/28561","targetHints":{"allow":["GET"]}}],"collection":[{"href":"https:\/\/blogdoeloiltoncajuhy.com.br\/site\/wp-json\/wp\/v2\/posts"}],"about":[{"href":"https:\/\/blogdoeloiltoncajuhy.com.br\/site\/wp-json\/wp\/v2\/types\/post"}],"author":[{"embeddable":true,"href":"https:\/\/blogdoeloiltoncajuhy.com.br\/site\/wp-json\/wp\/v2\/users\/2"}],"replies":[{"embeddable":true,"href":"https:\/\/blogdoeloiltoncajuhy.com.br\/site\/wp-json\/wp\/v2\/comments?post=28561"}],"version-history":[{"count":1,"href":"https:\/\/blogdoeloiltoncajuhy.com.br\/site\/wp-json\/wp\/v2\/posts\/28561\/revisions"}],"predecessor-version":[{"id":28562,"href":"https:\/\/blogdoeloiltoncajuhy.com.br\/site\/wp-json\/wp\/v2\/posts\/28561\/revisions\/28562"}],"wp:attachment":[{"href":"https:\/\/blogdoeloiltoncajuhy.com.br\/site\/wp-json\/wp\/v2\/media?parent=28561"}],"wp:term":[{"taxonomy":"category","embeddable":true,"href":"https:\/\/blogdoeloiltoncajuhy.com.br\/site\/wp-json\/wp\/v2\/categories?post=28561"},{"taxonomy":"post_tag","embeddable":true,"href":"https:\/\/blogdoeloiltoncajuhy.com.br\/site\/wp-json\/wp\/v2\/tags?post=28561"}],"curies":[{"name":"wp","href":"https:\/\/api.w.org\/{rel}","templated":true}]}}