{"id":28555,"date":"2018-10-17T19:07:10","date_gmt":"2018-10-17T22:07:10","guid":{"rendered":"http:\/\/blogdoeloiltoncajuhy.com.br\/site\/?p=28555"},"modified":"2018-10-17T19:08:02","modified_gmt":"2018-10-17T22:08:02","slug":"prefeitura-de-senhor-do-bonfim-vai-realizar-capacitacao-para-merendeiras-nesta-sexta-feira-19","status":"publish","type":"post","link":"https:\/\/blogdoeloiltoncajuhy.com.br\/site\/prefeitura-de-senhor-do-bonfim-vai-realizar-capacitacao-para-merendeiras-nesta-sexta-feira-19\/","title":{"rendered":"Prefeitura de Senhor do Bonfim vai realizar capacita\u00e7\u00e3o para merendeiras nesta sexta-feira (19)"},"content":{"rendered":"<p><a href=\"https:\/\/i0.wp.com\/blogdoeloiltoncajuhy.com.br\/site\/wp-content\/uploads\/2018\/10\/manipulacao_Small.jpg\"><img data-recalc-dims=\"1\" fetchpriority=\"high\" decoding=\"async\" class=\"aligncenter size-full wp-image-28556\" src=\"https:\/\/i0.wp.com\/blogdoeloiltoncajuhy.com.br\/site\/wp-content\/uploads\/2018\/10\/manipulacao_Small.jpg?resize=800%2C400\" alt=\"\" width=\"800\" height=\"400\" srcset=\"https:\/\/i0.wp.com\/blogdoeloiltoncajuhy.com.br\/site\/wp-content\/uploads\/2018\/10\/manipulacao_Small.jpg?w=854&amp;ssl=1 854w, https:\/\/i0.wp.com\/blogdoeloiltoncajuhy.com.br\/site\/wp-content\/uploads\/2018\/10\/manipulacao_Small.jpg?resize=300%2C150&amp;ssl=1 300w, https:\/\/i0.wp.com\/blogdoeloiltoncajuhy.com.br\/site\/wp-content\/uploads\/2018\/10\/manipulacao_Small.jpg?resize=768%2C384&amp;ssl=1 768w, https:\/\/i0.wp.com\/blogdoeloiltoncajuhy.com.br\/site\/wp-content\/uploads\/2018\/10\/manipulacao_Small.jpg?resize=250%2C125&amp;ssl=1 250w\" sizes=\"(max-width: 800px) 100vw, 800px\" \/><\/a>A Prefeitura de Senhor do Bonfim, por meio da Secretaria de Educa\u00e7\u00e3o, vai realizar na pr\u00f3xima sexta-feira,19 de outubro, a <em><strong>2\u00aa Capacita\u00e7\u00e3o em Boas Pr\u00e1ticas na Manipula\u00e7\u00e3o de Alimentos<\/strong><\/em> para 75 merendeiras da rede municipal de ensino.<\/p>\n<p>O evento acontecer\u00e1 na sede do Servi\u00e7o Nacional de Aprendizagem Rural \u2013 SENAR, que fica ao lado do Parque de Exposi\u00e7\u00e3o An\u00edbal Gon\u00e7alves. A capacita\u00e7\u00e3o ser\u00e1 comandada pela coordenadora de seguran\u00e7a alimentar e nutricional da Secretaria de Educa\u00e7\u00e3o, a nutricionista Starley de Sant\u2019Anna.<\/p>\n<p>A qualifica\u00e7\u00e3o tem por objetivo desenvolver compet\u00eancias para a manipula\u00e7\u00e3o adequada de alimentos, atrav\u00e9s de temas e oficinas pr\u00e1ticas relacionados \u00e0s medidas e \u00e0s condi\u00e7\u00f5es higi\u00eanico-sanit\u00e1rias indispens\u00e1veis para a produ\u00e7\u00e3o de alimentos seguros e com qualidade para o consumo, promovendo o conhecimento essencial para reduzir o risco de contamina\u00e7\u00e3o, bem como o processo de elabora\u00e7\u00e3o dos alimentos, armazenamento, conserva\u00e7\u00e3o, entre outros importantes conceitos prevenindo a transmiss\u00e3o de doen\u00e7as aos consumidores.<\/p>\n<p><strong>Confira a programa\u00e7\u00e3o:<\/strong><\/p>\n<p><span style=\"color: #0000ff;\"><em>09:00h \u2013 Lanche.<\/em><\/span><br \/>\n<span style=\"color: #0000ff;\"><em>09:00h \u2013 Entrega de materiais.<\/em><\/span><br \/>\n<span style=\"color: #0000ff;\"><em>09:15h \u2013 Boas vindas.<\/em><\/span><br \/>\n<span style=\"color: #0000ff;\"><em>09:20h- Apresenta\u00e7\u00e3o.<\/em><\/span><br \/>\n<span style=\"color: #0000ff;\"><em>09:30h \u2013 Abertura oficial: Secret\u00e1ria de Educa\u00e7\u00e3o, Cristiane Maia. Pronunciamento do Prefeito Carlos Brasileiro.<\/em><\/span><br \/>\n<span style=\"color: #0000ff;\"><em>09:40h \u2013 Tema: As diferen\u00e7as entre alimenta\u00e7\u00e3o e nutri\u00e7\u00e3o, a fun\u00e7\u00e3o dos nutrientes, a higiene no preparo dos alimentos, bem como nos processos de estocagem e conserva\u00e7\u00e3o.\u00a0Palestrante: Lara de Feitas Oliveira.<\/em><\/span><br \/>\n<span style=\"color: #0000ff;\"><em>10:20h \u2013 Questionamento e contribui\u00e7\u00f5es dos participantes.<\/em><\/span><br \/>\n<span style=\"color: #0000ff;\"><em>10:35h &#8211; Apresenta\u00e7\u00e3o da ferramenta: Di\u00e1rio da merendeira.\u00a0Coordenadora de seguran\u00e7a alimentar e nutricional \u2013 SEMED: Starley de Sant\u2019Anna.<\/em><\/span><br \/>\n<span style=\"color: #0000ff;\"><em>11:00h \u2013 Tema: Mente saud\u00e1vel.\u00a0Palestrante: Tatiane Torr\u00e3o dos Santos.<\/em><\/span><br \/>\n<span style=\"color: #0000ff;\"><em>12:00h \u2013 Questionamento e contribui\u00e7\u00f5es dos participantes.<\/em><\/span><br \/>\n<span style=\"color: #0000ff;\"><em>12:15h \u2013 Almo\u00e7o.<\/em><\/span><br \/>\n<span style=\"color: #0000ff;\"><em>13:10h \u2013 Din\u00e2mica.<\/em><\/span><br \/>\n<span style=\"color: #0000ff;\"><em>13:30h \u2013 Tema: Import\u00e2ncia do Conselho Municipal de Alimenta\u00e7\u00e3o Escolar \u2013 CAE. Palestrante: Silvana da Concei\u00e7\u00e3o Santos, presidente do Conselho.<\/em><\/span><br \/>\n<span style=\"color: #0000ff;\"><em>14:00h \u2013 Questionamento e contribui\u00e7\u00f5es dos participantes.<\/em><\/span><br \/>\n<span style=\"color: #0000ff;\"><em>14:15h \u2013 Tema: Melhorando sua autoestima. Palestrante: Ane Passos.<\/em><\/span><br \/>\n<span style=\"color: #0000ff;\"><em>15:40h \u2013 Oficina: A inclus\u00e3o da soja na merenda escolar.\u00a0Palestrante: Starley de Sant\u2019Anna, coordenadora de seguran\u00e7a alimentar e nutricional.<\/em><\/span><\/p>\n<p><em><strong>*ASCOM &#8211; Prefeitura Municipal de Senhor do Bonfim &#8211; BA<br \/>\n<\/strong>Telefones: 74 3541-8366 \/ 99110-9117<\/em><br \/>\n<em>Endere\u00e7o: Pra\u00e7a Juracy Magalh\u00e3es, 126<\/em><br \/>\n<em>E-MAIL: ascom@pmsb.ba.gov.br <\/em><br \/>\n<em>SITE OFICIAL: www.pmsb.ba.gov.br<\/em><br \/>\n<em>FAN PAGE: www.facebook.com\/oficialpmsb<\/em><\/p>\n","protected":false},"excerpt":{"rendered":"<p>A Prefeitura de Senhor do Bonfim, por meio da Secretaria de Educa\u00e7\u00e3o, vai realizar na pr\u00f3xima sexta-feira,19 de outubro, a 2\u00aa Capacita\u00e7\u00e3o em Boas Pr\u00e1ticas na Manipula\u00e7\u00e3o de Alimentos para 75 merendeiras da rede municipal de ensino. O evento acontecer\u00e1 na sede do Servi\u00e7o Nacional de Aprendizagem Rural \u2013 SENAR, que fica ao lado do [&hellip;]<\/p>\n","protected":false},"author":2,"featured_media":28556,"comment_status":"open","ping_status":"open","sticky":false,"template":"","format":"standard","meta":{"_acf_changed":false,"_monsterinsights_skip_tracking":false,"_monsterinsights_sitenote_active":false,"_monsterinsights_sitenote_note":"","_monsterinsights_sitenote_category":0,"_jetpack_memberships_contains_paid_content":false,"footnotes":"","jetpack_publicize_message":"","jetpack_publicize_feature_enabled":true,"jetpack_social_post_already_shared":true,"jetpack_social_options":{"image_generator_settings":{"template":"highway","default_image_id":0,"font":"","enabled":false},"version":2}},"categories":[1,4],"tags":[],"class_list":["post-28555","post","type-post","status-publish","format-standard","has-post-thumbnail","hentry","category-noticias","category-local"],"acf":[],"jetpack_publicize_connections":[],"jetpack_featured_media_url":"https:\/\/i0.wp.com\/blogdoeloiltoncajuhy.com.br\/site\/wp-content\/uploads\/2018\/10\/manipulacao_Small.jpg?fit=854%2C427&ssl=1","jetpack_sharing_enabled":true,"publishpress_future_workflow_manual_trigger":{"enabledWorkflows":[]},"_links":{"self":[{"href":"https:\/\/blogdoeloiltoncajuhy.com.br\/site\/wp-json\/wp\/v2\/posts\/28555","targetHints":{"allow":["GET"]}}],"collection":[{"href":"https:\/\/blogdoeloiltoncajuhy.com.br\/site\/wp-json\/wp\/v2\/posts"}],"about":[{"href":"https:\/\/blogdoeloiltoncajuhy.com.br\/site\/wp-json\/wp\/v2\/types\/post"}],"author":[{"embeddable":true,"href":"https:\/\/blogdoeloiltoncajuhy.com.br\/site\/wp-json\/wp\/v2\/users\/2"}],"replies":[{"embeddable":true,"href":"https:\/\/blogdoeloiltoncajuhy.com.br\/site\/wp-json\/wp\/v2\/comments?post=28555"}],"version-history":[{"count":2,"href":"https:\/\/blogdoeloiltoncajuhy.com.br\/site\/wp-json\/wp\/v2\/posts\/28555\/revisions"}],"predecessor-version":[{"id":28558,"href":"https:\/\/blogdoeloiltoncajuhy.com.br\/site\/wp-json\/wp\/v2\/posts\/28555\/revisions\/28558"}],"wp:featuredmedia":[{"embeddable":true,"href":"https:\/\/blogdoeloiltoncajuhy.com.br\/site\/wp-json\/wp\/v2\/media\/28556"}],"wp:attachment":[{"href":"https:\/\/blogdoeloiltoncajuhy.com.br\/site\/wp-json\/wp\/v2\/media?parent=28555"}],"wp:term":[{"taxonomy":"category","embeddable":true,"href":"https:\/\/blogdoeloiltoncajuhy.com.br\/site\/wp-json\/wp\/v2\/categories?post=28555"},{"taxonomy":"post_tag","embeddable":true,"href":"https:\/\/blogdoeloiltoncajuhy.com.br\/site\/wp-json\/wp\/v2\/tags?post=28555"}],"curies":[{"name":"wp","href":"https:\/\/api.w.org\/{rel}","templated":true}]}}