{"id":28543,"date":"2018-10-17T15:05:56","date_gmt":"2018-10-17T18:05:56","guid":{"rendered":"http:\/\/blogdoeloiltoncajuhy.com.br\/site\/?p=28543"},"modified":"2018-10-17T15:05:56","modified_gmt":"2018-10-17T18:05:56","slug":"associacao-dos-espadeiros-de-senhor-do-bonfim-divulga-nota-de-pesar-pelo-falecimento-do-empresario-paulinho-cerqueira","status":"publish","type":"post","link":"https:\/\/blogdoeloiltoncajuhy.com.br\/site\/associacao-dos-espadeiros-de-senhor-do-bonfim-divulga-nota-de-pesar-pelo-falecimento-do-empresario-paulinho-cerqueira\/","title":{"rendered":"Associa\u00e7\u00e3o dos Espadeiros de Senhor do Bonfim divulga Nota de Pesar pelo falecimento do empres\u00e1rio Paulinho Cerqueira"},"content":{"rendered":"<p><strong><a href=\"https:\/\/i0.wp.com\/blogdoeloiltoncajuhy.com.br\/site\/wp-content\/uploads\/2018\/10\/paulinho-espadeiros.jpg\"><img data-recalc-dims=\"1\" fetchpriority=\"high\" decoding=\"async\" class=\"aligncenter wp-image-28544\" src=\"https:\/\/i0.wp.com\/blogdoeloiltoncajuhy.com.br\/site\/wp-content\/uploads\/2018\/10\/paulinho-espadeiros.jpg?resize=360%2C360\" alt=\"\" width=\"360\" height=\"360\" srcset=\"https:\/\/i0.wp.com\/blogdoeloiltoncajuhy.com.br\/site\/wp-content\/uploads\/2018\/10\/paulinho-espadeiros.jpg?w=500&amp;ssl=1 500w, https:\/\/i0.wp.com\/blogdoeloiltoncajuhy.com.br\/site\/wp-content\/uploads\/2018\/10\/paulinho-espadeiros.jpg?resize=150%2C150&amp;ssl=1 150w, https:\/\/i0.wp.com\/blogdoeloiltoncajuhy.com.br\/site\/wp-content\/uploads\/2018\/10\/paulinho-espadeiros.jpg?resize=300%2C300&amp;ssl=1 300w, https:\/\/i0.wp.com\/blogdoeloiltoncajuhy.com.br\/site\/wp-content\/uploads\/2018\/10\/paulinho-espadeiros.jpg?resize=250%2C250&amp;ssl=1 250w, https:\/\/i0.wp.com\/blogdoeloiltoncajuhy.com.br\/site\/wp-content\/uploads\/2018\/10\/paulinho-espadeiros.jpg?resize=48%2C48&amp;ssl=1 48w\" sizes=\"(max-width: 360px) 100vw, 360px\" \/><\/a>A Associa\u00e7\u00e3o Cultural dos Espadeiros de Senhor do Bonfim &#8211; ACESB, vem por meio desta, com muito pesar, expressar nossos sinceros sentimentos aos familiares de Paulo Almeida de Cerqueira.<\/strong><\/p>\n<p><strong>Nosso guerreiro Paulinho Cerqueira, como carinhosamente era chamado por todos, parte deixando-nos muitas li\u00e7\u00f5es de amor, amizade, profissionalismo e humanidade.<\/strong><\/p>\n<p><strong>E n\u00f3s, membros da ACESB, n\u00e3o temos palavras para expressar tamanha dor, e pedimos a Deus que conforte o cora\u00e7\u00e3o dos familiares neste momento.<\/strong><\/p>\n<p><strong>Que a Luz e o amor divino pairem sobre a alma daqueles que hoje choram est\u00e1 imensur\u00e1vel perda.\u00a0A Deus pedimos, tamb\u00e9m, que d\u00ea \u00e0 nosso grande guerreiro Paulinho o merecido repouso eterno em SEU reino.<\/strong><\/p>\n<p><strong>Muito respeitosamente, prestamos as nossas condol\u00eancias e deixamos os nossos mais sinceros p\u00easames.<\/strong><\/p>\n","protected":false},"excerpt":{"rendered":"<p>A Associa\u00e7\u00e3o Cultural dos Espadeiros de Senhor do Bonfim &#8211; ACESB, vem por meio desta, com muito pesar, expressar nossos sinceros sentimentos aos familiares de Paulo Almeida de Cerqueira. Nosso guerreiro Paulinho Cerqueira, como carinhosamente era chamado por todos, parte deixando-nos muitas li\u00e7\u00f5es de amor, amizade, profissionalismo e humanidade. E n\u00f3s, membros da ACESB, n\u00e3o [&hellip;]<\/p>\n","protected":false},"author":2,"featured_media":28544,"comment_status":"open","ping_status":"open","sticky":false,"template":"","format":"standard","meta":{"_acf_changed":false,"_monsterinsights_skip_tracking":false,"_monsterinsights_sitenote_active":false,"_monsterinsights_sitenote_note":"","_monsterinsights_sitenote_category":0,"_jetpack_memberships_contains_paid_content":false,"footnotes":"","jetpack_publicize_message":"","jetpack_publicize_feature_enabled":true,"jetpack_social_post_already_shared":true,"jetpack_social_options":{"image_generator_settings":{"template":"highway","default_image_id":0,"font":"","enabled":false},"version":2}},"categories":[8,1,4],"tags":[],"class_list":["post-28543","post","type-post","status-publish","format-standard","has-post-thumbnail","hentry","category-cultura","category-noticias","category-local"],"acf":[],"jetpack_publicize_connections":[],"jetpack_featured_media_url":"https:\/\/i0.wp.com\/blogdoeloiltoncajuhy.com.br\/site\/wp-content\/uploads\/2018\/10\/paulinho-espadeiros.jpg?fit=500%2C500&ssl=1","jetpack_sharing_enabled":true,"publishpress_future_workflow_manual_trigger":{"enabledWorkflows":[]},"_links":{"self":[{"href":"https:\/\/blogdoeloiltoncajuhy.com.br\/site\/wp-json\/wp\/v2\/posts\/28543","targetHints":{"allow":["GET"]}}],"collection":[{"href":"https:\/\/blogdoeloiltoncajuhy.com.br\/site\/wp-json\/wp\/v2\/posts"}],"about":[{"href":"https:\/\/blogdoeloiltoncajuhy.com.br\/site\/wp-json\/wp\/v2\/types\/post"}],"author":[{"embeddable":true,"href":"https:\/\/blogdoeloiltoncajuhy.com.br\/site\/wp-json\/wp\/v2\/users\/2"}],"replies":[{"embeddable":true,"href":"https:\/\/blogdoeloiltoncajuhy.com.br\/site\/wp-json\/wp\/v2\/comments?post=28543"}],"version-history":[{"count":1,"href":"https:\/\/blogdoeloiltoncajuhy.com.br\/site\/wp-json\/wp\/v2\/posts\/28543\/revisions"}],"predecessor-version":[{"id":28545,"href":"https:\/\/blogdoeloiltoncajuhy.com.br\/site\/wp-json\/wp\/v2\/posts\/28543\/revisions\/28545"}],"wp:featuredmedia":[{"embeddable":true,"href":"https:\/\/blogdoeloiltoncajuhy.com.br\/site\/wp-json\/wp\/v2\/media\/28544"}],"wp:attachment":[{"href":"https:\/\/blogdoeloiltoncajuhy.com.br\/site\/wp-json\/wp\/v2\/media?parent=28543"}],"wp:term":[{"taxonomy":"category","embeddable":true,"href":"https:\/\/blogdoeloiltoncajuhy.com.br\/site\/wp-json\/wp\/v2\/categories?post=28543"},{"taxonomy":"post_tag","embeddable":true,"href":"https:\/\/blogdoeloiltoncajuhy.com.br\/site\/wp-json\/wp\/v2\/tags?post=28543"}],"curies":[{"name":"wp","href":"https:\/\/api.w.org\/{rel}","templated":true}]}}