{"id":28537,"date":"2018-10-16T22:30:22","date_gmt":"2018-10-17T01:30:22","guid":{"rendered":"http:\/\/blogdoeloiltoncajuhy.com.br\/site\/?p=28537"},"modified":"2018-10-16T22:30:22","modified_gmt":"2018-10-17T01:30:22","slug":"comece-a-quarta-feira-meditando-55","status":"publish","type":"post","link":"https:\/\/blogdoeloiltoncajuhy.com.br\/site\/comece-a-quarta-feira-meditando-55\/","title":{"rendered":"Comece a quarta-feira meditando"},"content":{"rendered":"<h5 style=\"text-align: center;\"><span style=\"color: #0000ff;\"><strong>Evangelho &#8211; Lc 11,42-46 &#8211;\u00a0A\u00ed de v\u00f3s, fariseus;\u00a0ai de v\u00f3s tamb\u00e9m, mestres da Lei<\/strong><\/span><\/h5>\n<p><a href=\"https:\/\/i0.wp.com\/blogdoeloiltoncajuhy.com.br\/site\/wp-content\/uploads\/2016\/09\/liturgia_set_16-2.jpg\"><img data-recalc-dims=\"1\" fetchpriority=\"high\" decoding=\"async\" class=\"aligncenter wp-image-12279\" src=\"https:\/\/i0.wp.com\/blogdoeloiltoncajuhy.com.br\/site\/wp-content\/uploads\/2016\/09\/liturgia_set_16-2.jpg?resize=460%2C259\" alt=\"\" width=\"460\" height=\"259\" srcset=\"https:\/\/i0.wp.com\/blogdoeloiltoncajuhy.com.br\/site\/wp-content\/uploads\/2016\/09\/liturgia_set_16-2.jpg?w=320&amp;ssl=1 320w, https:\/\/i0.wp.com\/blogdoeloiltoncajuhy.com.br\/site\/wp-content\/uploads\/2016\/09\/liturgia_set_16-2.jpg?resize=300%2C169&amp;ssl=1 300w, https:\/\/i0.wp.com\/blogdoeloiltoncajuhy.com.br\/site\/wp-content\/uploads\/2016\/09\/liturgia_set_16-2.jpg?resize=250%2C141&amp;ssl=1 250w\" sizes=\"(max-width: 460px) 100vw, 460px\" \/><\/a>Naquele tempo, disse o Senhor: A\u00ed de v\u00f3s, fariseus, porque pagais o d\u00edzimo da hortel\u00e3, da arruda e de todas as outras ervas, mas deixais de lado a justi\u00e7a e o amor de Deus. V\u00f3s dever\u00edeis praticar isso, sem deixar de lado aquilo. A\u00ed de v\u00f3s, fariseus, porque gostais do lugar de honra nas sinagogas, e de serdes cumprimentados nas pra\u00e7as p\u00fablicas. A\u00ed de v\u00f3s, porque sois como t\u00famulos que n\u00e3o se v\u00eaem, sobre os quais os homens andam sem saber&#8217;.\u00a0Um mestre da Lei tomou a palavra e disse: &#8216;Mestre, falando assim, insultas-nos tamb\u00e9m a n\u00f3s!&#8217; Jesus respondeu: &#8216;Ai de v\u00f3s tamb\u00e9m, mestres da Lei, porque colocais sobre os homens cargas insuport\u00e1veis, e v\u00f3s mesmos n\u00e3o tocais nessas cargas, nem com um s\u00f3 dedo.<\/p>\n<p><em><strong>Palavra da Salva\u00e7\u00e3o!<\/strong><\/em><\/p>\n<p><strong>*<a href=\"http:\/\/liturgiadiaria.cnbb.org.br\/app\/user\/user\/UserView.php?ano=2018&amp;mes=10&amp;dia=17\">CNBB<\/a><\/strong><\/p>\n","protected":false},"excerpt":{"rendered":"<p>Evangelho &#8211; Lc 11,42-46 &#8211;\u00a0A\u00ed de v\u00f3s, fariseus;\u00a0ai de v\u00f3s tamb\u00e9m, mestres da Lei Naquele tempo, disse o Senhor: A\u00ed de v\u00f3s, fariseus, porque pagais o d\u00edzimo da hortel\u00e3, da arruda e de todas as outras ervas, mas deixais de lado a justi\u00e7a e o amor de Deus. V\u00f3s dever\u00edeis praticar isso, sem deixar de [&hellip;]<\/p>\n","protected":false},"author":2,"featured_media":0,"comment_status":"open","ping_status":"open","sticky":false,"template":"","format":"standard","meta":{"_acf_changed":false,"_monsterinsights_skip_tracking":false,"_monsterinsights_sitenote_active":false,"_monsterinsights_sitenote_note":"","_monsterinsights_sitenote_category":0,"_jetpack_memberships_contains_paid_content":false,"footnotes":"","jetpack_publicize_message":"","jetpack_publicize_feature_enabled":true,"jetpack_social_post_already_shared":true,"jetpack_social_options":{"image_generator_settings":{"template":"highway","default_image_id":0,"font":"","enabled":false},"version":2}},"categories":[1,9],"tags":[],"class_list":["post-28537","post","type-post","status-publish","format-standard","hentry","category-noticias","category-reflexao"],"acf":[],"jetpack_publicize_connections":[],"jetpack_featured_media_url":"","jetpack_sharing_enabled":true,"publishpress_future_workflow_manual_trigger":{"enabledWorkflows":[]},"_links":{"self":[{"href":"https:\/\/blogdoeloiltoncajuhy.com.br\/site\/wp-json\/wp\/v2\/posts\/28537","targetHints":{"allow":["GET"]}}],"collection":[{"href":"https:\/\/blogdoeloiltoncajuhy.com.br\/site\/wp-json\/wp\/v2\/posts"}],"about":[{"href":"https:\/\/blogdoeloiltoncajuhy.com.br\/site\/wp-json\/wp\/v2\/types\/post"}],"author":[{"embeddable":true,"href":"https:\/\/blogdoeloiltoncajuhy.com.br\/site\/wp-json\/wp\/v2\/users\/2"}],"replies":[{"embeddable":true,"href":"https:\/\/blogdoeloiltoncajuhy.com.br\/site\/wp-json\/wp\/v2\/comments?post=28537"}],"version-history":[{"count":1,"href":"https:\/\/blogdoeloiltoncajuhy.com.br\/site\/wp-json\/wp\/v2\/posts\/28537\/revisions"}],"predecessor-version":[{"id":28538,"href":"https:\/\/blogdoeloiltoncajuhy.com.br\/site\/wp-json\/wp\/v2\/posts\/28537\/revisions\/28538"}],"wp:attachment":[{"href":"https:\/\/blogdoeloiltoncajuhy.com.br\/site\/wp-json\/wp\/v2\/media?parent=28537"}],"wp:term":[{"taxonomy":"category","embeddable":true,"href":"https:\/\/blogdoeloiltoncajuhy.com.br\/site\/wp-json\/wp\/v2\/categories?post=28537"},{"taxonomy":"post_tag","embeddable":true,"href":"https:\/\/blogdoeloiltoncajuhy.com.br\/site\/wp-json\/wp\/v2\/tags?post=28537"}],"curies":[{"name":"wp","href":"https:\/\/api.w.org\/{rel}","templated":true}]}}