{"id":28529,"date":"2018-10-16T19:55:39","date_gmt":"2018-10-16T22:55:39","guid":{"rendered":"http:\/\/blogdoeloiltoncajuhy.com.br\/site\/?p=28529"},"modified":"2018-10-17T11:20:08","modified_gmt":"2018-10-17T14:20:08","slug":"morte-do-empresario-paulinho-cerqueira-em-acidente-deixa-bonfim-de-luto","status":"publish","type":"post","link":"https:\/\/blogdoeloiltoncajuhy.com.br\/site\/morte-do-empresario-paulinho-cerqueira-em-acidente-deixa-bonfim-de-luto\/","title":{"rendered":"Morte do empres\u00e1rio Paulinho Cerqueira, em acidente, deixa Bonfim de luto"},"content":{"rendered":"<h5 style=\"text-align: center;\"><em><strong>Not\u00edcia atualizada \u00e0s 11h20 desta quarta-feira, 17<\/strong><\/em><\/h5>\n<p><a href=\"https:\/\/i0.wp.com\/blogdoeloiltoncajuhy.com.br\/site\/wp-content\/uploads\/2018\/10\/paulinho-cerqueira.jpg\"><img data-recalc-dims=\"1\" fetchpriority=\"high\" decoding=\"async\" class=\"aligncenter wp-image-28530\" src=\"https:\/\/i0.wp.com\/blogdoeloiltoncajuhy.com.br\/site\/wp-content\/uploads\/2018\/10\/paulinho-cerqueira.jpg?resize=400%2C362\" alt=\"\" width=\"400\" height=\"362\" srcset=\"https:\/\/i0.wp.com\/blogdoeloiltoncajuhy.com.br\/site\/wp-content\/uploads\/2018\/10\/paulinho-cerqueira.jpg?w=600&amp;ssl=1 600w, https:\/\/i0.wp.com\/blogdoeloiltoncajuhy.com.br\/site\/wp-content\/uploads\/2018\/10\/paulinho-cerqueira.jpg?resize=300%2C272&amp;ssl=1 300w, https:\/\/i0.wp.com\/blogdoeloiltoncajuhy.com.br\/site\/wp-content\/uploads\/2018\/10\/paulinho-cerqueira.jpg?resize=250%2C226&amp;ssl=1 250w\" sizes=\"(max-width: 400px) 100vw, 400px\" \/><\/a>A not\u00edcia da morte do empres\u00e1rio bonfinense <strong>Paulinho Cerqueira<\/strong>, no in\u00edcio da noite desta ter\u00e7a-feira (16), foi recebida com muita tristeza pela popula\u00e7\u00e3o bonfinense. Segundo informa\u00e7\u00f5es, ele retornava de Salvador com destino a Senhor do Bonfim, quando seu carro uma L200, de placa NZO &#8211; 7447, teria se envolvido em um acidente com um \u00f4nibus da empresa S\u00e3o Luiz, na Rodovia Lomanto Jr., BR 407, trecho entre a localidade de Itatiaia e Capim Grosso, fato ocorrido por volta das 16h40.<\/p>\n<p>Ainda de acordo com informa\u00e7\u00f5es apuradas pela nossa reportagem, ele viajava em companhia da namorada, que sofreu ferimentos leves e foi atendida, em estado de choque, na UPA de Capim Grosso. A fam\u00edlia confirmou para a nossa reportagem a morte do empres\u00e1rio, mas n\u00e3o teve condi\u00e7\u00f5es de passar maiores detalhes.<\/p>\n<p>Paulo de Almeida Cerqueira, tinha 51 anos, era propriet\u00e1rio da Terplan, empresa que vem realizando v\u00e1rias obras no munic\u00edpio, inclusive o Mercado Popular da Pra\u00e7a Augusto Sena Gomes, e atualmente tamb\u00e9m ocupava o cargo de Presidente do Campo Clube Senhor do Bonfim. Nas redes sociais, h\u00e1 uma grande repercuss\u00e3o de sua morte.<\/p>\n<p>A fam\u00edlia est\u00e1 solicitando das pessoas que n\u00e3o divulguem imagens do ve\u00edculo de Paulinho, que ficou totalmente destru\u00eddo com o acidente. Em respeito ao pedido dos familiares, nosso blog n\u00e3o ir\u00e1 postar fotos do acidente.<\/p>\n<p>O corpo de Paulinho Cerqueira est\u00e1 sendo velado no Campo Clube e o sepultamento ser\u00e1 realizado logo mais \u00e0s 16h, no Cemit\u00e9rio Jardim da Saudade, Alto do Cigano, em Senhor do Bonfim.<\/p>\n<p><strong>*BLOG DO ELOILTON CAJUHY<\/strong><\/p>\n","protected":false},"excerpt":{"rendered":"<p>Not\u00edcia atualizada \u00e0s 11h20 desta quarta-feira, 17 A not\u00edcia da morte do empres\u00e1rio bonfinense Paulinho Cerqueira, no in\u00edcio da noite desta ter\u00e7a-feira (16), foi recebida com muita tristeza pela popula\u00e7\u00e3o bonfinense. Segundo informa\u00e7\u00f5es, ele retornava de Salvador com destino a Senhor do Bonfim, quando seu carro uma L200, de placa NZO &#8211; 7447, teria se [&hellip;]<\/p>\n","protected":false},"author":2,"featured_media":28530,"comment_status":"open","ping_status":"open","sticky":false,"template":"","format":"standard","meta":{"_acf_changed":false,"_monsterinsights_skip_tracking":false,"_monsterinsights_sitenote_active":false,"_monsterinsights_sitenote_note":"","_monsterinsights_sitenote_category":0,"_jetpack_memberships_contains_paid_content":false,"footnotes":"","jetpack_publicize_message":"","jetpack_publicize_feature_enabled":true,"jetpack_social_post_already_shared":true,"jetpack_social_options":{"image_generator_settings":{"template":"highway","default_image_id":0,"font":"","enabled":false},"version":2}},"categories":[5,1,4],"tags":[],"class_list":["post-28529","post","type-post","status-publish","format-standard","has-post-thumbnail","hentry","category-cotidiano","category-noticias","category-local"],"acf":[],"jetpack_publicize_connections":[],"jetpack_featured_media_url":"https:\/\/i0.wp.com\/blogdoeloiltoncajuhy.com.br\/site\/wp-content\/uploads\/2018\/10\/paulinho-cerqueira.jpg?fit=600%2C543&ssl=1","jetpack_sharing_enabled":true,"publishpress_future_workflow_manual_trigger":{"enabledWorkflows":[]},"_links":{"self":[{"href":"https:\/\/blogdoeloiltoncajuhy.com.br\/site\/wp-json\/wp\/v2\/posts\/28529","targetHints":{"allow":["GET"]}}],"collection":[{"href":"https:\/\/blogdoeloiltoncajuhy.com.br\/site\/wp-json\/wp\/v2\/posts"}],"about":[{"href":"https:\/\/blogdoeloiltoncajuhy.com.br\/site\/wp-json\/wp\/v2\/types\/post"}],"author":[{"embeddable":true,"href":"https:\/\/blogdoeloiltoncajuhy.com.br\/site\/wp-json\/wp\/v2\/users\/2"}],"replies":[{"embeddable":true,"href":"https:\/\/blogdoeloiltoncajuhy.com.br\/site\/wp-json\/wp\/v2\/comments?post=28529"}],"version-history":[{"count":5,"href":"https:\/\/blogdoeloiltoncajuhy.com.br\/site\/wp-json\/wp\/v2\/posts\/28529\/revisions"}],"predecessor-version":[{"id":28542,"href":"https:\/\/blogdoeloiltoncajuhy.com.br\/site\/wp-json\/wp\/v2\/posts\/28529\/revisions\/28542"}],"wp:featuredmedia":[{"embeddable":true,"href":"https:\/\/blogdoeloiltoncajuhy.com.br\/site\/wp-json\/wp\/v2\/media\/28530"}],"wp:attachment":[{"href":"https:\/\/blogdoeloiltoncajuhy.com.br\/site\/wp-json\/wp\/v2\/media?parent=28529"}],"wp:term":[{"taxonomy":"category","embeddable":true,"href":"https:\/\/blogdoeloiltoncajuhy.com.br\/site\/wp-json\/wp\/v2\/categories?post=28529"},{"taxonomy":"post_tag","embeddable":true,"href":"https:\/\/blogdoeloiltoncajuhy.com.br\/site\/wp-json\/wp\/v2\/tags?post=28529"}],"curies":[{"name":"wp","href":"https:\/\/api.w.org\/{rel}","templated":true}]}}