{"id":28508,"date":"2018-10-15T18:45:21","date_gmt":"2018-10-15T21:45:21","guid":{"rendered":"http:\/\/blogdoeloiltoncajuhy.com.br\/site\/?p=28508"},"modified":"2018-10-15T18:45:21","modified_gmt":"2018-10-15T21:45:21","slug":"dia-das-criancas-e-realizado-com-sucesso-pela-secretaria-de-assistencia-social-de-senhor-bonfim","status":"publish","type":"post","link":"https:\/\/blogdoeloiltoncajuhy.com.br\/site\/dia-das-criancas-e-realizado-com-sucesso-pela-secretaria-de-assistencia-social-de-senhor-bonfim\/","title":{"rendered":"Dia das Crian\u00e7as \u00e9 realizado com sucesso pela secret\u00e1ria de Assist\u00eancia Social de Senhor Bonfim"},"content":{"rendered":"<p><a href=\"https:\/\/i0.wp.com\/blogdoeloiltoncajuhy.com.br\/site\/wp-content\/uploads\/2018\/10\/dia-crian%C3%A7a-2018.jpg\"><img data-recalc-dims=\"1\" fetchpriority=\"high\" decoding=\"async\" class=\"alignnone size-full wp-image-28509\" src=\"https:\/\/i0.wp.com\/blogdoeloiltoncajuhy.com.br\/site\/wp-content\/uploads\/2018\/10\/dia-crian%C3%A7a-2018.jpg?resize=800%2C533\" alt=\"\" width=\"800\" height=\"533\" srcset=\"https:\/\/i0.wp.com\/blogdoeloiltoncajuhy.com.br\/site\/wp-content\/uploads\/2018\/10\/dia-crian%C3%A7a-2018.jpg?w=960&amp;ssl=1 960w, https:\/\/i0.wp.com\/blogdoeloiltoncajuhy.com.br\/site\/wp-content\/uploads\/2018\/10\/dia-crian%C3%A7a-2018.jpg?resize=300%2C200&amp;ssl=1 300w, https:\/\/i0.wp.com\/blogdoeloiltoncajuhy.com.br\/site\/wp-content\/uploads\/2018\/10\/dia-crian%C3%A7a-2018.jpg?resize=768%2C512&amp;ssl=1 768w, https:\/\/i0.wp.com\/blogdoeloiltoncajuhy.com.br\/site\/wp-content\/uploads\/2018\/10\/dia-crian%C3%A7a-2018.jpg?resize=250%2C167&amp;ssl=1 250w\" sizes=\"(max-width: 800px) 100vw, 800px\" \/><\/a>Secretaria Municipal de Assist\u00eancia Social realiza com muito sucesso a comemora\u00e7\u00e3o alusiva ao Dia das Crian\u00e7as. A a\u00e7\u00e3o aconteceu na \u00faltima sexta-feira, dia 12, na Pra\u00e7a Nova do Congresso.<\/p>\n<p>O p\u00fablico jovem e infantil lotou a pra\u00e7a para se divertir nos stands educativos e brincar nos diversos brinquedos infl\u00e1veis. A Trupe do Benas e a Banda Levada Kids tamb\u00e9m animaram a garotada.<\/p>\n<p>\u201c<em>S\u00e3o momentos como este que fortalecem o v\u00ednculo social entre as fam\u00edlias e, principalmente, junto \u00e0s crian\u00e7as<\/em>&#8220;, enfatizou durante o evento, o vice-prefeito Jos\u00e9 Ant\u00f4nio.<\/p>\n<p>Os pais tamb\u00e9m aproveitaram para curtir ao lado dos filhos que ficaram encantados com a festa. \u201c<em>Foi um momento muito espacial para todos n\u00f3s. Ele se divertiu muito<\/em>\u201d, disse o pai do pequeno Jo\u00e3o (de quatro anos), Michel Almeida.<\/p>\n<p>Todos os momentos foram registrados pela assessoria de comunica\u00e7\u00e3o da prefeitura e est\u00e3o dispon\u00edveis na Fanpage da Prefeitura de Senhor do Bonfim no Facebook e Instagram. Pipoca e doces tamb\u00e9m formam distribu\u00eddos gratuitamente para a crian\u00e7ada.<\/p>\n<p>\u201c<em>Estamos muito felizes em proporcionar este momento para as nossas crian\u00e7as. Sem d\u00favida, uma festa linda!<\/em>\u201d, salientou emocionada, Vera Magalh\u00e3es, secret\u00e1ria de Assist\u00eancia Social.<\/p>\n<p><em><strong>*ASCOM &#8211; Prefeitura Municipal de Senhor do Bonfim &#8211; BA<br \/>\n<\/strong>Telefones: 74 3541-8366 \/ 99110-9117<\/em><br \/>\n<em>Endere\u00e7o: Pra\u00e7a Juracy Magalh\u00e3es, 126<\/em><br \/>\n<em>E-MAIL: ascom@pmsb.ba.gov.br <\/em><br \/>\n<em>SITE OFICIAL: www.pmsb.ba.gov.br<\/em><br \/>\n<em>FAN PAGE: www.facebook.com\/oficialpmsb<\/em><\/p>\n","protected":false},"excerpt":{"rendered":"<p>Secretaria Municipal de Assist\u00eancia Social realiza com muito sucesso a comemora\u00e7\u00e3o alusiva ao Dia das Crian\u00e7as. A a\u00e7\u00e3o aconteceu na \u00faltima sexta-feira, dia 12, na Pra\u00e7a Nova do Congresso. O p\u00fablico jovem e infantil lotou a pra\u00e7a para se divertir nos stands educativos e brincar nos diversos brinquedos infl\u00e1veis. A Trupe do Benas e a [&hellip;]<\/p>\n","protected":false},"author":2,"featured_media":28509,"comment_status":"open","ping_status":"open","sticky":false,"template":"","format":"standard","meta":{"_acf_changed":false,"_monsterinsights_skip_tracking":false,"_monsterinsights_sitenote_active":false,"_monsterinsights_sitenote_note":"","_monsterinsights_sitenote_category":0,"_jetpack_memberships_contains_paid_content":false,"footnotes":"","jetpack_publicize_message":"","jetpack_publicize_feature_enabled":true,"jetpack_social_post_already_shared":true,"jetpack_social_options":{"image_generator_settings":{"template":"highway","default_image_id":0,"font":"","enabled":false},"version":2}},"categories":[1,4],"tags":[],"class_list":["post-28508","post","type-post","status-publish","format-standard","has-post-thumbnail","hentry","category-noticias","category-local"],"acf":[],"jetpack_publicize_connections":[],"jetpack_featured_media_url":"https:\/\/i0.wp.com\/blogdoeloiltoncajuhy.com.br\/site\/wp-content\/uploads\/2018\/10\/dia-crian%C3%A7a-2018.jpg?fit=960%2C640&ssl=1","jetpack_sharing_enabled":true,"publishpress_future_workflow_manual_trigger":{"enabledWorkflows":[]},"_links":{"self":[{"href":"https:\/\/blogdoeloiltoncajuhy.com.br\/site\/wp-json\/wp\/v2\/posts\/28508","targetHints":{"allow":["GET"]}}],"collection":[{"href":"https:\/\/blogdoeloiltoncajuhy.com.br\/site\/wp-json\/wp\/v2\/posts"}],"about":[{"href":"https:\/\/blogdoeloiltoncajuhy.com.br\/site\/wp-json\/wp\/v2\/types\/post"}],"author":[{"embeddable":true,"href":"https:\/\/blogdoeloiltoncajuhy.com.br\/site\/wp-json\/wp\/v2\/users\/2"}],"replies":[{"embeddable":true,"href":"https:\/\/blogdoeloiltoncajuhy.com.br\/site\/wp-json\/wp\/v2\/comments?post=28508"}],"version-history":[{"count":1,"href":"https:\/\/blogdoeloiltoncajuhy.com.br\/site\/wp-json\/wp\/v2\/posts\/28508\/revisions"}],"predecessor-version":[{"id":28510,"href":"https:\/\/blogdoeloiltoncajuhy.com.br\/site\/wp-json\/wp\/v2\/posts\/28508\/revisions\/28510"}],"wp:featuredmedia":[{"embeddable":true,"href":"https:\/\/blogdoeloiltoncajuhy.com.br\/site\/wp-json\/wp\/v2\/media\/28509"}],"wp:attachment":[{"href":"https:\/\/blogdoeloiltoncajuhy.com.br\/site\/wp-json\/wp\/v2\/media?parent=28508"}],"wp:term":[{"taxonomy":"category","embeddable":true,"href":"https:\/\/blogdoeloiltoncajuhy.com.br\/site\/wp-json\/wp\/v2\/categories?post=28508"},{"taxonomy":"post_tag","embeddable":true,"href":"https:\/\/blogdoeloiltoncajuhy.com.br\/site\/wp-json\/wp\/v2\/tags?post=28508"}],"curies":[{"name":"wp","href":"https:\/\/api.w.org\/{rel}","templated":true}]}}