{"id":28494,"date":"2018-10-15T09:53:23","date_gmt":"2018-10-15T12:53:23","guid":{"rendered":"http:\/\/blogdoeloiltoncajuhy.com.br\/site\/?p=28494"},"modified":"2018-10-15T09:53:23","modified_gmt":"2018-10-15T12:53:23","slug":"quase-150-concursos-tem-inscricoes-abertas-para-mais-de-30-mil-vagas","status":"publish","type":"post","link":"https:\/\/blogdoeloiltoncajuhy.com.br\/site\/quase-150-concursos-tem-inscricoes-abertas-para-mais-de-30-mil-vagas\/","title":{"rendered":"Quase 150 concursos t\u00eam inscri\u00e7\u00f5es abertas para mais de 30 mil vagas"},"content":{"rendered":"<h5 style=\"text-align: center;\"><em>H\u00e1 cargos em disputa para todos os n\u00edveis de escolaridade<\/em><\/h5>\n<div class=\"mc-column content-text active-extra-styles active-capital-letter\" data-block-type=\"unstyled\" data-block-weight=\"26\" data-block-id=\"1\">\n<p class=\"content-text__container theme-color-primary-first-letter\" data-track-category=\"Link no Texto\" data-track-links=\"\"><a href=\"https:\/\/i0.wp.com\/blogdoeloiltoncajuhy.com.br\/site\/wp-content\/uploads\/2018\/09\/concursos_set2018.jpg\"><img data-recalc-dims=\"1\" fetchpriority=\"high\" decoding=\"async\" class=\"aligncenter size-full wp-image-27615\" src=\"https:\/\/i0.wp.com\/blogdoeloiltoncajuhy.com.br\/site\/wp-content\/uploads\/2018\/09\/concursos_set2018.jpg?resize=800%2C533\" alt=\"\" width=\"800\" height=\"533\" srcset=\"https:\/\/i0.wp.com\/blogdoeloiltoncajuhy.com.br\/site\/wp-content\/uploads\/2018\/09\/concursos_set2018.jpg?w=984&amp;ssl=1 984w, https:\/\/i0.wp.com\/blogdoeloiltoncajuhy.com.br\/site\/wp-content\/uploads\/2018\/09\/concursos_set2018.jpg?resize=300%2C200&amp;ssl=1 300w, https:\/\/i0.wp.com\/blogdoeloiltoncajuhy.com.br\/site\/wp-content\/uploads\/2018\/09\/concursos_set2018.jpg?resize=768%2C512&amp;ssl=1 768w, https:\/\/i0.wp.com\/blogdoeloiltoncajuhy.com.br\/site\/wp-content\/uploads\/2018\/09\/concursos_set2018.jpg?resize=250%2C167&amp;ssl=1 250w\" sizes=\"(max-width: 800px) 100vw, 800px\" \/><\/a>Quase 150 concursos p\u00fablicos est\u00e3o com inscri\u00e7\u00f5es abertas nesta segunda-feira (15) e re\u00fanem mais de 30 mil vagas em cargos de todos os n\u00edveis de escolaridade.<\/p>\n<\/div>\n<div class=\"wall\">\n<div class=\"mc-column content-text active-extra-styles \" data-block-type=\"unstyled\" data-block-weight=\"22\" data-block-id=\"2\">\n<p class=\"content-text__container \" data-track-category=\"Link no Texto\" data-track-links=\"\">Nesta segunda, sete \u00f3rg\u00e3os abriram inscri\u00e7\u00f5es para quase 16 mil vagas. Somente na Secretaria de Educa\u00e7\u00e3o do Paran\u00e1 s\u00e3o 15,5 mil vagas.\u00a0<span style=\"font-weight: 300;\">Os sal\u00e1rios chegam a R$ 26.125,15 na Defensoria P\u00fablica do Maranh\u00e3o<\/span><\/p>\n<\/div>\n<div class=\"mc-column content-text active-extra-styles \" data-block-type=\"unstyled\" data-block-weight=\"7\" data-block-id=\"4\">\n<p class=\"content-text__container \" data-track-category=\"Link no Texto\" data-track-links=\"\"><a href=\"http:\/\/especiais.g1.globo.com\/economia\/concursos-e-emprego\/lista-de-concursos-publicos-e-vagas-de-emprego\/\" target=\"_blank\" rel=\"noopener\">CONFIRA AQUI A LISTA COMPLETA DE CONCURSOS<\/a><\/p>\n<div class=\"wall\">\n<div class=\"mc-column content-text active-extra-styles\" data-block-type=\"raw\" data-block-weight=\"6\" data-block-id=\"6\">\n<div class=\"content-intertitle\">\n<h2>Veja abaixo detalhes de cada concurso:<\/h2>\n<\/div>\n<\/div>\n<div class=\"mc-column content-text active-extra-styles\" data-block-type=\"raw\" data-block-weight=\"5\" data-block-id=\"7\">\n<div class=\"content-intertitle\">\n<h2>C\u00e2mara Municipal de Tatu\u00ed (SP)<\/h2>\n<\/div>\n<\/div>\n<div class=\"mc-column content-text active-extra-styles\" data-block-type=\"raw\" data-block-weight=\"20\" data-block-id=\"8\">\n<ul class=\"content-unordered-list\">\n<li>Inscri\u00e7\u00f5es: at\u00e9 13\/11\/2018<\/li>\n<li>7 vagas<\/li>\n<li>Sal\u00e1rios de at\u00e9 R$ 3.180,48<\/li>\n<li>Cargos de n\u00edvel fundamental, m\u00e9dio e superior<\/li>\n<li><a href=\"https:\/\/www.vunesp.com.br\/CTUI1801\" target=\"_blank\" rel=\"noopener\">Veja o edital<\/a><\/li>\n<\/ul>\n<\/div>\n<div class=\"mc-column content-text active-extra-styles\" data-block-type=\"raw\" data-block-weight=\"4\" data-block-id=\"9\">\n<div class=\"content-intertitle\">\n<h2>Defensoria P\u00fablica do Maranh\u00e3o<\/h2>\n<\/div>\n<\/div>\n<div class=\"mc-column content-text active-extra-styles\" data-block-type=\"raw\" data-block-weight=\"17\" data-block-id=\"10\">\n<ul class=\"content-unordered-list\">\n<li>Inscri\u00e7\u00f5es: at\u00e9 05\/11\/2018<\/li>\n<li>8 vagas<\/li>\n<li>Sal\u00e1rios de at\u00e9 R$ 26.125,15<\/li>\n<li>Cargos de n\u00edvel superior<\/li>\n<li><a href=\"http:\/\/www.concursosfcc.com.br\/concursos\/dpema118\/index.html\" target=\"_blank\" rel=\"noopener\">Veja o edital<\/a><\/li>\n<\/ul>\n<\/div>\n<div class=\"mc-column content-text active-extra-styles\" data-block-type=\"raw\" data-block-weight=\"4\" data-block-id=\"11\">\n<div class=\"content-intertitle\">\n<h2>Prefeitura de Guarani (MG)<\/h2>\n<\/div>\n<\/div>\n<div class=\"mc-column content-text active-extra-styles\" data-block-type=\"raw\" data-block-weight=\"20\" data-block-id=\"12\">\n<ul class=\"content-unordered-list\">\n<li>Inscri\u00e7\u00f5es: at\u00e9 15\/11\/2018<\/li>\n<li>57 vagas<\/li>\n<li>Sal\u00e1rios de at\u00e9 R$ 7.478,22<\/li>\n<li>Cargos de n\u00edvel fundamental, m\u00e9dio e superior<\/li>\n<li><a href=\"http:\/\/concursos.fundacaocefetminas.org.br\/\" target=\"_blank\" rel=\"noopener\">Veja o edital<\/a><\/li>\n<\/ul>\n<\/div>\n<div class=\"mc-column content-text active-extra-styles\" data-block-type=\"raw\" data-block-weight=\"10\" data-block-id=\"13\">\n<div class=\"content-intertitle\">\n<h2>Secretaria da Fazenda do Estado do Rio Grande do Sul<\/h2>\n<\/div>\n<\/div>\n<div class=\"mc-column content-text active-extra-styles\" data-block-type=\"raw\" data-block-weight=\"17\" data-block-id=\"14\">\n<ul class=\"content-unordered-list\">\n<li>Inscri\u00e7\u00f5es: at\u00e9 13\/11\/2018<\/li>\n<li>50 vagas<\/li>\n<li>Sal\u00e1rios de at\u00e9 R$ 20.463,50<\/li>\n<li>Cargos de n\u00edvel superior<\/li>\n<li><a href=\"http:\/\/www.cespe.unb.br\/concursos\/SEFAZ_RS_18_AUDITOR\/\" target=\"_blank\" rel=\"noopener\">Veja o edital<\/a><\/li>\n<\/ul>\n<\/div>\n<div class=\"mc-column content-text active-extra-styles\" data-block-type=\"raw\" data-block-weight=\"6\" data-block-id=\"15\">\n<div class=\"content-intertitle\">\n<h2>Tribunal de Justi\u00e7a de S\u00e3o Paulo<\/h2>\n<\/div>\n<\/div>\n<div class=\"mc-column content-text active-extra-styles\" data-block-type=\"raw\" data-block-weight=\"17\" data-block-id=\"16\">\n<ul class=\"content-unordered-list\">\n<li>Inscri\u00e7\u00f5es: at\u00e9 13\/11\/2018<\/li>\n<li>34 vagas<\/li>\n<li>Sal\u00e1rios de at\u00e9 R$ 8.723,57<\/li>\n<li>Cargos de n\u00edvel superior<\/li>\n<li><a href=\"https:\/\/g1.globo.com\/economia\/concursos-e-emprego\/noticia\/2018\/10\/09\/tj-sp-abre-concursos-publicos-para-34-vagas-de-nivel-superior.ghtml\">Veja o edital<\/a><\/li>\n<\/ul>\n<\/div>\n<div class=\"mc-column content-text active-extra-styles\" data-block-type=\"raw\" data-block-weight=\"4\" data-block-id=\"17\">\n<div class=\"content-intertitle\">\n<h2>Prefeitura de S\u00e3o Paulo<\/h2>\n<\/div>\n<\/div>\n<div class=\"mc-column content-text active-extra-styles\" data-block-type=\"raw\" data-block-weight=\"17\" data-block-id=\"18\">\n<ul class=\"content-unordered-list\">\n<li>Inscri\u00e7\u00f5es: at\u00e9 12\/11\/2018<\/li>\n<li>168 vagas<\/li>\n<li>Sal\u00e1rios de at\u00e9 R$ 7.032,90<\/li>\n<li>Cargos de n\u00edvel superior<\/li>\n<li><a href=\"https:\/\/www.vunesp.com.br\/SMGE1801\" target=\"_blank\" rel=\"noopener\">Veja o edital<\/a><\/li>\n<\/ul>\n<\/div>\n<div class=\"mc-column content-text active-extra-styles\" data-block-type=\"raw\" data-block-weight=\"5\" data-block-id=\"19\">\n<div class=\"content-intertitle\">\n<h2>Secretaria de Educa\u00e7\u00e3o do Paran\u00e1<\/h2>\n<\/div>\n<\/div>\n<\/div>\n<div data-track-category=\"fim do conteudo\" data-track-action=\"ultimo chunk conteudo\" data-track-noninteraction=\"false\" data-track-scroll=\"entrada completa viewport\">\n<div class=\"mc-column content-text active-extra-styles\" data-block-type=\"raw\" data-block-weight=\"21\" data-block-id=\"20\">\n<ul class=\"content-unordered-list\">\n<li>Inscri\u00e7\u00f5es: at\u00e9 25\/10\/2018<\/li>\n<li>15,5 mil vagas<\/li>\n<li>Sal\u00e1rios de at\u00e9 R$ 1.523,83<\/li>\n<li>Cargos de n\u00edvel fundamental, m\u00e9dio e superior<\/li>\n<li><a href=\"http:\/\/arq.e-escola.pr.gov.br\/pss\/desvio_seed\/pss\/Inscricoes_PSS.html\" target=\"_blank\" rel=\"noopener\">Veja o edital<\/a><\/li>\n<\/ul>\n<p><em><strong>*Por G1<\/strong><\/em><\/p>\n<\/div>\n<\/div>\n<\/div>\n<\/div>\n","protected":false},"excerpt":{"rendered":"<p>H\u00e1 cargos em disputa para todos os n\u00edveis de escolaridade Quase 150 concursos p\u00fablicos est\u00e3o com inscri\u00e7\u00f5es abertas nesta segunda-feira (15) e re\u00fanem mais de 30 mil vagas em cargos de todos os n\u00edveis de escolaridade. Nesta segunda, sete \u00f3rg\u00e3os abriram inscri\u00e7\u00f5es para quase 16 mil vagas. Somente na Secretaria de Educa\u00e7\u00e3o do Paran\u00e1 s\u00e3o [&hellip;]<\/p>\n","protected":false},"author":2,"featured_media":0,"comment_status":"open","ping_status":"open","sticky":false,"template":"","format":"standard","meta":{"_acf_changed":false,"_monsterinsights_skip_tracking":false,"_monsterinsights_sitenote_active":false,"_monsterinsights_sitenote_note":"","_monsterinsights_sitenote_category":0,"_jetpack_memberships_contains_paid_content":false,"footnotes":"","jetpack_publicize_message":"","jetpack_publicize_feature_enabled":true,"jetpack_social_post_already_shared":true,"jetpack_social_options":{"image_generator_settings":{"template":"highway","default_image_id":0,"font":"","enabled":false},"version":2}},"categories":[5,1],"tags":[],"class_list":["post-28494","post","type-post","status-publish","format-standard","hentry","category-cotidiano","category-noticias"],"acf":[],"jetpack_publicize_connections":[],"jetpack_featured_media_url":"","jetpack_sharing_enabled":true,"publishpress_future_workflow_manual_trigger":{"enabledWorkflows":[]},"_links":{"self":[{"href":"https:\/\/blogdoeloiltoncajuhy.com.br\/site\/wp-json\/wp\/v2\/posts\/28494","targetHints":{"allow":["GET"]}}],"collection":[{"href":"https:\/\/blogdoeloiltoncajuhy.com.br\/site\/wp-json\/wp\/v2\/posts"}],"about":[{"href":"https:\/\/blogdoeloiltoncajuhy.com.br\/site\/wp-json\/wp\/v2\/types\/post"}],"author":[{"embeddable":true,"href":"https:\/\/blogdoeloiltoncajuhy.com.br\/site\/wp-json\/wp\/v2\/users\/2"}],"replies":[{"embeddable":true,"href":"https:\/\/blogdoeloiltoncajuhy.com.br\/site\/wp-json\/wp\/v2\/comments?post=28494"}],"version-history":[{"count":1,"href":"https:\/\/blogdoeloiltoncajuhy.com.br\/site\/wp-json\/wp\/v2\/posts\/28494\/revisions"}],"predecessor-version":[{"id":28495,"href":"https:\/\/blogdoeloiltoncajuhy.com.br\/site\/wp-json\/wp\/v2\/posts\/28494\/revisions\/28495"}],"wp:attachment":[{"href":"https:\/\/blogdoeloiltoncajuhy.com.br\/site\/wp-json\/wp\/v2\/media?parent=28494"}],"wp:term":[{"taxonomy":"category","embeddable":true,"href":"https:\/\/blogdoeloiltoncajuhy.com.br\/site\/wp-json\/wp\/v2\/categories?post=28494"},{"taxonomy":"post_tag","embeddable":true,"href":"https:\/\/blogdoeloiltoncajuhy.com.br\/site\/wp-json\/wp\/v2\/tags?post=28494"}],"curies":[{"name":"wp","href":"https:\/\/api.w.org\/{rel}","templated":true}]}}