{"id":28487,"date":"2018-10-14T19:56:30","date_gmt":"2018-10-14T22:56:30","guid":{"rendered":"http:\/\/blogdoeloiltoncajuhy.com.br\/site\/?p=28487"},"modified":"2018-10-14T19:56:30","modified_gmt":"2018-10-14T22:56:30","slug":"rapaz-de-20-anos-e-suspeito-de-matar-a-mae-com-30-facadas","status":"publish","type":"post","link":"https:\/\/blogdoeloiltoncajuhy.com.br\/site\/rapaz-de-20-anos-e-suspeito-de-matar-a-mae-com-30-facadas\/","title":{"rendered":"Rapaz de 20 anos \u00e9 suspeito de matar a m\u00e3e com 30 facadas"},"content":{"rendered":"<h5 style=\"text-align: center;\"><em>Vizinhos ligaram para a pol\u00edcia de madrugada quando ouviram gritos. V\u00edtima de It\u00e1polis chegou a ser socorrida, mas n\u00e3o resistiu<\/em><\/h5>\n<figure id=\"attachment_28488\" aria-describedby=\"caption-attachment-28488\" style=\"width: 984px\" class=\"wp-caption aligncenter\"><a href=\"https:\/\/i0.wp.com\/blogdoeloiltoncajuhy.com.br\/site\/wp-content\/uploads\/2018\/10\/luzia-leonardo.jpg\"><img data-recalc-dims=\"1\" fetchpriority=\"high\" decoding=\"async\" class=\"wp-image-28488 size-full\" src=\"https:\/\/i0.wp.com\/blogdoeloiltoncajuhy.com.br\/site\/wp-content\/uploads\/2018\/10\/luzia-leonardo.jpg?resize=800%2C541\" alt=\"\" width=\"800\" height=\"541\" srcset=\"https:\/\/i0.wp.com\/blogdoeloiltoncajuhy.com.br\/site\/wp-content\/uploads\/2018\/10\/luzia-leonardo.jpg?w=984&amp;ssl=1 984w, https:\/\/i0.wp.com\/blogdoeloiltoncajuhy.com.br\/site\/wp-content\/uploads\/2018\/10\/luzia-leonardo.jpg?resize=300%2C203&amp;ssl=1 300w, https:\/\/i0.wp.com\/blogdoeloiltoncajuhy.com.br\/site\/wp-content\/uploads\/2018\/10\/luzia-leonardo.jpg?resize=768%2C519&amp;ssl=1 768w, https:\/\/i0.wp.com\/blogdoeloiltoncajuhy.com.br\/site\/wp-content\/uploads\/2018\/10\/luzia-leonardo.jpg?resize=250%2C169&amp;ssl=1 250w\" sizes=\"(max-width: 800px) 100vw, 800px\" \/><\/a><figcaption id=\"caption-attachment-28488\" class=\"wp-caption-text\">Rapaz foi preso suspeito de matar a m\u00e3e em It\u00e1polis \u2014 Foto: Reprodu\u00e7\u00e3o\/Facebook<\/figcaption><\/figure>\n<p>Uma mulher de 53 anos foi morta a facadas na madrugada deste domingo (14), em It\u00e1polis (SP).\u00a0De acordo com a Pol\u00edcia Militar, vizinhos da v\u00edtima pediram ajuda quando ouviram a mulher gritando por socorro. Quando chegaram ao local, os policiais arrombaram a porta e encontraram <strong>Luzia Oraveis<\/strong> ca\u00edda no ch\u00e3o, com ferimentos de faca. Foram de 30 a 35 golpes, segundo a PM.<\/p>\n<p>Ela chegou a ser socorrida, mas chegou sem vida no hospital. O filho da v\u00edtima, de 20 anos, foi preso horas depois no im\u00f3vel e \u00e9 considerado suspeito do crime.<\/p>\n<p>Ainda segundo a PM, ele estava escondido no telhado da casa e debaixo da cama do rapaz foram apreendidos 287 pinos de coca\u00edna. <strong>Leonardo Oraveis<\/strong> foi levado \u00e0 delegacia e preso em flagrante.<\/p>\n<p>O corpo foi encaminhado ao Instituto M\u00e9dico Legal (IML) de Jaboticabal e j\u00e1 foi liberado para enterro na manh\u00e3 de segunda-feira em It\u00e1polis. O rapaz est\u00e1 detido na delegacia de Ibitinga e ir\u00e1 passar por audi\u00eancia de cust\u00f3dia.<\/p>\n<p>O motivo do crime ser\u00e1 investigado pela Pol\u00edcia Civil. Conforme a PM, o jovem n\u00e3o tem passagens por crimes.<\/p>\n<p><em><strong>*Por G1 Bauru e Mar\u00edlia-SP<\/strong><\/em><\/p>\n","protected":false},"excerpt":{"rendered":"<p>Vizinhos ligaram para a pol\u00edcia de madrugada quando ouviram gritos. V\u00edtima de It\u00e1polis chegou a ser socorrida, mas n\u00e3o resistiu Uma mulher de 53 anos foi morta a facadas na madrugada deste domingo (14), em It\u00e1polis (SP).\u00a0De acordo com a Pol\u00edcia Militar, vizinhos da v\u00edtima pediram ajuda quando ouviram a mulher gritando por socorro. Quando [&hellip;]<\/p>\n","protected":false},"author":2,"featured_media":28488,"comment_status":"open","ping_status":"open","sticky":false,"template":"","format":"standard","meta":{"_acf_changed":false,"_monsterinsights_skip_tracking":false,"_monsterinsights_sitenote_active":false,"_monsterinsights_sitenote_note":"","_monsterinsights_sitenote_category":0,"_jetpack_memberships_contains_paid_content":false,"footnotes":"","jetpack_publicize_message":"","jetpack_publicize_feature_enabled":true,"jetpack_social_post_already_shared":true,"jetpack_social_options":{"image_generator_settings":{"template":"highway","default_image_id":0,"font":"","enabled":false},"version":2}},"categories":[5,1],"tags":[],"class_list":["post-28487","post","type-post","status-publish","format-standard","has-post-thumbnail","hentry","category-cotidiano","category-noticias"],"acf":[],"jetpack_publicize_connections":[],"jetpack_featured_media_url":"https:\/\/i0.wp.com\/blogdoeloiltoncajuhy.com.br\/site\/wp-content\/uploads\/2018\/10\/luzia-leonardo.jpg?fit=984%2C665&ssl=1","jetpack_sharing_enabled":true,"publishpress_future_workflow_manual_trigger":{"enabledWorkflows":[]},"_links":{"self":[{"href":"https:\/\/blogdoeloiltoncajuhy.com.br\/site\/wp-json\/wp\/v2\/posts\/28487","targetHints":{"allow":["GET"]}}],"collection":[{"href":"https:\/\/blogdoeloiltoncajuhy.com.br\/site\/wp-json\/wp\/v2\/posts"}],"about":[{"href":"https:\/\/blogdoeloiltoncajuhy.com.br\/site\/wp-json\/wp\/v2\/types\/post"}],"author":[{"embeddable":true,"href":"https:\/\/blogdoeloiltoncajuhy.com.br\/site\/wp-json\/wp\/v2\/users\/2"}],"replies":[{"embeddable":true,"href":"https:\/\/blogdoeloiltoncajuhy.com.br\/site\/wp-json\/wp\/v2\/comments?post=28487"}],"version-history":[{"count":1,"href":"https:\/\/blogdoeloiltoncajuhy.com.br\/site\/wp-json\/wp\/v2\/posts\/28487\/revisions"}],"predecessor-version":[{"id":28489,"href":"https:\/\/blogdoeloiltoncajuhy.com.br\/site\/wp-json\/wp\/v2\/posts\/28487\/revisions\/28489"}],"wp:featuredmedia":[{"embeddable":true,"href":"https:\/\/blogdoeloiltoncajuhy.com.br\/site\/wp-json\/wp\/v2\/media\/28488"}],"wp:attachment":[{"href":"https:\/\/blogdoeloiltoncajuhy.com.br\/site\/wp-json\/wp\/v2\/media?parent=28487"}],"wp:term":[{"taxonomy":"category","embeddable":true,"href":"https:\/\/blogdoeloiltoncajuhy.com.br\/site\/wp-json\/wp\/v2\/categories?post=28487"},{"taxonomy":"post_tag","embeddable":true,"href":"https:\/\/blogdoeloiltoncajuhy.com.br\/site\/wp-json\/wp\/v2\/tags?post=28487"}],"curies":[{"name":"wp","href":"https:\/\/api.w.org\/{rel}","templated":true}]}}